{"id":101,"date":"2015-11-04T21:19:58","date_gmt":"2015-11-04T23:19:58","guid":{"rendered":"http:\/\/www.rafazimbaldi.com\/?p=101"},"modified":"2015-11-04T21:19:58","modified_gmt":"2015-11-04T23:19:58","slug":"camara-realiza-audiencia-publica-para-tratar-da-loa-2016","status":"publish","type":"post","link":"https:\/\/rafazimbaldi.com.br\/novo\/camara-realiza-audiencia-publica-para-tratar-da-loa-2016\/","title":{"rendered":"C\u00e2mara realiza audi\u00eancia p\u00fablica para tratar da LOA 2016"},"content":{"rendered":"<p>Nesta quinta (5) , \u00e0s 9h30, C\u00e2mara recebe popula\u00e7\u00e3o para Audi\u00eancia P\u00fablica sobre Lei Or\u00e7ament\u00e1ria do Munic\u00edpio para 2016. Cidad\u00e3o, venha participar !<br \/>\nA C\u00e2mara Municipal de Campinas promove, a partir das 9h30 desta quinta ( 5 de novembro), Audi\u00eancia P\u00fablica sobre a Lei Or\u00e7ament\u00e1ria Anual (LOA) de Campinas para 2016. \u201cA participa\u00e7\u00e3o do cidad\u00e3o em toda audi\u00eancia p\u00fablica \u00e9 importante, mas nesta, em espec\u00edfico, estaremos tratando dos R$ 5 bilh\u00f5es que a cidade ir\u00e1 gastar no ano que vem, de onde vir\u00e3o estes valores e em que \u00e1reas ser\u00e3o investidos. \u00c9 algo que afeta de maneira direta a vida  de todo mun\u00edcipe e por isso \u00e9 fundamental que as pessoas venham at\u00e9 a Casa debater este tema\u201d, ressalta Rafa Zimbaldi (PP), presidente da C\u00e2mara Municipal.<br \/>\nA participa\u00e7\u00e3o dos cidad\u00e3os \u00e9 importante n\u00e3o s\u00f3 para entender o que planeja o Executivo e questionar, como tamb\u00e9m porque muitas vezes os vereadores presentes avaliam o debate e a partir dele podem propor emendas espec\u00edficas que atender\u00e3o a demandas expostas pela popula\u00e7\u00e3o durante a audi\u00eancia. \u201cPor esta raz\u00e3o, desde que a data foi confirmada, em 15 de outubro, a C\u00e2mara tem anunciado amplamente a realiza\u00e7\u00e3o da audi\u00eancia: na TV C\u00e2mara, na r\u00e1dio Educativa, site e redes sociais, com as faixas na frente da Casa e cartazes em centenas de \u00f4nibus da cidade. Queremos ter uma participa\u00e7\u00e3o significativa e esperamos que os mun\u00edcipes compare\u00e7am em peso no Plen\u00e1rio\u201d, diz Rafa Zimbaldi.<br \/>\nPara participar, basta vir ao plen\u00e1rio da C\u00e2mara, com entrada pela Avenida Roberto Mange, 66, bairro Ponte Preta. A audi\u00eancia p\u00fablica tamb\u00e9m ser\u00e1 transmitida ao vivo pela TV C\u00e2mara Campinas (em sinal aberto por UHF 61,3 e no canal 4 da NET). Vale lembrar que o projeto da LOA foi entregue em m\u00e3os pelo prefeito aos vereadores no \u00faltimo dia 30 de setembro .  O or\u00e7amento previsto  &#8211;  de R$ 5 bilh\u00f5es &#8211; \u00e9 11,4% maior que o do ano passado e, segundo o Executivo, privilegia as \u00e1reas sociais &#8211;  Sa\u00fade e Educa\u00e7\u00e3o somam mais de R$ 2 bilh\u00f5es ( R$ 1,2 bilh\u00e3o e R$ 917,1 milh\u00f5es, respectivamente, compondo quase 55% do or\u00e7amento). Na sequ\u00eancia est\u00e1 Servi\u00e7os P\u00fablicos, que receber\u00e1 R$ 450,9 milh\u00f5es; Infraestrutura, com R$ 233 milh\u00f5es e Assist\u00eancia Social, R$ 177 milh\u00f5es.<br \/>\nAlgumas secretarias tiveram aumento de or\u00e7amento, caso das pastas de Infraestrutura e a de Urbanismo, ao passo que em outras houve redu\u00e7\u00e3o, como a de Comunica\u00e7\u00e3o (10%) e o Gabinete (4%).<\/p>\n","protected":false},"excerpt":{"rendered":"<p>Nesta quinta (5) , \u00e0s 9h30, C\u00e2mara recebe popula\u00e7\u00e3o para Audi\u00eancia P\u00fablica sobre Lei Or\u00e7ament\u00e1ria do Munic\u00edpio para 2016. Cidad\u00e3o, venha participar ! A C\u00e2mara Municipal de Campinas promove, a partir das 9h30 desta quinta ( 5 de novembro), Audi\u00eancia P\u00fablica sobre a Lei Or\u00e7ament\u00e1ria Anual (LOA) de Campinas para 2016. \u201cA participa\u00e7\u00e3o do cidad\u00e3o [&hellip;]<\/p>\n","protected":false},"author":2,"featured_media":106,"comment_status":"open","ping_status":"open","sticky":false,"template":"","format":"standard","meta":{"_monsterinsights_skip_tracking":false,"_monsterinsights_sitenote_active":false,"_monsterinsights_sitenote_note":"","_monsterinsights_sitenote_category":0},"categories":[1,3],"tags":[],"yoast_head":"<!-- This site is optimized with the Yoast SEO plugin v16.5 - https:\/\/yoast.com\/wordpress\/plugins\/seo\/ -->\n<title>C\u00e2mara realiza audi\u00eancia p\u00fablica para tratar da LOA 2016 - Rafa Zimbaldi<\/title>\n<meta name=\"robots\" content=\"index, follow, max-snippet:-1, max-image-preview:large, max-video-preview:-1\" \/>\n<link rel=\"canonical\" href=\"https:\/\/rafazimbaldi.com.br\/novo\/camara-realiza-audiencia-publica-para-tratar-da-loa-2016\/\" \/>\n<meta property=\"og:locale\" content=\"pt_BR\" \/>\n<meta property=\"og:type\" content=\"article\" \/>\n<meta property=\"og:title\" content=\"C\u00e2mara realiza audi\u00eancia p\u00fablica para tratar da LOA 2016 - Rafa Zimbaldi\" \/>\n<meta property=\"og:description\" content=\"Nesta quinta (5) , \u00e0s 9h30, C\u00e2mara recebe popula\u00e7\u00e3o para Audi\u00eancia P\u00fablica sobre Lei Or\u00e7ament\u00e1ria do Munic\u00edpio para 2016. Cidad\u00e3o, venha participar ! A C\u00e2mara Municipal de Campinas promove, a partir das 9h30 desta quinta ( 5 de novembro), Audi\u00eancia P\u00fablica sobre a Lei Or\u00e7ament\u00e1ria Anual (LOA) de Campinas para 2016. \u201cA participa\u00e7\u00e3o do cidad\u00e3o [&hellip;]\" \/>\n<meta property=\"og:url\" content=\"https:\/\/rafazimbaldi.com.br\/novo\/camara-realiza-audiencia-publica-para-tratar-da-loa-2016\/\" \/>\n<meta property=\"og:site_name\" content=\"Rafa Zimbaldi\" \/>\n<meta property=\"article:published_time\" content=\"2015-11-04T23:19:58+00:00\" \/>\n<meta property=\"og:image\" content=\"https:\/\/rafazimbaldi.com.br\/novo\/wp-content\/uploads\/2015\/11\/ead5c451bbd6222ca038553a49802608.jpg\" \/>\n\t<meta property=\"og:image:width\" content=\"555\" \/>\n\t<meta property=\"og:image:height\" content=\"400\" \/>\n<meta name=\"twitter:card\" content=\"summary_large_image\" \/>\n<meta name=\"twitter:label1\" content=\"Est. tempo de leitura\" \/>\n\t<meta name=\"twitter:data1\" content=\"2 minutos\" \/>\n<script type=\"application\/ld+json\" class=\"yoast-schema-graph\">{\"@context\":\"https:\/\/schema.org\",\"@graph\":[{\"@type\":\"WebSite\",\"@id\":\"https:\/\/rafazimbaldi.com.br\/novo\/#website\",\"url\":\"https:\/\/rafazimbaldi.com.br\/novo\/\",\"name\":\"Rafa Zimbaldi\",\"description\":\"Deputado Estadual \",\"potentialAction\":[{\"@type\":\"SearchAction\",\"target\":\"https:\/\/rafazimbaldi.com.br\/novo\/?s={search_term_string}\",\"query-input\":\"required name=search_term_string\"}],\"inLanguage\":\"pt-BR\"},{\"@type\":\"ImageObject\",\"@id\":\"https:\/\/rafazimbaldi.com.br\/novo\/camara-realiza-audiencia-publica-para-tratar-da-loa-2016\/#primaryimage\",\"inLanguage\":\"pt-BR\",\"url\":\"https:\/\/rafazimbaldi.com.br\/novo\/wp-content\/uploads\/2015\/11\/ead5c451bbd6222ca038553a49802608.jpg\",\"contentUrl\":\"https:\/\/rafazimbaldi.com.br\/novo\/wp-content\/uploads\/2015\/11\/ead5c451bbd6222ca038553a49802608.jpg\",\"width\":555,\"height\":400,\"caption\":\"A participa\\u00e7\\u00e3o do cidad\\u00e3o em toda audi\\u00eancia p\\u00fablica \\u00e9 importante, mas nesta, em espec\\u00edfico, estaremos tratando dos R$ 5 bilh\\u00f5es que a cidade ir\\u00e1 gastar no ano que vem, de onde vir\\u00e3o estes valores e em que \\u00e1reas ser\\u00e3o investidos.\"},{\"@type\":\"WebPage\",\"@id\":\"https:\/\/rafazimbaldi.com.br\/novo\/camara-realiza-audiencia-publica-para-tratar-da-loa-2016\/#webpage\",\"url\":\"https:\/\/rafazimbaldi.com.br\/novo\/camara-realiza-audiencia-publica-para-tratar-da-loa-2016\/\",\"name\":\"C\\u00e2mara realiza audi\\u00eancia p\\u00fablica para tratar da LOA 2016 - Rafa Zimbaldi\",\"isPartOf\":{\"@id\":\"https:\/\/rafazimbaldi.com.br\/novo\/#website\"},\"primaryImageOfPage\":{\"@id\":\"https:\/\/rafazimbaldi.com.br\/novo\/camara-realiza-audiencia-publica-para-tratar-da-loa-2016\/#primaryimage\"},\"datePublished\":\"2015-11-04T23:19:58+00:00\",\"dateModified\":\"2015-11-04T23:19:58+00:00\",\"author\":{\"@id\":\"https:\/\/rafazimbaldi.com.br\/novo\/#\/schema\/person\/4e56a44c106beb5b266f5ad8f6cb4fdc\"},\"breadcrumb\":{\"@id\":\"https:\/\/rafazimbaldi.com.br\/novo\/camara-realiza-audiencia-publica-para-tratar-da-loa-2016\/#breadcrumb\"},\"inLanguage\":\"pt-BR\",\"potentialAction\":[{\"@type\":\"ReadAction\",\"target\":[\"https:\/\/rafazimbaldi.com.br\/novo\/camara-realiza-audiencia-publica-para-tratar-da-loa-2016\/\"]}]},{\"@type\":\"BreadcrumbList\",\"@id\":\"https:\/\/rafazimbaldi.com.br\/novo\/camara-realiza-audiencia-publica-para-tratar-da-loa-2016\/#breadcrumb\",\"itemListElement\":[{\"@type\":\"ListItem\",\"position\":1,\"name\":\"In\\u00edcio\",\"item\":\"https:\/\/rafazimbaldi.com.br\/novo\/\"},{\"@type\":\"ListItem\",\"position\":2,\"name\":\"C\\u00e2mara realiza audi\\u00eancia p\\u00fablica para tratar da LOA 2016\"}]},{\"@type\":\"Person\",\"@id\":\"https:\/\/rafazimbaldi.com.br\/novo\/#\/schema\/person\/4e56a44c106beb5b266f5ad8f6cb4fdc\",\"name\":\"Equipe Rafa Zimbaldi\",\"image\":{\"@type\":\"ImageObject\",\"@id\":\"https:\/\/rafazimbaldi.com.br\/novo\/#personlogo\",\"inLanguage\":\"pt-BR\",\"url\":\"https:\/\/secure.gravatar.com\/avatar\/2801ef563aa18df3a7cdfd19794cfeea?s=96&d=blank&r=g\",\"contentUrl\":\"https:\/\/secure.gravatar.com\/avatar\/2801ef563aa18df3a7cdfd19794cfeea?s=96&d=blank&r=g\",\"caption\":\"Equipe Rafa Zimbaldi\"},\"sameAs\":[\"http:\/\/rafazimbaldi.com.br\/novo\"],\"url\":\"https:\/\/rafazimbaldi.com.br\/novo\/author\/equiperz2018\/\"}]}<\/script>\n<!-- \/ Yoast SEO plugin. -->","_links":{"self":[{"href":"https:\/\/rafazimbaldi.com.br\/novo\/wp-json\/wp\/v2\/posts\/101"}],"collection":[{"href":"https:\/\/rafazimbaldi.com.br\/novo\/wp-json\/wp\/v2\/posts"}],"about":[{"href":"https:\/\/rafazimbaldi.com.br\/novo\/wp-json\/wp\/v2\/types\/post"}],"author":[{"embeddable":true,"href":"https:\/\/rafazimbaldi.com.br\/novo\/wp-json\/wp\/v2\/users\/2"}],"replies":[{"embeddable":true,"href":"https:\/\/rafazimbaldi.com.br\/novo\/wp-json\/wp\/v2\/comments?post=101"}],"version-history":[{"count":0,"href":"https:\/\/rafazimbaldi.com.br\/novo\/wp-json\/wp\/v2\/posts\/101\/revisions"}],"wp:featuredmedia":[{"embeddable":true,"href":"https:\/\/rafazimbaldi.com.br\/novo\/wp-json\/wp\/v2\/media\/106"}],"wp:attachment":[{"href":"https:\/\/rafazimbaldi.com.br\/novo\/wp-json\/wp\/v2\/media?parent=101"}],"wp:term":[{"taxonomy":"category","embeddable":true,"href":"https:\/\/rafazimbaldi.com.br\/novo\/wp-json\/wp\/v2\/categories?post=101"},{"taxonomy":"post_tag","embeddable":true,"href":"https:\/\/rafazimbaldi.com.br\/novo\/wp-json\/wp\/v2\/tags?post=101"}],"curies":[{"name":"wp","href":"https:\/\/api.w.org\/{rel}","templated":true}]}}