{"id":107,"date":"2015-11-04T21:24:43","date_gmt":"2015-11-04T23:24:43","guid":{"rendered":"http:\/\/www.rafazimbaldi.com\/?p=107"},"modified":"2015-11-04T21:24:43","modified_gmt":"2015-11-04T23:24:43","slug":"rafa-zimbaldi-apoia-novembro-azul","status":"publish","type":"post","link":"https:\/\/rafazimbaldi.com.br\/novo\/rafa-zimbaldi-apoia-novembro-azul\/","title":{"rendered":"Rafa Zimbaldi apoia &#8220;Novembro Azul&#8221;"},"content":{"rendered":"<p>Come\u00e7ou o m\u00eas de novembro e com ele o Novembro Azul, campanha que alerta contra o c\u00e2ncer de pr\u00f3stata. Esta doen\u00e7a \u00e9 a segunda maior causa de morte por c\u00e2ncer entre homens, ficando atr\u00e1s apenas do c\u00e2ncer de pulm\u00e3o. \u00c9 por isso que \u00e9 importante concientizar sobre a doen\u00e7a e convencer as pessoas a se cuidarem. Eu defendo essa causa. Em Novembro, somos todos azuis.<br \/>\nSaiba mais acessando o site oficial do Instituto &#8220;lado a lado pela vida&#8221; http:\/\/www.novembroazul.com.br\/<br \/>\n#NovembroAzul #Preven\u00e7\u00e3o<\/p>\n","protected":false},"excerpt":{"rendered":"<p>Come\u00e7ou o m\u00eas de novembro e com ele o Novembro Azul, campanha que alerta contra o c\u00e2ncer de pr\u00f3stata. Esta doen\u00e7a \u00e9 a segunda maior causa de morte por c\u00e2ncer entre homens, ficando atr\u00e1s apenas do c\u00e2ncer de pulm\u00e3o. \u00c9 por isso que \u00e9 importante concientizar sobre a doen\u00e7a e convencer as pessoas a se [&hellip;]<\/p>\n","protected":false},"author":2,"featured_media":108,"comment_status":"open","ping_status":"open","sticky":false,"template":"","format":"standard","meta":{"_monsterinsights_skip_tracking":false,"_monsterinsights_sitenote_active":false,"_monsterinsights_sitenote_note":"","_monsterinsights_sitenote_category":0},"categories":[1],"tags":[],"yoast_head":"<!-- This site is optimized with the Yoast SEO plugin v16.5 - https:\/\/yoast.com\/wordpress\/plugins\/seo\/ -->\n<title>Rafa Zimbaldi apoia &quot;Novembro Azul&quot; - Rafa Zimbaldi<\/title>\n<meta name=\"robots\" content=\"index, follow, max-snippet:-1, max-image-preview:large, max-video-preview:-1\" \/>\n<link rel=\"canonical\" href=\"https:\/\/rafazimbaldi.com.br\/novo\/rafa-zimbaldi-apoia-novembro-azul\/\" \/>\n<meta property=\"og:locale\" content=\"pt_BR\" \/>\n<meta property=\"og:type\" content=\"article\" \/>\n<meta property=\"og:title\" content=\"Rafa Zimbaldi apoia &quot;Novembro Azul&quot; - Rafa Zimbaldi\" \/>\n<meta property=\"og:description\" content=\"Come\u00e7ou o m\u00eas de novembro e com ele o Novembro Azul, campanha que alerta contra o c\u00e2ncer de pr\u00f3stata. Esta doen\u00e7a \u00e9 a segunda maior causa de morte por c\u00e2ncer entre homens, ficando atr\u00e1s apenas do c\u00e2ncer de pulm\u00e3o. \u00c9 por isso que \u00e9 importante concientizar sobre a doen\u00e7a e convencer as pessoas a se [&hellip;]\" \/>\n<meta property=\"og:url\" content=\"https:\/\/rafazimbaldi.com.br\/novo\/rafa-zimbaldi-apoia-novembro-azul\/\" \/>\n<meta property=\"og:site_name\" content=\"Rafa Zimbaldi\" \/>\n<meta property=\"article:published_time\" content=\"2015-11-04T23:24:43+00:00\" \/>\n<meta property=\"og:image\" content=\"https:\/\/rafazimbaldi.com.br\/novo\/wp-content\/uploads\/2015\/11\/11209569_434968500030742_2307635713163314607_n.jpg\" \/>\n\t<meta property=\"og:image:width\" content=\"960\" \/>\n\t<meta property=\"og:image:height\" content=\"960\" \/>\n<meta name=\"twitter:card\" content=\"summary_large_image\" \/>\n<script type=\"application\/ld+json\" class=\"yoast-schema-graph\">{\"@context\":\"https:\/\/schema.org\",\"@graph\":[{\"@type\":\"WebSite\",\"@id\":\"https:\/\/rafazimbaldi.com.br\/novo\/#website\",\"url\":\"https:\/\/rafazimbaldi.com.br\/novo\/\",\"name\":\"Rafa Zimbaldi\",\"description\":\"Deputado Estadual \",\"potentialAction\":[{\"@type\":\"SearchAction\",\"target\":\"https:\/\/rafazimbaldi.com.br\/novo\/?s={search_term_string}\",\"query-input\":\"required name=search_term_string\"}],\"inLanguage\":\"pt-BR\"},{\"@type\":\"ImageObject\",\"@id\":\"https:\/\/rafazimbaldi.com.br\/novo\/rafa-zimbaldi-apoia-novembro-azul\/#primaryimage\",\"inLanguage\":\"pt-BR\",\"url\":\"https:\/\/rafazimbaldi.com.br\/novo\/wp-content\/uploads\/2015\/11\/11209569_434968500030742_2307635713163314607_n.jpg\",\"contentUrl\":\"https:\/\/rafazimbaldi.com.br\/novo\/wp-content\/uploads\/2015\/11\/11209569_434968500030742_2307635713163314607_n.jpg\",\"width\":960,\"height\":960},{\"@type\":\"WebPage\",\"@id\":\"https:\/\/rafazimbaldi.com.br\/novo\/rafa-zimbaldi-apoia-novembro-azul\/#webpage\",\"url\":\"https:\/\/rafazimbaldi.com.br\/novo\/rafa-zimbaldi-apoia-novembro-azul\/\",\"name\":\"Rafa Zimbaldi apoia \\\"Novembro Azul\\\" - Rafa Zimbaldi\",\"isPartOf\":{\"@id\":\"https:\/\/rafazimbaldi.com.br\/novo\/#website\"},\"primaryImageOfPage\":{\"@id\":\"https:\/\/rafazimbaldi.com.br\/novo\/rafa-zimbaldi-apoia-novembro-azul\/#primaryimage\"},\"datePublished\":\"2015-11-04T23:24:43+00:00\",\"dateModified\":\"2015-11-04T23:24:43+00:00\",\"author\":{\"@id\":\"https:\/\/rafazimbaldi.com.br\/novo\/#\/schema\/person\/4e56a44c106beb5b266f5ad8f6cb4fdc\"},\"breadcrumb\":{\"@id\":\"https:\/\/rafazimbaldi.com.br\/novo\/rafa-zimbaldi-apoia-novembro-azul\/#breadcrumb\"},\"inLanguage\":\"pt-BR\",\"potentialAction\":[{\"@type\":\"ReadAction\",\"target\":[\"https:\/\/rafazimbaldi.com.br\/novo\/rafa-zimbaldi-apoia-novembro-azul\/\"]}]},{\"@type\":\"BreadcrumbList\",\"@id\":\"https:\/\/rafazimbaldi.com.br\/novo\/rafa-zimbaldi-apoia-novembro-azul\/#breadcrumb\",\"itemListElement\":[{\"@type\":\"ListItem\",\"position\":1,\"name\":\"In\\u00edcio\",\"item\":\"https:\/\/rafazimbaldi.com.br\/novo\/\"},{\"@type\":\"ListItem\",\"position\":2,\"name\":\"Rafa Zimbaldi apoia &#8220;Novembro Azul&#8221;\"}]},{\"@type\":\"Person\",\"@id\":\"https:\/\/rafazimbaldi.com.br\/novo\/#\/schema\/person\/4e56a44c106beb5b266f5ad8f6cb4fdc\",\"name\":\"Equipe Rafa Zimbaldi\",\"image\":{\"@type\":\"ImageObject\",\"@id\":\"https:\/\/rafazimbaldi.com.br\/novo\/#personlogo\",\"inLanguage\":\"pt-BR\",\"url\":\"https:\/\/secure.gravatar.com\/avatar\/2801ef563aa18df3a7cdfd19794cfeea?s=96&d=blank&r=g\",\"contentUrl\":\"https:\/\/secure.gravatar.com\/avatar\/2801ef563aa18df3a7cdfd19794cfeea?s=96&d=blank&r=g\",\"caption\":\"Equipe Rafa Zimbaldi\"},\"sameAs\":[\"http:\/\/rafazimbaldi.com.br\/novo\"],\"url\":\"https:\/\/rafazimbaldi.com.br\/novo\/author\/equiperz2018\/\"}]}<\/script>\n<!-- \/ Yoast SEO plugin. -->","_links":{"self":[{"href":"https:\/\/rafazimbaldi.com.br\/novo\/wp-json\/wp\/v2\/posts\/107"}],"collection":[{"href":"https:\/\/rafazimbaldi.com.br\/novo\/wp-json\/wp\/v2\/posts"}],"about":[{"href":"https:\/\/rafazimbaldi.com.br\/novo\/wp-json\/wp\/v2\/types\/post"}],"author":[{"embeddable":true,"href":"https:\/\/rafazimbaldi.com.br\/novo\/wp-json\/wp\/v2\/users\/2"}],"replies":[{"embeddable":true,"href":"https:\/\/rafazimbaldi.com.br\/novo\/wp-json\/wp\/v2\/comments?post=107"}],"version-history":[{"count":0,"href":"https:\/\/rafazimbaldi.com.br\/novo\/wp-json\/wp\/v2\/posts\/107\/revisions"}],"wp:featuredmedia":[{"embeddable":true,"href":"https:\/\/rafazimbaldi.com.br\/novo\/wp-json\/wp\/v2\/media\/108"}],"wp:attachment":[{"href":"https:\/\/rafazimbaldi.com.br\/novo\/wp-json\/wp\/v2\/media?parent=107"}],"wp:term":[{"taxonomy":"category","embeddable":true,"href":"https:\/\/rafazimbaldi.com.br\/novo\/wp-json\/wp\/v2\/categories?post=107"},{"taxonomy":"post_tag","embeddable":true,"href":"https:\/\/rafazimbaldi.com.br\/novo\/wp-json\/wp\/v2\/tags?post=107"}],"curies":[{"name":"wp","href":"https:\/\/api.w.org\/{rel}","templated":true}]}}