{"id":1106,"date":"2019-03-15T10:10:39","date_gmt":"2019-03-15T13:10:39","guid":{"rendered":"http:\/\/rafazimbaldi.com\/?p=1106"},"modified":"2019-03-15T10:11:19","modified_gmt":"2019-03-15T13:11:19","slug":"possealesp","status":"publish","type":"post","link":"https:\/\/rafazimbaldi.com.br\/novo\/possealesp\/","title":{"rendered":"Eleito com mais de 80 mil votos, Rafa Zimbaldi toma posse como deputado estadual nesta sexta (15) com foco em trabalhar por Campinas e regi\u00e3o"},"content":{"rendered":"<p>Eleito deputado estadual no ano passado com 80.789 votos, o campineiro Rafa Zimbaldi (PSB) toma posse na Assembleia Estadual de S\u00e3o Paulo (Alesp)\u00a0 \u00e0s 15 horas desta sexta-feira, dia 15 de mar\u00e7o. Candidato de Campinas mais votado na pr\u00f3pria cidade, quatro vezes vereador e duas presidente da C\u00e2mara Municipal, al\u00e9m de tamb\u00e9m ter ocupado a presid\u00eancia do Parlamento Metropolitano da RMC, Rafa pretende atuar fortemente pela regi\u00e3o e discorre sobre algumas das bandeiras que pretende defender.<\/p>\n<p>\u201cComo oriundo de Campinas, conhe\u00e7o e sei das demandas de nossa regi\u00e3o, raz\u00e3o pela qual pretendo trabalhar fortemente pela RMC, lutando para aprovar emendas que tragam mais verbas em especial para a \u00e1rea da Sa\u00fade e da Educa\u00e7\u00e3o\u201d, diz o novo deputado, que antecipa ainda alguns projetos mais espec\u00edficos que defendeu na campanha e que far\u00e3o parte da agenda pol\u00edtica dele na Alesp.<\/p>\n<p>\u201cUma das nossas propostas, que farei o m\u00e1ximo poss\u00edvel para implementar, \u00e9 a do Samu Animal em todo estado. O servi\u00e7o, que surgiu de maneira pioneira em Campinas, conta com uma ambul\u00e2ncia equipada para o transporte de bichos feridos por atropelamento, maus-tratos ou os que est\u00e3o gravemente debilitados por doen\u00e7as. Segundo a veterin\u00e1ria Nayra Ribeiro de Novaes, praticamente 95% dos animais abandonados e atropelados s\u00e3o salvos pela a\u00e7\u00e3o do Samu Animal, n\u00fameros que conformam minha cren\u00e7a de que essa \u00e9 uma iniciativa que precisa ser ampliada para outras cidades\u201d, diz.<\/p>\n<p>Ele acrescenta que a ideia \u00e9 que o servi\u00e7o passe a existir em diversos munic\u00edpios. \u201cSabemos que \u00e9 imposs\u00edvel ter Samu Animal em todas as cidades do estado, at\u00e9 porque algumas cidades s\u00e3o menores e talvez n\u00e3o tenham esta necessidade, mas nosso plano \u00e9 que, nestes casos, ele exista em munic\u00edpios centralizados de uma mesma regi\u00e3o e, sediado ali, possa atender os munic\u00edpios mais pr\u00f3ximos\u201d, explica, acrescentando: \u00a0\u00c9 importante deixar claro que essa demanda n\u00e3o significa em hip\u00f3tese alguma que as outras devem ser deixadas de lado. A \u00e1rea da Sa\u00fade humana \u00e9 uma das que mais necessita de aten\u00e7\u00e3o e tamb\u00e9m precisamos trabalhar por ela com afinco.\u201d<\/p>\n<p>Ouro Verde e Campo Grande<\/p>\n<p>Autor das leis que criaram os distritos do Campo Grande e do Ouro verde em Campinas, beneficiando cerca de 500 mil pessoas que vivem e trabalham nos bairros que comp\u00f5em estes distritos, Rafa Zimbaldi tamb\u00e9m quer, como deputado, transformar em realidade duas demandas destas regi\u00f5es pelas quais j\u00e1 vinha lutando como vereador: a cria\u00e7\u00e3o de al\u00e7as de acesso que liguem a Rodovia dos Bandeirantes aos distritos e a cria\u00e7\u00e3o de cart\u00f3rios locais.<\/p>\n<p>\u201cHav\u00edamos conseguido inclusive um compromisso do governador M\u00e1rcio Fran\u00e7a de que as obras para as al\u00e7as se iniciariam em dezembro do ano passado, mas com a transi\u00e7\u00e3o entre governos isso n\u00e3o ocorreu. Vamos ent\u00e3o levar esse projeto t\u00e3o necess\u00e1rio ao atual governador, Jo\u00e3o D\u00f3ria, e demonstrar o quanto essas al\u00e7as s\u00e3o fundamentais para toda aquela popula\u00e7\u00e3o, pois ir\u00e3o desafogar o tr\u00e2nsito, criar novas rotas reduzindo o tempo absurdo que as pessoas passam nas vias atuais\u201d, pontua.<\/p>\n<p>Quanto aos cart\u00f3rios, Rafa explica que eles s\u00e3o um servi\u00e7o necess\u00e1rio \u00e0 popula\u00e7\u00e3o. \u201cOs Distritos ficam muito distantes do Centro e toda esta popula\u00e7\u00e3o precisa atravessar a cidade quando precisa de um cart\u00f3rio. Os distritos j\u00e1 fizeram com que diversos servi\u00e7os municipais, como subprefeitura, Sanasa, bombeiros, Samu descentralizado e outros, fossem para aquela regi\u00e3o. Cart\u00f3rios, por\u00e9m, dependem da esfera estadual e como deputado, ainda mais com o apoio de outros parlamentares,\u00a0 acredito ter mais for\u00e7a para que eles possam ser levados ao Ouro Verde e Campo Grande. Vamos tamb\u00e9m lutar para unidades do Poupa-Tempo nos distritos\u201d, afirma.<\/p>\n<p><strong>Rafa Zimbaldi<\/strong><\/p>\n<p>Nascido em julho de 1981, em Campinas, o vereador\u00a0Rafa Zimbaldi\u00a0foi vereador por quatro mandatos seguidos \u2013 foi eleito pela primeira vez para a C\u00e2mara para a legislatura 2005-2008, com apenas 23 anos, tornando-se um dos vereadores mais jovens da cidade. J\u00e1 na \u00faltima elei\u00e7\u00e3o, em 2016, foi o mais votado da cidade, com 11.640 votos.<\/p>\n<p>Rafa foi duas vezes\u00a0 presidente da C\u00e2mara Municipal de Campinas, cargo no qual se destacou pela compet\u00eancia e austeridade: renegociando contratos e com uma gest\u00e3o eficiente, Rafa conseguiu fazer com que o Legislativo economizasse um total de R$ 66,7 milh\u00f5es em quatro anos, valores que foram integralmente doados para a prefeitura.<\/p>\n<p>Como vereador, al\u00e9m das leis que criaram os distritos do Ouro verde e Campo Grande, Rafa Zimbaldi se destacou por ter presidido as Comiss\u00f5es Processantes que cassaram, em virtude de um esquema de corrup\u00e7\u00e3o que desviou milh\u00f5es de reais dos cofres municipais, o prefeito H\u00e9lio de Oliveira Santos e, na sequ\u00eancia, o vice-prefeito Dem\u00e9trio Vilagra quando este assumiu a vac\u00e2ncia.<\/p>\n<p>Empres\u00e1rio, Rafa Zimbaldi \u00e9 t\u00e9cnico em mecatr\u00f4nica e tem curso superior incompleto \u2013 fez tr\u00eas anos de direito na Universidade Paulista (Unip) e um ano de An\u00e1lise de Sistemas, mas n\u00e3o conseguiu conciliar trabalho e estudos. \u201cN\u00e3o desisti, ainda, por\u00e9m, de completar o curso superior. Quem sabe no futuro eu consiga retomar os estudos\u201d, diz.<\/p>\n","protected":false},"excerpt":{"rendered":"<p>Eleito deputado estadual no ano passado com 80.789 votos, o campineiro Rafa Zimbaldi (PSB) toma posse na Assembleia Estadual de S\u00e3o Paulo (Alesp)\u00a0 \u00e0s 15 horas desta sexta-feira, dia 15 de mar\u00e7o. Candidato de Campinas mais votado na pr\u00f3pria cidade, quatro vezes vereador e duas presidente da C\u00e2mara Municipal, al\u00e9m de tamb\u00e9m ter ocupado a [&hellip;]<\/p>\n","protected":false},"author":1,"featured_media":1107,"comment_status":"open","ping_status":"open","sticky":false,"template":"","format":"standard","meta":{"_monsterinsights_skip_tracking":false,"_monsterinsights_sitenote_active":false,"_monsterinsights_sitenote_note":"","_monsterinsights_sitenote_category":0},"categories":[286,1,277,55],"tags":[287,288,285,133,15],"yoast_head":"<!-- This site is optimized with the Yoast SEO plugin v16.5 - https:\/\/yoast.com\/wordpress\/plugins\/seo\/ -->\n<title>Eleito com mais de 80 mil votos, Rafa Zimbaldi toma posse como deputado estadual nesta sexta (15) com foco em trabalhar por Campinas e regi\u00e3o - Rafa Zimbaldi<\/title>\n<meta name=\"robots\" content=\"index, follow, max-snippet:-1, max-image-preview:large, max-video-preview:-1\" \/>\n<link rel=\"canonical\" href=\"https:\/\/rafazimbaldi.com.br\/novo\/possealesp\/\" \/>\n<meta property=\"og:locale\" content=\"pt_BR\" \/>\n<meta property=\"og:type\" content=\"article\" \/>\n<meta property=\"og:title\" content=\"Eleito com mais de 80 mil votos, Rafa Zimbaldi toma posse como deputado estadual nesta sexta (15) com foco em trabalhar por Campinas e regi\u00e3o - Rafa Zimbaldi\" \/>\n<meta property=\"og:description\" content=\"Eleito deputado estadual no ano passado com 80.789 votos, o campineiro Rafa Zimbaldi (PSB) toma posse na Assembleia Estadual de S\u00e3o Paulo (Alesp)\u00a0 \u00e0s 15 horas desta sexta-feira, dia 15 de mar\u00e7o. Candidato de Campinas mais votado na pr\u00f3pria cidade, quatro vezes vereador e duas presidente da C\u00e2mara Municipal, al\u00e9m de tamb\u00e9m ter ocupado a [&hellip;]\" \/>\n<meta property=\"og:url\" content=\"https:\/\/rafazimbaldi.com.br\/novo\/possealesp\/\" \/>\n<meta property=\"og:site_name\" content=\"Rafa Zimbaldi\" \/>\n<meta property=\"article:published_time\" content=\"2019-03-15T13:10:39+00:00\" \/>\n<meta property=\"article:modified_time\" content=\"2019-03-15T13:11:19+00:00\" \/>\n<meta property=\"og:image\" content=\"https:\/\/rafazimbaldi.com.br\/novo\/wp-content\/uploads\/2019\/03\/20190315_rafaalesp_RZ.jpg\" \/>\n\t<meta property=\"og:image:width\" content=\"800\" \/>\n\t<meta property=\"og:image:height\" content=\"502\" \/>\n<meta name=\"twitter:card\" content=\"summary_large_image\" \/>\n<meta name=\"twitter:label1\" content=\"Est. tempo de leitura\" \/>\n\t<meta name=\"twitter:data1\" content=\"4 minutos\" \/>\n<script type=\"application\/ld+json\" class=\"yoast-schema-graph\">{\"@context\":\"https:\/\/schema.org\",\"@graph\":[{\"@type\":\"WebSite\",\"@id\":\"https:\/\/rafazimbaldi.com.br\/novo\/#website\",\"url\":\"https:\/\/rafazimbaldi.com.br\/novo\/\",\"name\":\"Rafa Zimbaldi\",\"description\":\"Deputado Estadual \",\"potentialAction\":[{\"@type\":\"SearchAction\",\"target\":\"https:\/\/rafazimbaldi.com.br\/novo\/?s={search_term_string}\",\"query-input\":\"required name=search_term_string\"}],\"inLanguage\":\"pt-BR\"},{\"@type\":\"ImageObject\",\"@id\":\"https:\/\/rafazimbaldi.com.br\/novo\/possealesp\/#primaryimage\",\"inLanguage\":\"pt-BR\",\"url\":\"https:\/\/rafazimbaldi.com.br\/novo\/wp-content\/uploads\/2019\/03\/20190315_rafaalesp_RZ.jpg\",\"contentUrl\":\"https:\/\/rafazimbaldi.com.br\/novo\/wp-content\/uploads\/2019\/03\/20190315_rafaalesp_RZ.jpg\",\"width\":800,\"height\":502},{\"@type\":\"WebPage\",\"@id\":\"https:\/\/rafazimbaldi.com.br\/novo\/possealesp\/#webpage\",\"url\":\"https:\/\/rafazimbaldi.com.br\/novo\/possealesp\/\",\"name\":\"Eleito com mais de 80 mil votos, Rafa Zimbaldi toma posse como deputado estadual nesta sexta (15) com foco em trabalhar por Campinas e regi\\u00e3o - Rafa Zimbaldi\",\"isPartOf\":{\"@id\":\"https:\/\/rafazimbaldi.com.br\/novo\/#website\"},\"primaryImageOfPage\":{\"@id\":\"https:\/\/rafazimbaldi.com.br\/novo\/possealesp\/#primaryimage\"},\"datePublished\":\"2019-03-15T13:10:39+00:00\",\"dateModified\":\"2019-03-15T13:11:19+00:00\",\"author\":{\"@id\":\"https:\/\/rafazimbaldi.com.br\/novo\/#\/schema\/person\/5adece75df0ccb04affa6560b40d4641\"},\"breadcrumb\":{\"@id\":\"https:\/\/rafazimbaldi.com.br\/novo\/possealesp\/#breadcrumb\"},\"inLanguage\":\"pt-BR\",\"potentialAction\":[{\"@type\":\"ReadAction\",\"target\":[\"https:\/\/rafazimbaldi.com.br\/novo\/possealesp\/\"]}]},{\"@type\":\"BreadcrumbList\",\"@id\":\"https:\/\/rafazimbaldi.com.br\/novo\/possealesp\/#breadcrumb\",\"itemListElement\":[{\"@type\":\"ListItem\",\"position\":1,\"name\":\"In\\u00edcio\",\"item\":\"https:\/\/rafazimbaldi.com.br\/novo\/\"},{\"@type\":\"ListItem\",\"position\":2,\"name\":\"Eleito com mais de 80 mil votos, Rafa Zimbaldi toma posse como deputado estadual nesta sexta (15) com foco em trabalhar por Campinas e regi\\u00e3o\"}]},{\"@type\":\"Person\",\"@id\":\"https:\/\/rafazimbaldi.com.br\/novo\/#\/schema\/person\/5adece75df0ccb04affa6560b40d4641\",\"name\":\"rzadm2k18\",\"image\":{\"@type\":\"ImageObject\",\"@id\":\"https:\/\/rafazimbaldi.com.br\/novo\/#personlogo\",\"inLanguage\":\"pt-BR\",\"url\":\"https:\/\/secure.gravatar.com\/avatar\/cc9fe368bef1ff48bcf5189ead09d02a?s=96&d=blank&r=g\",\"contentUrl\":\"https:\/\/secure.gravatar.com\/avatar\/cc9fe368bef1ff48bcf5189ead09d02a?s=96&d=blank&r=g\",\"caption\":\"rzadm2k18\"},\"url\":\"https:\/\/rafazimbaldi.com.br\/novo\/author\/rzadm2k18\/\"}]}<\/script>\n<!-- \/ Yoast SEO plugin. -->","_links":{"self":[{"href":"https:\/\/rafazimbaldi.com.br\/novo\/wp-json\/wp\/v2\/posts\/1106"}],"collection":[{"href":"https:\/\/rafazimbaldi.com.br\/novo\/wp-json\/wp\/v2\/posts"}],"about":[{"href":"https:\/\/rafazimbaldi.com.br\/novo\/wp-json\/wp\/v2\/types\/post"}],"author":[{"embeddable":true,"href":"https:\/\/rafazimbaldi.com.br\/novo\/wp-json\/wp\/v2\/users\/1"}],"replies":[{"embeddable":true,"href":"https:\/\/rafazimbaldi.com.br\/novo\/wp-json\/wp\/v2\/comments?post=1106"}],"version-history":[{"count":1,"href":"https:\/\/rafazimbaldi.com.br\/novo\/wp-json\/wp\/v2\/posts\/1106\/revisions"}],"predecessor-version":[{"id":1108,"href":"https:\/\/rafazimbaldi.com.br\/novo\/wp-json\/wp\/v2\/posts\/1106\/revisions\/1108"}],"wp:featuredmedia":[{"embeddable":true,"href":"https:\/\/rafazimbaldi.com.br\/novo\/wp-json\/wp\/v2\/media\/1107"}],"wp:attachment":[{"href":"https:\/\/rafazimbaldi.com.br\/novo\/wp-json\/wp\/v2\/media?parent=1106"}],"wp:term":[{"taxonomy":"category","embeddable":true,"href":"https:\/\/rafazimbaldi.com.br\/novo\/wp-json\/wp\/v2\/categories?post=1106"},{"taxonomy":"post_tag","embeddable":true,"href":"https:\/\/rafazimbaldi.com.br\/novo\/wp-json\/wp\/v2\/tags?post=1106"}],"curies":[{"name":"wp","href":"https:\/\/api.w.org\/{rel}","templated":true}]}}