{"id":1308,"date":"2019-07-02T07:26:36","date_gmt":"2019-07-02T10:26:36","guid":{"rendered":"http:\/\/rafazimbaldi.com\/?p=1308"},"modified":"2019-07-02T08:47:23","modified_gmt":"2019-07-02T11:47:23","slug":"deputado-rafa-zimbaldi-entrega-titulo-de-cidadao-campineiro-para-presidente-da-abel","status":"publish","type":"post","link":"https:\/\/rafazimbaldi.com.br\/novo\/deputado-rafa-zimbaldi-entrega-titulo-de-cidadao-campineiro-para-presidente-da-abel\/","title":{"rendered":"Deputado Rafa Zimbaldi entrega T\u00edtulo de Cidad\u00e3o Campineiro para presidente da ABEL"},"content":{"rendered":"\n<p>A C\u00e2mara Municipal de Campinas entrega nesta sexta-feira (28\/06) o T\u00edtulo de Cidad\u00e3o Campineiro para Florian Augusto Coutinho Madruga, presidente da&nbsp;Associa\u00e7\u00e3o Brasileira do Legislativo e Contas (ABEL).&nbsp;<\/p>\n\n\n\n<p>A homenagem \u00e9 de autoria do deputado estadual Rafa Zimbaldi \u2013 que na ocasi\u00e3o da aprova\u00e7\u00e3o do projeto que concedeu o t\u00edtulo era presidente do legislativo campineiro. \u201cSer\u00e1 uma honra voltar \u00e0 C\u00e2mara de Campinas para entregar este t\u00edtulo ao presidente da ABEL que tanto contribui com nossa cidade no desenvolvimento da Escola do Legislativo de Campinas (Elecamp), esta homenagem \u00e9 mais do que merecida, pois reconhece os esfor\u00e7os e dedica\u00e7\u00e3o do Sr. Madruga \u00e0 nossa cidade\u201d, afirma Rafa.&nbsp;<\/p>\n\n\n\n<p>O homenageado esteve na C\u00e2mara de Campinas em diversas ocasi\u00f5es, uma delas na inaugura\u00e7\u00e3o da Elecamp, em 2014 e em abril do ano passado no 1\u00ba Semin\u00e1rio Legislativo da Regi\u00e3o Metropolitana de Campinas (RMC).&nbsp;<\/p>\n\n\n\n<p>Madruga \u00e9 natural de Natal e \u00e9 servidor do Senado h\u00e1 43 anos. Mestre em Educa\u00e7\u00e3o pela Funda\u00e7\u00e3o Get\u00falio Vargas, possui gradua\u00e7\u00e3o em Comunica\u00e7\u00e3o Social pela Universidade de Bras\u00edlia e p\u00f3s gradua\u00e7\u00e3o em Administra\u00e7\u00e3o P\u00fablica pela FGV. J\u00e1 foi premiado no VII Concurso de Disserta\u00e7\u00f5es e Teses sobre Defesa Nacional do Minist\u00e9rio da Defesa com a segunda melhor disserta\u00e7\u00e3o de mestrado sobre o tema.&nbsp;<\/p>\n\n\n\n<p>A solenidade ser\u00e1 realizada no Plen\u00e1rio da C\u00e2mara de Campinas, que fica na Avenida Engenheiro Roberto Mange, 66 \u2013 Ponte Preta. Ela tamb\u00e9m \u00e9 transmitida ao vivo pela TV C\u00e2mara Campinas, no canal 39.3 da TV Digital, no canal 4 da NET, no canal 9 da Vivo Fibra e ainda pelas redes sociais, no Facebook e no YouTube.&nbsp;<\/p>\n","protected":false},"excerpt":{"rendered":"<p>A C\u00e2mara Municipal de Campinas entrega nesta sexta-feira (28\/06) o T\u00edtulo de Cidad\u00e3o Campineiro para Florian Augusto Coutinho Madruga, presidente da&nbsp;Associa\u00e7\u00e3o Brasileira do Legislativo e Contas (ABEL).&nbsp; A homenagem \u00e9 de autoria do deputado estadual Rafa Zimbaldi \u2013 que na ocasi\u00e3o da aprova\u00e7\u00e3o do projeto que concedeu o t\u00edtulo era presidente do legislativo campineiro. \u201cSer\u00e1 [&hellip;]<\/p>\n","protected":false},"author":2,"featured_media":595,"comment_status":"open","ping_status":"open","sticky":false,"template":"","format":"standard","meta":{"_monsterinsights_skip_tracking":false,"_monsterinsights_sitenote_active":false,"_monsterinsights_sitenote_note":"","_monsterinsights_sitenote_category":0},"categories":[10,286,219,1],"tags":[290,15],"yoast_head":"<!-- This site is optimized with the Yoast SEO plugin v16.5 - https:\/\/yoast.com\/wordpress\/plugins\/seo\/ -->\n<title>Deputado Rafa Zimbaldi entrega T\u00edtulo de Cidad\u00e3o Campineiro para presidente da ABEL - Rafa Zimbaldi<\/title>\n<meta name=\"robots\" content=\"index, follow, max-snippet:-1, max-image-preview:large, max-video-preview:-1\" \/>\n<link rel=\"canonical\" href=\"https:\/\/rafazimbaldi.com.br\/novo\/deputado-rafa-zimbaldi-entrega-titulo-de-cidadao-campineiro-para-presidente-da-abel\/\" \/>\n<meta property=\"og:locale\" content=\"pt_BR\" \/>\n<meta property=\"og:type\" content=\"article\" \/>\n<meta property=\"og:title\" content=\"Deputado Rafa Zimbaldi entrega T\u00edtulo de Cidad\u00e3o Campineiro para presidente da ABEL - Rafa Zimbaldi\" \/>\n<meta property=\"og:description\" content=\"A C\u00e2mara Municipal de Campinas entrega nesta sexta-feira (28\/06) o T\u00edtulo de Cidad\u00e3o Campineiro para Florian Augusto Coutinho Madruga, presidente da&nbsp;Associa\u00e7\u00e3o Brasileira do Legislativo e Contas (ABEL).&nbsp; A homenagem \u00e9 de autoria do deputado estadual Rafa Zimbaldi \u2013 que na ocasi\u00e3o da aprova\u00e7\u00e3o do projeto que concedeu o t\u00edtulo era presidente do legislativo campineiro. \u201cSer\u00e1 [&hellip;]\" \/>\n<meta property=\"og:url\" content=\"https:\/\/rafazimbaldi.com.br\/novo\/deputado-rafa-zimbaldi-entrega-titulo-de-cidadao-campineiro-para-presidente-da-abel\/\" \/>\n<meta property=\"og:site_name\" content=\"Rafa Zimbaldi\" \/>\n<meta property=\"article:published_time\" content=\"2019-07-02T10:26:36+00:00\" \/>\n<meta property=\"article:modified_time\" content=\"2019-07-02T11:47:23+00:00\" \/>\n<meta property=\"og:image\" content=\"https:\/\/rafazimbaldi.com.br\/novo\/wp-content\/uploads\/2018\/02\/20180209_leiparamedicos_RZ.jpg\" \/>\n\t<meta property=\"og:image:width\" content=\"800\" \/>\n\t<meta property=\"og:image:height\" content=\"502\" \/>\n<meta name=\"twitter:card\" content=\"summary_large_image\" \/>\n<meta name=\"twitter:label1\" content=\"Est. tempo de leitura\" \/>\n\t<meta name=\"twitter:data1\" content=\"1 minuto\" \/>\n<script type=\"application\/ld+json\" class=\"yoast-schema-graph\">{\"@context\":\"https:\/\/schema.org\",\"@graph\":[{\"@type\":\"WebSite\",\"@id\":\"https:\/\/rafazimbaldi.com.br\/novo\/#website\",\"url\":\"https:\/\/rafazimbaldi.com.br\/novo\/\",\"name\":\"Rafa Zimbaldi\",\"description\":\"Deputado Estadual \",\"potentialAction\":[{\"@type\":\"SearchAction\",\"target\":\"https:\/\/rafazimbaldi.com.br\/novo\/?s={search_term_string}\",\"query-input\":\"required name=search_term_string\"}],\"inLanguage\":\"pt-BR\"},{\"@type\":\"ImageObject\",\"@id\":\"https:\/\/rafazimbaldi.com.br\/novo\/deputado-rafa-zimbaldi-entrega-titulo-de-cidadao-campineiro-para-presidente-da-abel\/#primaryimage\",\"inLanguage\":\"pt-BR\",\"url\":\"https:\/\/rafazimbaldi.com.br\/novo\/wp-content\/uploads\/2018\/02\/20180209_leiparamedicos_RZ.jpg\",\"contentUrl\":\"https:\/\/rafazimbaldi.com.br\/novo\/wp-content\/uploads\/2018\/02\/20180209_leiparamedicos_RZ.jpg\",\"width\":800,\"height\":502},{\"@type\":\"WebPage\",\"@id\":\"https:\/\/rafazimbaldi.com.br\/novo\/deputado-rafa-zimbaldi-entrega-titulo-de-cidadao-campineiro-para-presidente-da-abel\/#webpage\",\"url\":\"https:\/\/rafazimbaldi.com.br\/novo\/deputado-rafa-zimbaldi-entrega-titulo-de-cidadao-campineiro-para-presidente-da-abel\/\",\"name\":\"Deputado Rafa Zimbaldi entrega T\\u00edtulo de Cidad\\u00e3o Campineiro para presidente da ABEL - Rafa Zimbaldi\",\"isPartOf\":{\"@id\":\"https:\/\/rafazimbaldi.com.br\/novo\/#website\"},\"primaryImageOfPage\":{\"@id\":\"https:\/\/rafazimbaldi.com.br\/novo\/deputado-rafa-zimbaldi-entrega-titulo-de-cidadao-campineiro-para-presidente-da-abel\/#primaryimage\"},\"datePublished\":\"2019-07-02T10:26:36+00:00\",\"dateModified\":\"2019-07-02T11:47:23+00:00\",\"author\":{\"@id\":\"https:\/\/rafazimbaldi.com.br\/novo\/#\/schema\/person\/4e56a44c106beb5b266f5ad8f6cb4fdc\"},\"breadcrumb\":{\"@id\":\"https:\/\/rafazimbaldi.com.br\/novo\/deputado-rafa-zimbaldi-entrega-titulo-de-cidadao-campineiro-para-presidente-da-abel\/#breadcrumb\"},\"inLanguage\":\"pt-BR\",\"potentialAction\":[{\"@type\":\"ReadAction\",\"target\":[\"https:\/\/rafazimbaldi.com.br\/novo\/deputado-rafa-zimbaldi-entrega-titulo-de-cidadao-campineiro-para-presidente-da-abel\/\"]}]},{\"@type\":\"BreadcrumbList\",\"@id\":\"https:\/\/rafazimbaldi.com.br\/novo\/deputado-rafa-zimbaldi-entrega-titulo-de-cidadao-campineiro-para-presidente-da-abel\/#breadcrumb\",\"itemListElement\":[{\"@type\":\"ListItem\",\"position\":1,\"name\":\"In\\u00edcio\",\"item\":\"https:\/\/rafazimbaldi.com.br\/novo\/\"},{\"@type\":\"ListItem\",\"position\":2,\"name\":\"Deputado Rafa Zimbaldi entrega T\\u00edtulo de Cidad\\u00e3o Campineiro para presidente da ABEL\"}]},{\"@type\":\"Person\",\"@id\":\"https:\/\/rafazimbaldi.com.br\/novo\/#\/schema\/person\/4e56a44c106beb5b266f5ad8f6cb4fdc\",\"name\":\"Equipe Rafa Zimbaldi\",\"image\":{\"@type\":\"ImageObject\",\"@id\":\"https:\/\/rafazimbaldi.com.br\/novo\/#personlogo\",\"inLanguage\":\"pt-BR\",\"url\":\"https:\/\/secure.gravatar.com\/avatar\/2801ef563aa18df3a7cdfd19794cfeea?s=96&d=blank&r=g\",\"contentUrl\":\"https:\/\/secure.gravatar.com\/avatar\/2801ef563aa18df3a7cdfd19794cfeea?s=96&d=blank&r=g\",\"caption\":\"Equipe Rafa Zimbaldi\"},\"sameAs\":[\"http:\/\/rafazimbaldi.com.br\/novo\"],\"url\":\"https:\/\/rafazimbaldi.com.br\/novo\/author\/equiperz2018\/\"}]}<\/script>\n<!-- \/ Yoast SEO plugin. -->","_links":{"self":[{"href":"https:\/\/rafazimbaldi.com.br\/novo\/wp-json\/wp\/v2\/posts\/1308"}],"collection":[{"href":"https:\/\/rafazimbaldi.com.br\/novo\/wp-json\/wp\/v2\/posts"}],"about":[{"href":"https:\/\/rafazimbaldi.com.br\/novo\/wp-json\/wp\/v2\/types\/post"}],"author":[{"embeddable":true,"href":"https:\/\/rafazimbaldi.com.br\/novo\/wp-json\/wp\/v2\/users\/2"}],"replies":[{"embeddable":true,"href":"https:\/\/rafazimbaldi.com.br\/novo\/wp-json\/wp\/v2\/comments?post=1308"}],"version-history":[{"count":1,"href":"https:\/\/rafazimbaldi.com.br\/novo\/wp-json\/wp\/v2\/posts\/1308\/revisions"}],"predecessor-version":[{"id":1309,"href":"https:\/\/rafazimbaldi.com.br\/novo\/wp-json\/wp\/v2\/posts\/1308\/revisions\/1309"}],"wp:featuredmedia":[{"embeddable":true,"href":"https:\/\/rafazimbaldi.com.br\/novo\/wp-json\/wp\/v2\/media\/595"}],"wp:attachment":[{"href":"https:\/\/rafazimbaldi.com.br\/novo\/wp-json\/wp\/v2\/media?parent=1308"}],"wp:term":[{"taxonomy":"category","embeddable":true,"href":"https:\/\/rafazimbaldi.com.br\/novo\/wp-json\/wp\/v2\/categories?post=1308"},{"taxonomy":"post_tag","embeddable":true,"href":"https:\/\/rafazimbaldi.com.br\/novo\/wp-json\/wp\/v2\/tags?post=1308"}],"curies":[{"name":"wp","href":"https:\/\/api.w.org\/{rel}","templated":true}]}}