{"id":131,"date":"2015-11-13T10:26:04","date_gmt":"2015-11-13T12:26:04","guid":{"rendered":"http:\/\/www.rafazimbaldi.com\/?p=131"},"modified":"2015-11-13T10:26:04","modified_gmt":"2015-11-13T12:26:04","slug":"o-povo-nao-pode-pagar-pela-incompetencia-do-governo","status":"publish","type":"post","link":"https:\/\/rafazimbaldi.com.br\/novo\/o-povo-nao-pode-pagar-pela-incompetencia-do-governo\/","title":{"rendered":"O povo n\u00e3o pode pagar pela incompet\u00eancia do governo"},"content":{"rendered":"<p>O descaso do governo federal com as pol\u00edticas econ\u00f4micas gerou uma recess\u00e3o sem precedentes em 2015. A infla\u00e7\u00e3o da baixa renda chegou a alarmantes 10% e bens de consumo como gasolina, eletricidade e alimenta\u00e7\u00e3o sofreram aumento abusivo nos pre\u00e7os. Tudo isso, somado a crise pol\u00edtica que causa instabilidade no pa\u00eds, dificulta e muito a vida da popula\u00e7\u00e3o.<\/p>\n<p>S\u00e3o empresas realizando demiss\u00f5es em massa, multinacionais diminuindo atividades no Brasil e pa\u00edses desconfiando da nossa condi\u00e7\u00e3o de bom pagador. No estado de S\u00e3o Paulo, para exemplificar, a produ\u00e7\u00e3o industrial teve o pior resultado do m\u00eas de setembro desde 2002, quando o IBGE iniciou a s\u00e9rie hist\u00f3rica da pesquisa. Isso se deve a diminui\u00e7\u00e3o da produ\u00e7\u00e3o principalmente do setor automotivo, que tem anunciado sucessivos cortes de pessoal.<\/p>\n<p>Como se tudo isso n\u00e3o fosse suficiente para dificultar a vida do brasileiro, as propostas de resgate do governo federal visam punir o povo mais uma vez. A volta da CPFM, por exemplo, \u00e9 mais uma taxa\u00e7\u00e3o de impostos para que o governo arrecade as custas da popula\u00e7\u00e3o. N\u00e3o \u00e9 justo que o povo pague pela crise. O brasileiro \u00e9 trabalhador e merece mais respeito.<br \/>\nPor isso, sempre repito: CPMF nunca mais!<\/p>\n<p>\u00c9 muito importante lembrar, tamb\u00e9m, que as irresponsabilidades econ\u00f4micas cometidas pela presidente foram maquiadas durante todo ano passado. S\u00e3o as chamadas pedaladas fiscais. O resultado? Pela primeira vez o Tribunal de Contas da Uni\u00e3o (TCU) rejeitou as contas de um governo federal. Justamente o Dilma 14.<\/p>\n<p>\u00c9 preciso que as pol\u00edticas sejam pensadas para que o desenvolvimento chegue a todos os brasileiros e que os esquemas de corrup\u00e7\u00e3o e apadrinhamento sejam desmascarados. S\u00f3 assim teremos um pa\u00eds s\u00e9rio, comprometido com o povo. Sempre ser\u00e1 meu objetivo contribuir para que o desenvolvimento expanda.<\/p>\n","protected":false},"excerpt":{"rendered":"<p>O descaso do governo federal com as pol\u00edticas econ\u00f4micas gerou uma recess\u00e3o sem precedentes em 2015. A infla\u00e7\u00e3o da baixa renda chegou a alarmantes 10% e bens de consumo como gasolina, eletricidade e alimenta\u00e7\u00e3o sofreram aumento abusivo nos pre\u00e7os. Tudo isso, somado a crise pol\u00edtica que causa instabilidade no pa\u00eds, dificulta e muito a vida [&hellip;]<\/p>\n","protected":false},"author":2,"featured_media":146,"comment_status":"open","ping_status":"open","sticky":false,"template":"","format":"standard","meta":{"_monsterinsights_skip_tracking":false,"_monsterinsights_sitenote_active":false,"_monsterinsights_sitenote_note":"","_monsterinsights_sitenote_category":0},"categories":[6],"tags":[],"yoast_head":"<!-- This site is optimized with the Yoast SEO plugin v16.5 - https:\/\/yoast.com\/wordpress\/plugins\/seo\/ -->\n<title>O povo n\u00e3o pode pagar pela incompet\u00eancia do governo - Rafa Zimbaldi<\/title>\n<meta name=\"robots\" content=\"index, follow, max-snippet:-1, max-image-preview:large, max-video-preview:-1\" \/>\n<link rel=\"canonical\" href=\"https:\/\/rafazimbaldi.com.br\/novo\/o-povo-nao-pode-pagar-pela-incompetencia-do-governo\/\" \/>\n<meta property=\"og:locale\" content=\"pt_BR\" \/>\n<meta property=\"og:type\" content=\"article\" \/>\n<meta property=\"og:title\" content=\"O povo n\u00e3o pode pagar pela incompet\u00eancia do governo - Rafa Zimbaldi\" \/>\n<meta property=\"og:description\" content=\"O descaso do governo federal com as pol\u00edticas econ\u00f4micas gerou uma recess\u00e3o sem precedentes em 2015. A infla\u00e7\u00e3o da baixa renda chegou a alarmantes 10% e bens de consumo como gasolina, eletricidade e alimenta\u00e7\u00e3o sofreram aumento abusivo nos pre\u00e7os. Tudo isso, somado a crise pol\u00edtica que causa instabilidade no pa\u00eds, dificulta e muito a vida [&hellip;]\" \/>\n<meta property=\"og:url\" content=\"https:\/\/rafazimbaldi.com.br\/novo\/o-povo-nao-pode-pagar-pela-incompetencia-do-governo\/\" \/>\n<meta property=\"og:site_name\" content=\"Rafa Zimbaldi\" \/>\n<meta property=\"article:published_time\" content=\"2015-11-13T12:26:04+00:00\" \/>\n<meta property=\"og:image\" content=\"https:\/\/rafazimbaldi.com.br\/novo\/wp-content\/uploads\/2015\/11\/cpmf-nunca-mais.png\" \/>\n\t<meta property=\"og:image:width\" content=\"400\" \/>\n\t<meta property=\"og:image:height\" content=\"219\" \/>\n<meta name=\"twitter:card\" content=\"summary_large_image\" \/>\n<meta name=\"twitter:label1\" content=\"Est. tempo de leitura\" \/>\n\t<meta name=\"twitter:data1\" content=\"2 minutos\" \/>\n<script type=\"application\/ld+json\" class=\"yoast-schema-graph\">{\"@context\":\"https:\/\/schema.org\",\"@graph\":[{\"@type\":\"WebSite\",\"@id\":\"https:\/\/rafazimbaldi.com.br\/novo\/#website\",\"url\":\"https:\/\/rafazimbaldi.com.br\/novo\/\",\"name\":\"Rafa Zimbaldi\",\"description\":\"Deputado Estadual \",\"potentialAction\":[{\"@type\":\"SearchAction\",\"target\":\"https:\/\/rafazimbaldi.com.br\/novo\/?s={search_term_string}\",\"query-input\":\"required name=search_term_string\"}],\"inLanguage\":\"pt-BR\"},{\"@type\":\"ImageObject\",\"@id\":\"https:\/\/rafazimbaldi.com.br\/novo\/o-povo-nao-pode-pagar-pela-incompetencia-do-governo\/#primaryimage\",\"inLanguage\":\"pt-BR\",\"url\":\"https:\/\/rafazimbaldi.com.br\/novo\/wp-content\/uploads\/2015\/11\/cpmf-nunca-mais.png\",\"contentUrl\":\"https:\/\/rafazimbaldi.com.br\/novo\/wp-content\/uploads\/2015\/11\/cpmf-nunca-mais.png\",\"width\":400,\"height\":219},{\"@type\":\"WebPage\",\"@id\":\"https:\/\/rafazimbaldi.com.br\/novo\/o-povo-nao-pode-pagar-pela-incompetencia-do-governo\/#webpage\",\"url\":\"https:\/\/rafazimbaldi.com.br\/novo\/o-povo-nao-pode-pagar-pela-incompetencia-do-governo\/\",\"name\":\"O povo n\\u00e3o pode pagar pela incompet\\u00eancia do governo - Rafa Zimbaldi\",\"isPartOf\":{\"@id\":\"https:\/\/rafazimbaldi.com.br\/novo\/#website\"},\"primaryImageOfPage\":{\"@id\":\"https:\/\/rafazimbaldi.com.br\/novo\/o-povo-nao-pode-pagar-pela-incompetencia-do-governo\/#primaryimage\"},\"datePublished\":\"2015-11-13T12:26:04+00:00\",\"dateModified\":\"2015-11-13T12:26:04+00:00\",\"author\":{\"@id\":\"https:\/\/rafazimbaldi.com.br\/novo\/#\/schema\/person\/4e56a44c106beb5b266f5ad8f6cb4fdc\"},\"breadcrumb\":{\"@id\":\"https:\/\/rafazimbaldi.com.br\/novo\/o-povo-nao-pode-pagar-pela-incompetencia-do-governo\/#breadcrumb\"},\"inLanguage\":\"pt-BR\",\"potentialAction\":[{\"@type\":\"ReadAction\",\"target\":[\"https:\/\/rafazimbaldi.com.br\/novo\/o-povo-nao-pode-pagar-pela-incompetencia-do-governo\/\"]}]},{\"@type\":\"BreadcrumbList\",\"@id\":\"https:\/\/rafazimbaldi.com.br\/novo\/o-povo-nao-pode-pagar-pela-incompetencia-do-governo\/#breadcrumb\",\"itemListElement\":[{\"@type\":\"ListItem\",\"position\":1,\"name\":\"In\\u00edcio\",\"item\":\"https:\/\/rafazimbaldi.com.br\/novo\/\"},{\"@type\":\"ListItem\",\"position\":2,\"name\":\"O povo n\\u00e3o pode pagar pela incompet\\u00eancia do governo\"}]},{\"@type\":\"Person\",\"@id\":\"https:\/\/rafazimbaldi.com.br\/novo\/#\/schema\/person\/4e56a44c106beb5b266f5ad8f6cb4fdc\",\"name\":\"Equipe Rafa Zimbaldi\",\"image\":{\"@type\":\"ImageObject\",\"@id\":\"https:\/\/rafazimbaldi.com.br\/novo\/#personlogo\",\"inLanguage\":\"pt-BR\",\"url\":\"https:\/\/secure.gravatar.com\/avatar\/2801ef563aa18df3a7cdfd19794cfeea?s=96&d=blank&r=g\",\"contentUrl\":\"https:\/\/secure.gravatar.com\/avatar\/2801ef563aa18df3a7cdfd19794cfeea?s=96&d=blank&r=g\",\"caption\":\"Equipe Rafa Zimbaldi\"},\"sameAs\":[\"http:\/\/rafazimbaldi.com.br\/novo\"],\"url\":\"https:\/\/rafazimbaldi.com.br\/novo\/author\/equiperz2018\/\"}]}<\/script>\n<!-- \/ Yoast SEO plugin. -->","_links":{"self":[{"href":"https:\/\/rafazimbaldi.com.br\/novo\/wp-json\/wp\/v2\/posts\/131"}],"collection":[{"href":"https:\/\/rafazimbaldi.com.br\/novo\/wp-json\/wp\/v2\/posts"}],"about":[{"href":"https:\/\/rafazimbaldi.com.br\/novo\/wp-json\/wp\/v2\/types\/post"}],"author":[{"embeddable":true,"href":"https:\/\/rafazimbaldi.com.br\/novo\/wp-json\/wp\/v2\/users\/2"}],"replies":[{"embeddable":true,"href":"https:\/\/rafazimbaldi.com.br\/novo\/wp-json\/wp\/v2\/comments?post=131"}],"version-history":[{"count":0,"href":"https:\/\/rafazimbaldi.com.br\/novo\/wp-json\/wp\/v2\/posts\/131\/revisions"}],"wp:featuredmedia":[{"embeddable":true,"href":"https:\/\/rafazimbaldi.com.br\/novo\/wp-json\/wp\/v2\/media\/146"}],"wp:attachment":[{"href":"https:\/\/rafazimbaldi.com.br\/novo\/wp-json\/wp\/v2\/media?parent=131"}],"wp:term":[{"taxonomy":"category","embeddable":true,"href":"https:\/\/rafazimbaldi.com.br\/novo\/wp-json\/wp\/v2\/categories?post=131"},{"taxonomy":"post_tag","embeddable":true,"href":"https:\/\/rafazimbaldi.com.br\/novo\/wp-json\/wp\/v2\/tags?post=131"}],"curies":[{"name":"wp","href":"https:\/\/api.w.org\/{rel}","templated":true}]}}