{"id":1310,"date":"2019-07-02T07:30:00","date_gmt":"2019-07-02T10:30:00","guid":{"rendered":"http:\/\/rafazimbaldi.com\/?p=1310"},"modified":"2019-07-02T13:09:08","modified_gmt":"2019-07-02T16:09:08","slug":"rafa-zimbaldi-intermedia-liberacao-de-area-para-ampliacao-do-mario-gatti-verbas-para-criacao-de-novas-utis-neonatais-no-caism-e-abertura-diurna-da-upa-carlos-lourenco","status":"publish","type":"post","link":"https:\/\/rafazimbaldi.com.br\/novo\/rafa-zimbaldi-intermedia-liberacao-de-area-para-ampliacao-do-mario-gatti-verbas-para-criacao-de-novas-utis-neonatais-no-caism-e-abertura-diurna-da-upa-carlos-lourenco\/","title":{"rendered":"Rafa Zimbaldi intermedia libera\u00e7\u00e3o de \u00e1rea para amplia\u00e7\u00e3o do Mario Gatti, verbas para cria\u00e7\u00e3o de novas UTIs neonatais no CAISM e abertura diurna da UPA Carlos Louren\u00e7o"},"content":{"rendered":"\n<p><\/p>\n\n\n\n<p>O deputado estadual Rafa Zimbaldi esteve durante toda esta segunda-feira (03\/06) realizando encontros que possam melhorar o atendimento da sa\u00fade p\u00fablica da regi\u00e3o de Campinas. Pela manh\u00e3 esteve com o presidente do DETRAN (Departamento Estadual de Tr\u00e2nsito de S\u00e3o Paulo), Paulo Roberto Falc\u00e3o Ribeiro acompanhado do presidente da Rede Mario Gatti de Campinas, Marcos Pimenta. A pauta do encontro foi solicitar do \u00f3rg\u00e3o de tr\u00e2nsito a troca da de uma \u00e1rea que compreende cerca de 3 mil m\u00b2, localizada na parte de traz do hospital municipal por outro local na cidade.&nbsp;<\/p>\n\n\n\n<p>\u201cEssa \u00e1rea \u00e9 a antiga delegacia do CIRETRAN e atualmente est\u00e1 subutilizada sendo que no local podemos implantar uma unidade que estamos chamando de \u2018Hospital Mario Gatinho\u2019, para atendimento exclusivo da parte pedi\u00e1trica\u201d, revela Pimenta.&nbsp;<\/p>\n\n\n\n<p>Al\u00e9m de intermediar a troca da \u00e1rea, Rafa tamb\u00e9m se comprometeu em destinar emendas para que o local seja reformado e atenda o objetivo de ser uma unidade hospitalar. \u201cA localiza\u00e7\u00e3o da \u00e1rea do DETRAN \u00e9 estrat\u00e9gica para o atendimento, j\u00e1 que est\u00e1 localizada nas proximidades do Hospital Mario Gatti\u201d, completa o deputado.<\/p>\n\n\n\n<p>\u201cPrecisamos de um local para manter o arquivo do DETRAN, mas n\u00e3o temos necessidade que ele seja na \u00e1rea que pode ajudar a sa\u00fade p\u00fablica. Temos total interesse em ajudar nesta proposi\u00e7\u00e3o que tanto pode contribuir para a popula\u00e7\u00e3o, seria \u00f3timo que todos os deputados viessem aqui com esse tipo de pedido\u201d, comenta o presidente do \u00f3rg\u00e3o estadual de tr\u00e2nsito.&nbsp;<\/p>\n\n\n\n<p>Rafa vai solicitar um estudo das \u00e1reas ociosas do mun\u00edcipio e at\u00e9 mesmo poder\u00e1 encaminhar uma emenda para custear a obra de um galp\u00e3o que atenda as necessidades do DETRAN. \u201cA constru\u00e7\u00e3o de um galp\u00e3o para abrigar documentos de arquivo pode ser uma op\u00e7\u00e3o para liberarmos a \u00e1rea que pode se transformar no \u2018Mario Gattinho\u2019 e com certeza ajudar muito a sa\u00fade p\u00fablica da nossa regi\u00e3o\u201d, acredita Rafa.&nbsp;<\/p>\n\n\n\n<ul class=\"wp-block-gallery columns-3 is-cropped\"><li class=\"blocks-gallery-item\"><figure><img loading=\"lazy\" width=\"1024\" height=\"768\" src=\"http:\/\/rafazimbaldi.com\/novo\/wp-content\/uploads\/2019\/07\/Reunia\u0303o_Secretaria_Estadual_Saude_unicamp_mario_gatti-5-1024x768.jpg\" alt=\"\" data-id=\"1338\" data-link=\"http:\/\/rafazimbaldi.com\/rafa-zimbaldi-intermedia-liberacao-de-area-para-ampliacao-do-mario-gatti-verbas-para-criacao-de-novas-utis-neonatais-no-caism-e-abertura-diurna-da-upa-carlos-lourenco\/reunia%cc%83o_secretaria_estadual_saude_unicamp_mario_gatti-5\/\" class=\"wp-image-1338\" srcset=\"https:\/\/rafazimbaldi.com.br\/novo\/wp-content\/uploads\/2019\/07\/Reunia\u0303o_Secretaria_Estadual_Saude_unicamp_mario_gatti-5-1024x768.jpg 1024w, https:\/\/rafazimbaldi.com.br\/novo\/wp-content\/uploads\/2019\/07\/Reunia\u0303o_Secretaria_Estadual_Saude_unicamp_mario_gatti-5-300x225.jpg 300w, https:\/\/rafazimbaldi.com.br\/novo\/wp-content\/uploads\/2019\/07\/Reunia\u0303o_Secretaria_Estadual_Saude_unicamp_mario_gatti-5-768x576.jpg 768w\" sizes=\"(max-width: 1024px) 100vw, 1024px\" \/><\/figure><\/li><li class=\"blocks-gallery-item\"><figure><img loading=\"lazy\" width=\"1024\" height=\"768\" src=\"http:\/\/rafazimbaldi.com\/novo\/wp-content\/uploads\/2019\/07\/Reunia\u0303o_Secretaria_Estadual_Saude_unicamp_mario_gatti-1-1024x768.jpg\" alt=\"\" data-id=\"1337\" data-link=\"http:\/\/rafazimbaldi.com\/rafa-zimbaldi-intermedia-liberacao-de-area-para-ampliacao-do-mario-gatti-verbas-para-criacao-de-novas-utis-neonatais-no-caism-e-abertura-diurna-da-upa-carlos-lourenco\/reunia%cc%83o_secretaria_estadual_saude_unicamp_mario_gatti-1\/\" class=\"wp-image-1337\" srcset=\"https:\/\/rafazimbaldi.com.br\/novo\/wp-content\/uploads\/2019\/07\/Reunia\u0303o_Secretaria_Estadual_Saude_unicamp_mario_gatti-1-1024x768.jpg 1024w, https:\/\/rafazimbaldi.com.br\/novo\/wp-content\/uploads\/2019\/07\/Reunia\u0303o_Secretaria_Estadual_Saude_unicamp_mario_gatti-1-300x225.jpg 300w, https:\/\/rafazimbaldi.com.br\/novo\/wp-content\/uploads\/2019\/07\/Reunia\u0303o_Secretaria_Estadual_Saude_unicamp_mario_gatti-1-768x576.jpg 768w\" sizes=\"(max-width: 1024px) 100vw, 1024px\" \/><\/figure><\/li><li class=\"blocks-gallery-item\"><figure><img loading=\"lazy\" width=\"1024\" height=\"768\" src=\"http:\/\/rafazimbaldi.com\/novo\/wp-content\/uploads\/2019\/07\/Reuniao_rafa_mario_gatti_Detran-21-1024x768.jpg\" alt=\"\" data-id=\"1335\" data-link=\"http:\/\/rafazimbaldi.com\/rafa-zimbaldi-intermedia-liberacao-de-area-para-ampliacao-do-mario-gatti-verbas-para-criacao-de-novas-utis-neonatais-no-caism-e-abertura-diurna-da-upa-carlos-lourenco\/reuniao_rafa_mario_gatti_detran-21\/\" class=\"wp-image-1335\" srcset=\"https:\/\/rafazimbaldi.com.br\/novo\/wp-content\/uploads\/2019\/07\/Reuniao_rafa_mario_gatti_Detran-21-1024x768.jpg 1024w, https:\/\/rafazimbaldi.com.br\/novo\/wp-content\/uploads\/2019\/07\/Reuniao_rafa_mario_gatti_Detran-21-300x225.jpg 300w, https:\/\/rafazimbaldi.com.br\/novo\/wp-content\/uploads\/2019\/07\/Reuniao_rafa_mario_gatti_Detran-21-768x576.jpg 768w\" sizes=\"(max-width: 1024px) 100vw, 1024px\" \/><\/figure><\/li><li class=\"blocks-gallery-item\"><figure><img loading=\"lazy\" width=\"1024\" height=\"768\" src=\"http:\/\/rafazimbaldi.com\/novo\/wp-content\/uploads\/2019\/07\/Reuniao_rafa_mario_gatti_Detran-20-1024x768.jpg\" alt=\"\" data-id=\"1334\" data-link=\"http:\/\/rafazimbaldi.com\/rafa-zimbaldi-intermedia-liberacao-de-area-para-ampliacao-do-mario-gatti-verbas-para-criacao-de-novas-utis-neonatais-no-caism-e-abertura-diurna-da-upa-carlos-lourenco\/reuniao_rafa_mario_gatti_detran-20\/\" class=\"wp-image-1334\" srcset=\"https:\/\/rafazimbaldi.com.br\/novo\/wp-content\/uploads\/2019\/07\/Reuniao_rafa_mario_gatti_Detran-20-1024x768.jpg 1024w, https:\/\/rafazimbaldi.com.br\/novo\/wp-content\/uploads\/2019\/07\/Reuniao_rafa_mario_gatti_Detran-20-300x225.jpg 300w, https:\/\/rafazimbaldi.com.br\/novo\/wp-content\/uploads\/2019\/07\/Reuniao_rafa_mario_gatti_Detran-20-768x576.jpg 768w\" sizes=\"(max-width: 1024px) 100vw, 1024px\" \/><\/figure><\/li><li class=\"blocks-gallery-item\"><figure><img loading=\"lazy\" width=\"1024\" height=\"768\" src=\"http:\/\/rafazimbaldi.com\/novo\/wp-content\/uploads\/2019\/07\/Reuniao_rafa_mario_gatti_Detran-19-1024x768.jpg\" alt=\"\" data-id=\"1333\" data-link=\"http:\/\/rafazimbaldi.com\/rafa-zimbaldi-intermedia-liberacao-de-area-para-ampliacao-do-mario-gatti-verbas-para-criacao-de-novas-utis-neonatais-no-caism-e-abertura-diurna-da-upa-carlos-lourenco\/reuniao_rafa_mario_gatti_detran-19\/\" class=\"wp-image-1333\" srcset=\"https:\/\/rafazimbaldi.com.br\/novo\/wp-content\/uploads\/2019\/07\/Reuniao_rafa_mario_gatti_Detran-19-1024x768.jpg 1024w, https:\/\/rafazimbaldi.com.br\/novo\/wp-content\/uploads\/2019\/07\/Reuniao_rafa_mario_gatti_Detran-19-300x225.jpg 300w, https:\/\/rafazimbaldi.com.br\/novo\/wp-content\/uploads\/2019\/07\/Reuniao_rafa_mario_gatti_Detran-19-768x576.jpg 768w\" sizes=\"(max-width: 1024px) 100vw, 1024px\" \/><\/figure><\/li><li class=\"blocks-gallery-item\"><figure><img loading=\"lazy\" width=\"1024\" height=\"768\" src=\"http:\/\/rafazimbaldi.com\/novo\/wp-content\/uploads\/2019\/07\/Reuniao_rafa_mario_gatti_Detran-18-1024x768.jpg\" alt=\"\" data-id=\"1332\" data-link=\"http:\/\/rafazimbaldi.com\/rafa-zimbaldi-intermedia-liberacao-de-area-para-ampliacao-do-mario-gatti-verbas-para-criacao-de-novas-utis-neonatais-no-caism-e-abertura-diurna-da-upa-carlos-lourenco\/reuniao_rafa_mario_gatti_detran-18\/\" class=\"wp-image-1332\" srcset=\"https:\/\/rafazimbaldi.com.br\/novo\/wp-content\/uploads\/2019\/07\/Reuniao_rafa_mario_gatti_Detran-18-1024x768.jpg 1024w, https:\/\/rafazimbaldi.com.br\/novo\/wp-content\/uploads\/2019\/07\/Reuniao_rafa_mario_gatti_Detran-18-300x225.jpg 300w, https:\/\/rafazimbaldi.com.br\/novo\/wp-content\/uploads\/2019\/07\/Reuniao_rafa_mario_gatti_Detran-18-768x576.jpg 768w\" sizes=\"(max-width: 1024px) 100vw, 1024px\" \/><\/figure><\/li><li class=\"blocks-gallery-item\"><figure><img loading=\"lazy\" width=\"1024\" height=\"768\" src=\"http:\/\/rafazimbaldi.com\/novo\/wp-content\/uploads\/2019\/07\/Reuniao_rafa_mario_gatti_Detran-17-1024x768.jpg\" alt=\"\" data-id=\"1331\" data-link=\"http:\/\/rafazimbaldi.com\/rafa-zimbaldi-intermedia-liberacao-de-area-para-ampliacao-do-mario-gatti-verbas-para-criacao-de-novas-utis-neonatais-no-caism-e-abertura-diurna-da-upa-carlos-lourenco\/reuniao_rafa_mario_gatti_detran-17\/\" class=\"wp-image-1331\" srcset=\"https:\/\/rafazimbaldi.com.br\/novo\/wp-content\/uploads\/2019\/07\/Reuniao_rafa_mario_gatti_Detran-17-1024x768.jpg 1024w, https:\/\/rafazimbaldi.com.br\/novo\/wp-content\/uploads\/2019\/07\/Reuniao_rafa_mario_gatti_Detran-17-300x225.jpg 300w, https:\/\/rafazimbaldi.com.br\/novo\/wp-content\/uploads\/2019\/07\/Reuniao_rafa_mario_gatti_Detran-17-768x576.jpg 768w\" sizes=\"(max-width: 1024px) 100vw, 1024px\" \/><\/figure><\/li><li class=\"blocks-gallery-item\"><figure><img loading=\"lazy\" width=\"1024\" height=\"768\" src=\"http:\/\/rafazimbaldi.com\/novo\/wp-content\/uploads\/2019\/07\/Reuniao_rafa_mario_gatti_Detran-16-1024x768.jpg\" alt=\"\" data-id=\"1330\" data-link=\"http:\/\/rafazimbaldi.com\/rafa-zimbaldi-intermedia-liberacao-de-area-para-ampliacao-do-mario-gatti-verbas-para-criacao-de-novas-utis-neonatais-no-caism-e-abertura-diurna-da-upa-carlos-lourenco\/reuniao_rafa_mario_gatti_detran-16\/\" class=\"wp-image-1330\" srcset=\"https:\/\/rafazimbaldi.com.br\/novo\/wp-content\/uploads\/2019\/07\/Reuniao_rafa_mario_gatti_Detran-16-1024x768.jpg 1024w, https:\/\/rafazimbaldi.com.br\/novo\/wp-content\/uploads\/2019\/07\/Reuniao_rafa_mario_gatti_Detran-16-300x225.jpg 300w, https:\/\/rafazimbaldi.com.br\/novo\/wp-content\/uploads\/2019\/07\/Reuniao_rafa_mario_gatti_Detran-16-768x576.jpg 768w\" sizes=\"(max-width: 1024px) 100vw, 1024px\" \/><\/figure><\/li><li class=\"blocks-gallery-item\"><figure><img loading=\"lazy\" width=\"1024\" height=\"768\" src=\"http:\/\/rafazimbaldi.com\/novo\/wp-content\/uploads\/2019\/07\/Reuniao_rafa_mario_gatti_Detran-15-1024x768.jpg\" alt=\"\" data-id=\"1329\" data-link=\"http:\/\/rafazimbaldi.com\/rafa-zimbaldi-intermedia-liberacao-de-area-para-ampliacao-do-mario-gatti-verbas-para-criacao-de-novas-utis-neonatais-no-caism-e-abertura-diurna-da-upa-carlos-lourenco\/reuniao_rafa_mario_gatti_detran-15\/\" class=\"wp-image-1329\" srcset=\"https:\/\/rafazimbaldi.com.br\/novo\/wp-content\/uploads\/2019\/07\/Reuniao_rafa_mario_gatti_Detran-15-1024x768.jpg 1024w, https:\/\/rafazimbaldi.com.br\/novo\/wp-content\/uploads\/2019\/07\/Reuniao_rafa_mario_gatti_Detran-15-300x225.jpg 300w, https:\/\/rafazimbaldi.com.br\/novo\/wp-content\/uploads\/2019\/07\/Reuniao_rafa_mario_gatti_Detran-15-768x576.jpg 768w\" sizes=\"(max-width: 1024px) 100vw, 1024px\" \/><\/figure><\/li><li class=\"blocks-gallery-item\"><figure><img loading=\"lazy\" width=\"1024\" height=\"768\" src=\"http:\/\/rafazimbaldi.com\/novo\/wp-content\/uploads\/2019\/07\/Reuniao_rafa_mario_gatti_Detran-14-1024x768.jpg\" alt=\"\" data-id=\"1328\" data-link=\"http:\/\/rafazimbaldi.com\/rafa-zimbaldi-intermedia-liberacao-de-area-para-ampliacao-do-mario-gatti-verbas-para-criacao-de-novas-utis-neonatais-no-caism-e-abertura-diurna-da-upa-carlos-lourenco\/reuniao_rafa_mario_gatti_detran-14\/\" class=\"wp-image-1328\" srcset=\"https:\/\/rafazimbaldi.com.br\/novo\/wp-content\/uploads\/2019\/07\/Reuniao_rafa_mario_gatti_Detran-14-1024x768.jpg 1024w, https:\/\/rafazimbaldi.com.br\/novo\/wp-content\/uploads\/2019\/07\/Reuniao_rafa_mario_gatti_Detran-14-300x225.jpg 300w, https:\/\/rafazimbaldi.com.br\/novo\/wp-content\/uploads\/2019\/07\/Reuniao_rafa_mario_gatti_Detran-14-768x576.jpg 768w\" sizes=\"(max-width: 1024px) 100vw, 1024px\" \/><\/figure><\/li><li class=\"blocks-gallery-item\"><figure><img loading=\"lazy\" width=\"1024\" height=\"768\" src=\"http:\/\/rafazimbaldi.com\/novo\/wp-content\/uploads\/2019\/07\/Reuniao_rafa_mario_gatti_Detran-7-1024x768.jpg\" alt=\"\" data-id=\"1320\" data-link=\"http:\/\/rafazimbaldi.com\/rafa-zimbaldi-intermedia-liberacao-de-area-para-ampliacao-do-mario-gatti-verbas-para-criacao-de-novas-utis-neonatais-no-caism-e-abertura-diurna-da-upa-carlos-lourenco\/reuniao_rafa_mario_gatti_detran-7\/\" class=\"wp-image-1320\" srcset=\"https:\/\/rafazimbaldi.com.br\/novo\/wp-content\/uploads\/2019\/07\/Reuniao_rafa_mario_gatti_Detran-7-1024x768.jpg 1024w, https:\/\/rafazimbaldi.com.br\/novo\/wp-content\/uploads\/2019\/07\/Reuniao_rafa_mario_gatti_Detran-7-300x225.jpg 300w, https:\/\/rafazimbaldi.com.br\/novo\/wp-content\/uploads\/2019\/07\/Reuniao_rafa_mario_gatti_Detran-7-768x576.jpg 768w\" sizes=\"(max-width: 1024px) 100vw, 1024px\" \/><\/figure><\/li><li class=\"blocks-gallery-item\"><figure><img loading=\"lazy\" width=\"1024\" height=\"768\" src=\"http:\/\/rafazimbaldi.com\/novo\/wp-content\/uploads\/2019\/07\/Reuniao_rafa_mario_gatti_Detran-6-1024x768.jpg\" alt=\"\" data-id=\"1319\" data-link=\"http:\/\/rafazimbaldi.com\/rafa-zimbaldi-intermedia-liberacao-de-area-para-ampliacao-do-mario-gatti-verbas-para-criacao-de-novas-utis-neonatais-no-caism-e-abertura-diurna-da-upa-carlos-lourenco\/reuniao_rafa_mario_gatti_detran-6\/\" class=\"wp-image-1319\" srcset=\"https:\/\/rafazimbaldi.com.br\/novo\/wp-content\/uploads\/2019\/07\/Reuniao_rafa_mario_gatti_Detran-6-1024x768.jpg 1024w, https:\/\/rafazimbaldi.com.br\/novo\/wp-content\/uploads\/2019\/07\/Reuniao_rafa_mario_gatti_Detran-6-300x225.jpg 300w, https:\/\/rafazimbaldi.com.br\/novo\/wp-content\/uploads\/2019\/07\/Reuniao_rafa_mario_gatti_Detran-6-768x576.jpg 768w\" sizes=\"(max-width: 1024px) 100vw, 1024px\" \/><\/figure><\/li><li class=\"blocks-gallery-item\"><figure><img loading=\"lazy\" width=\"1024\" height=\"643\" src=\"http:\/\/rafazimbaldi.com\/novo\/wp-content\/uploads\/2019\/07\/Reuniao_rafa_mario_gatti_Detran-1-1024x643.jpg\" alt=\"\" data-id=\"1311\" data-link=\"http:\/\/rafazimbaldi.com\/rafa-zimbaldi-intermedia-liberacao-de-area-para-ampliacao-do-mario-gatti-verbas-para-criacao-de-novas-utis-neonatais-no-caism-e-abertura-diurna-da-upa-carlos-lourenco\/reuniao_rafa_mario_gatti_detran-1\/\" class=\"wp-image-1311\" srcset=\"https:\/\/rafazimbaldi.com.br\/novo\/wp-content\/uploads\/2019\/07\/Reuniao_rafa_mario_gatti_Detran-1-1024x643.jpg 1024w, https:\/\/rafazimbaldi.com.br\/novo\/wp-content\/uploads\/2019\/07\/Reuniao_rafa_mario_gatti_Detran-1-300x188.jpg 300w, https:\/\/rafazimbaldi.com.br\/novo\/wp-content\/uploads\/2019\/07\/Reuniao_rafa_mario_gatti_Detran-1-768x482.jpg 768w\" sizes=\"(max-width: 1024px) 100vw, 1024px\" \/><\/figure><\/li><\/ul>\n\n\n\n<p><strong>*Secret\u00e1ria Estadual de Sa\u00fade*<\/strong><\/p>\n\n\n\n<p>Na parte da tarde, Rafa esteve na secretaria estadual de Sa\u00fade para solicitar, pessoalmente ao secret\u00e1rio Jos\u00e9 Henrique Germamm Ferreira, investimentos na \u00e1rea. Rafa solicitou a retomada de um conv\u00eanio que foi firmado no governo anterior para que seja poss\u00edvel abrir a UPA Carlos Louren\u00e7o. \u201cT\u00ednhamos um compromisso da gest\u00e3o anterior de um repasse mensal que cobriria os custos diurnos de opera\u00e7\u00e3o da UPA, mas ele foi cancelado. No encontro com o secret\u00e1rio tivemos uma sinaliza\u00e7\u00e3o positiva de que esse aporte pode come\u00e7ar a partir do segundo semestre e, por isso, vamos iniciar um novo processo pedindo a libera\u00e7\u00e3o desta verba\u201d, explica Rafa.&nbsp;<\/p>\n\n\n\n<p>O diretor do Centro de Aten\u00e7\u00e3o Integral \u00e0 Sa\u00fade da Mulher (CAISM), Luiz Ot\u00e1vio Zanatta Sarian tamb\u00e9m esteve neste encontro e pediu ao secret\u00e1rio estadual o aporte mensal de cerca de 600 mil reais para que seja poss\u00edvel criar mais dez leitos de UTIs neonatais. \u201cNossa principal necessidade \u00e9 conter a superlota\u00e7\u00e3o que est\u00e1 atingindo \u00edndices de at\u00e9 145%. Temos estrutura f\u00edsica e equipamentos para locar esses leitos, mas precisamos da verba\u201d, diz Sarian.&nbsp;<\/p>\n\n\n\n<p>O diretor do CAISM tamb\u00e9m solicitou que o Estado auxilie com o investimento de uma estrutura para alocar o novo acelerador linear \u2013 equipamento utilizado para o tratamento oncol\u00f3gico &#8211; que j\u00e1 foi liberado pelo Minist\u00e9rio da Sa\u00fade. \u201cVamos receber o equipamento, mas n\u00e3o temos onde colocar\u201d, lamenta Sarian.&nbsp;<\/p>\n\n\n\n<p>Rafa vai intermediar os pedidos e se comprometeu com o secret\u00e1rio de auxiliar junto aos demais deputados para que o or\u00e7amento da \u00e1rea da sa\u00fade do ano que vem seja ampliado, j\u00e1 que o or\u00e7amento deste ano veio pronta da gest\u00e3o anterior.&nbsp;<\/p>\n","protected":false},"excerpt":{"rendered":"<p>O deputado estadual Rafa Zimbaldi esteve durante toda esta segunda-feira (03\/06) realizando encontros que possam melhorar o atendimento da sa\u00fade p\u00fablica da regi\u00e3o de Campinas. Pela manh\u00e3 esteve com o presidente do DETRAN (Departamento Estadual de Tr\u00e2nsito de S\u00e3o Paulo), Paulo Roberto Falc\u00e3o Ribeiro acompanhado do presidente da Rede Mario Gatti de Campinas, Marcos Pimenta. [&hellip;]<\/p>\n","protected":false},"author":2,"featured_media":1311,"comment_status":"open","ping_status":"open","sticky":false,"template":"","format":"standard","meta":{"_monsterinsights_skip_tracking":false,"_monsterinsights_sitenote_active":false,"_monsterinsights_sitenote_note":"","_monsterinsights_sitenote_category":0},"categories":[10,286,219,1],"tags":[290,15],"yoast_head":"<!-- This site is optimized with the Yoast SEO plugin v16.5 - https:\/\/yoast.com\/wordpress\/plugins\/seo\/ -->\n<title>Rafa Zimbaldi intermedia libera\u00e7\u00e3o de \u00e1rea para amplia\u00e7\u00e3o do Mario Gatti, verbas para cria\u00e7\u00e3o de novas UTIs neonatais no CAISM e abertura diurna da UPA Carlos Louren\u00e7o - Rafa Zimbaldi<\/title>\n<meta name=\"robots\" content=\"index, follow, max-snippet:-1, max-image-preview:large, max-video-preview:-1\" \/>\n<link rel=\"canonical\" href=\"https:\/\/rafazimbaldi.com.br\/novo\/rafa-zimbaldi-intermedia-liberacao-de-area-para-ampliacao-do-mario-gatti-verbas-para-criacao-de-novas-utis-neonatais-no-caism-e-abertura-diurna-da-upa-carlos-lourenco\/\" \/>\n<meta property=\"og:locale\" content=\"pt_BR\" \/>\n<meta property=\"og:type\" content=\"article\" \/>\n<meta property=\"og:title\" content=\"Rafa Zimbaldi intermedia libera\u00e7\u00e3o de \u00e1rea para amplia\u00e7\u00e3o do Mario Gatti, verbas para cria\u00e7\u00e3o de novas UTIs neonatais no CAISM e abertura diurna da UPA Carlos Louren\u00e7o - Rafa Zimbaldi\" \/>\n<meta property=\"og:description\" content=\"O deputado estadual Rafa Zimbaldi esteve durante toda esta segunda-feira (03\/06) realizando encontros que possam melhorar o atendimento da sa\u00fade p\u00fablica da regi\u00e3o de Campinas. Pela manh\u00e3 esteve com o presidente do DETRAN (Departamento Estadual de Tr\u00e2nsito de S\u00e3o Paulo), Paulo Roberto Falc\u00e3o Ribeiro acompanhado do presidente da Rede Mario Gatti de Campinas, Marcos Pimenta. [&hellip;]\" \/>\n<meta property=\"og:url\" content=\"https:\/\/rafazimbaldi.com.br\/novo\/rafa-zimbaldi-intermedia-liberacao-de-area-para-ampliacao-do-mario-gatti-verbas-para-criacao-de-novas-utis-neonatais-no-caism-e-abertura-diurna-da-upa-carlos-lourenco\/\" \/>\n<meta property=\"og:site_name\" content=\"Rafa Zimbaldi\" \/>\n<meta property=\"article:published_time\" content=\"2019-07-02T10:30:00+00:00\" \/>\n<meta property=\"article:modified_time\" content=\"2019-07-02T16:09:08+00:00\" \/>\n<meta property=\"og:image\" content=\"https:\/\/rafazimbaldi.com.br\/novo\/wp-content\/uploads\/2019\/07\/Reuniao_rafa_mario_gatti_Detran-1.jpg\" \/>\n\t<meta property=\"og:image:width\" content=\"4032\" \/>\n\t<meta property=\"og:image:height\" content=\"2530\" \/>\n<meta name=\"twitter:card\" content=\"summary_large_image\" \/>\n<meta name=\"twitter:label1\" content=\"Est. tempo de leitura\" \/>\n\t<meta name=\"twitter:data1\" content=\"3 minutos\" \/>\n<script type=\"application\/ld+json\" class=\"yoast-schema-graph\">{\"@context\":\"https:\/\/schema.org\",\"@graph\":[{\"@type\":\"WebSite\",\"@id\":\"https:\/\/rafazimbaldi.com.br\/novo\/#website\",\"url\":\"https:\/\/rafazimbaldi.com.br\/novo\/\",\"name\":\"Rafa Zimbaldi\",\"description\":\"Deputado Estadual \",\"potentialAction\":[{\"@type\":\"SearchAction\",\"target\":\"https:\/\/rafazimbaldi.com.br\/novo\/?s={search_term_string}\",\"query-input\":\"required name=search_term_string\"}],\"inLanguage\":\"pt-BR\"},{\"@type\":\"ImageObject\",\"@id\":\"https:\/\/rafazimbaldi.com.br\/novo\/rafa-zimbaldi-intermedia-liberacao-de-area-para-ampliacao-do-mario-gatti-verbas-para-criacao-de-novas-utis-neonatais-no-caism-e-abertura-diurna-da-upa-carlos-lourenco\/#primaryimage\",\"inLanguage\":\"pt-BR\",\"url\":\"https:\/\/rafazimbaldi.com.br\/novo\/wp-content\/uploads\/2019\/07\/Reuniao_rafa_mario_gatti_Detran-1.jpg\",\"contentUrl\":\"https:\/\/rafazimbaldi.com.br\/novo\/wp-content\/uploads\/2019\/07\/Reuniao_rafa_mario_gatti_Detran-1.jpg\",\"width\":4032,\"height\":2530},{\"@type\":\"WebPage\",\"@id\":\"https:\/\/rafazimbaldi.com.br\/novo\/rafa-zimbaldi-intermedia-liberacao-de-area-para-ampliacao-do-mario-gatti-verbas-para-criacao-de-novas-utis-neonatais-no-caism-e-abertura-diurna-da-upa-carlos-lourenco\/#webpage\",\"url\":\"https:\/\/rafazimbaldi.com.br\/novo\/rafa-zimbaldi-intermedia-liberacao-de-area-para-ampliacao-do-mario-gatti-verbas-para-criacao-de-novas-utis-neonatais-no-caism-e-abertura-diurna-da-upa-carlos-lourenco\/\",\"name\":\"Rafa Zimbaldi intermedia libera\\u00e7\\u00e3o de \\u00e1rea para amplia\\u00e7\\u00e3o do Mario Gatti, verbas para cria\\u00e7\\u00e3o de novas UTIs neonatais no CAISM e abertura diurna da UPA Carlos Louren\\u00e7o - Rafa Zimbaldi\",\"isPartOf\":{\"@id\":\"https:\/\/rafazimbaldi.com.br\/novo\/#website\"},\"primaryImageOfPage\":{\"@id\":\"https:\/\/rafazimbaldi.com.br\/novo\/rafa-zimbaldi-intermedia-liberacao-de-area-para-ampliacao-do-mario-gatti-verbas-para-criacao-de-novas-utis-neonatais-no-caism-e-abertura-diurna-da-upa-carlos-lourenco\/#primaryimage\"},\"datePublished\":\"2019-07-02T10:30:00+00:00\",\"dateModified\":\"2019-07-02T16:09:08+00:00\",\"author\":{\"@id\":\"https:\/\/rafazimbaldi.com.br\/novo\/#\/schema\/person\/4e56a44c106beb5b266f5ad8f6cb4fdc\"},\"breadcrumb\":{\"@id\":\"https:\/\/rafazimbaldi.com.br\/novo\/rafa-zimbaldi-intermedia-liberacao-de-area-para-ampliacao-do-mario-gatti-verbas-para-criacao-de-novas-utis-neonatais-no-caism-e-abertura-diurna-da-upa-carlos-lourenco\/#breadcrumb\"},\"inLanguage\":\"pt-BR\",\"potentialAction\":[{\"@type\":\"ReadAction\",\"target\":[\"https:\/\/rafazimbaldi.com.br\/novo\/rafa-zimbaldi-intermedia-liberacao-de-area-para-ampliacao-do-mario-gatti-verbas-para-criacao-de-novas-utis-neonatais-no-caism-e-abertura-diurna-da-upa-carlos-lourenco\/\"]}]},{\"@type\":\"BreadcrumbList\",\"@id\":\"https:\/\/rafazimbaldi.com.br\/novo\/rafa-zimbaldi-intermedia-liberacao-de-area-para-ampliacao-do-mario-gatti-verbas-para-criacao-de-novas-utis-neonatais-no-caism-e-abertura-diurna-da-upa-carlos-lourenco\/#breadcrumb\",\"itemListElement\":[{\"@type\":\"ListItem\",\"position\":1,\"name\":\"In\\u00edcio\",\"item\":\"https:\/\/rafazimbaldi.com.br\/novo\/\"},{\"@type\":\"ListItem\",\"position\":2,\"name\":\"Rafa Zimbaldi intermedia libera\\u00e7\\u00e3o de \\u00e1rea para amplia\\u00e7\\u00e3o do Mario Gatti, verbas para cria\\u00e7\\u00e3o de novas UTIs neonatais no CAISM e abertura diurna da UPA Carlos Louren\\u00e7o\"}]},{\"@type\":\"Person\",\"@id\":\"https:\/\/rafazimbaldi.com.br\/novo\/#\/schema\/person\/4e56a44c106beb5b266f5ad8f6cb4fdc\",\"name\":\"Equipe Rafa Zimbaldi\",\"image\":{\"@type\":\"ImageObject\",\"@id\":\"https:\/\/rafazimbaldi.com.br\/novo\/#personlogo\",\"inLanguage\":\"pt-BR\",\"url\":\"https:\/\/secure.gravatar.com\/avatar\/2801ef563aa18df3a7cdfd19794cfeea?s=96&d=blank&r=g\",\"contentUrl\":\"https:\/\/secure.gravatar.com\/avatar\/2801ef563aa18df3a7cdfd19794cfeea?s=96&d=blank&r=g\",\"caption\":\"Equipe Rafa Zimbaldi\"},\"sameAs\":[\"http:\/\/rafazimbaldi.com.br\/novo\"],\"url\":\"https:\/\/rafazimbaldi.com.br\/novo\/author\/equiperz2018\/\"}]}<\/script>\n<!-- \/ Yoast SEO plugin. -->","_links":{"self":[{"href":"https:\/\/rafazimbaldi.com.br\/novo\/wp-json\/wp\/v2\/posts\/1310"}],"collection":[{"href":"https:\/\/rafazimbaldi.com.br\/novo\/wp-json\/wp\/v2\/posts"}],"about":[{"href":"https:\/\/rafazimbaldi.com.br\/novo\/wp-json\/wp\/v2\/types\/post"}],"author":[{"embeddable":true,"href":"https:\/\/rafazimbaldi.com.br\/novo\/wp-json\/wp\/v2\/users\/2"}],"replies":[{"embeddable":true,"href":"https:\/\/rafazimbaldi.com.br\/novo\/wp-json\/wp\/v2\/comments?post=1310"}],"version-history":[{"count":4,"href":"https:\/\/rafazimbaldi.com.br\/novo\/wp-json\/wp\/v2\/posts\/1310\/revisions"}],"predecessor-version":[{"id":1427,"href":"https:\/\/rafazimbaldi.com.br\/novo\/wp-json\/wp\/v2\/posts\/1310\/revisions\/1427"}],"wp:featuredmedia":[{"embeddable":true,"href":"https:\/\/rafazimbaldi.com.br\/novo\/wp-json\/wp\/v2\/media\/1311"}],"wp:attachment":[{"href":"https:\/\/rafazimbaldi.com.br\/novo\/wp-json\/wp\/v2\/media?parent=1310"}],"wp:term":[{"taxonomy":"category","embeddable":true,"href":"https:\/\/rafazimbaldi.com.br\/novo\/wp-json\/wp\/v2\/categories?post=1310"},{"taxonomy":"post_tag","embeddable":true,"href":"https:\/\/rafazimbaldi.com.br\/novo\/wp-json\/wp\/v2\/tags?post=1310"}],"curies":[{"name":"wp","href":"https:\/\/api.w.org\/{rel}","templated":true}]}}