{"id":1348,"date":"2019-07-02T07:54:37","date_gmt":"2019-07-02T10:54:37","guid":{"rendered":"http:\/\/rafazimbaldi.com\/?p=1348"},"modified":"2019-07-02T08:47:23","modified_gmt":"2019-07-02T11:47:23","slug":"rafa-zimbaldi-quer-criacao-de-subcomissao-para-analise-e-revisao-das-tarifas-de-pedagios-do-estado","status":"publish","type":"post","link":"https:\/\/rafazimbaldi.com.br\/novo\/rafa-zimbaldi-quer-criacao-de-subcomissao-para-analise-e-revisao-das-tarifas-de-pedagios-do-estado\/","title":{"rendered":"Rafa Zimbaldi quer cria\u00e7\u00e3o de subcomiss\u00e3o para an\u00e1lise e revis\u00e3o das tarifas de ped\u00e1gios do Estado"},"content":{"rendered":"\n<p><em>Pedido foi protocolado nesta quinta e precisa ser votado na Comiss\u00e3o de Fiscaliza\u00e7\u00e3o e Controle da Alesp<\/em><\/p>\n\n\n\n<p>O deputado estadual Rafa Zimbaldi, membro da Comiss\u00e3o de Fiscaliza\u00e7\u00e3o e Controle da Assembleia Legislativa do Estado de S\u00e3o Paulo, protocolou nesta quinta-feira o pedido de cria\u00e7\u00e3o de uma subcomiss\u00e3o para an\u00e1lise e fiscaliza\u00e7\u00e3o das concess\u00f5es das rodovias e revis\u00e3o das tarifas praticadas nas pra\u00e7as de ped\u00e1gios em todo Estado de S\u00e3o Paulo.&nbsp;<\/p>\n\n\n\n<p>Segundo Rafa,&nbsp; \u201cos altos valores cobradas nas tarifas de ped\u00e1gios n\u00e3o condizem com o atual estado de conserva\u00e7\u00e3o de algumas rodovias, como por exemplo, a massa asf\u00e1ltica do leito vi\u00e1rio deteriorada com buracos, pontes sem manuten\u00e7\u00e3o, trechos com ilumina\u00e7\u00e3o deficiente, especialmente nos t\u00faneis da baixada santista, sinaliza\u00e7\u00e3o de solo apagada, dentre outras medidas que requerem mais conserva\u00e7\u00e3o por parte das empresas concession\u00e1rias dessas vias que det\u00e9m a arrecada\u00e7\u00e3o dos valores das taxas de ped\u00e1gios\u201d, explica.&nbsp;<\/p>\n\n\n\n<p>O requerimento solicitando a subcomiss\u00e3o precisa ser votado e aprovado pela Comiss\u00e3o de Fiscaliza\u00e7\u00e3o e Controle e s\u00f3 depois pode iniciar seus trabalhos.&nbsp;<\/p>\n","protected":false},"excerpt":{"rendered":"<p>Pedido foi protocolado nesta quinta e precisa ser votado na Comiss\u00e3o de Fiscaliza\u00e7\u00e3o e Controle da Alesp O deputado estadual Rafa Zimbaldi, membro da Comiss\u00e3o de Fiscaliza\u00e7\u00e3o e Controle da Assembleia Legislativa do Estado de S\u00e3o Paulo, protocolou nesta quinta-feira o pedido de cria\u00e7\u00e3o de uma subcomiss\u00e3o para an\u00e1lise e fiscaliza\u00e7\u00e3o das concess\u00f5es das rodovias [&hellip;]<\/p>\n","protected":false},"author":2,"featured_media":1359,"comment_status":"open","ping_status":"open","sticky":false,"template":"","format":"standard","meta":{"_monsterinsights_skip_tracking":false,"_monsterinsights_sitenote_active":false,"_monsterinsights_sitenote_note":"","_monsterinsights_sitenote_category":0},"categories":[10,286,219,1],"tags":[290,15],"yoast_head":"<!-- This site is optimized with the Yoast SEO plugin v16.5 - https:\/\/yoast.com\/wordpress\/plugins\/seo\/ -->\n<title>Rafa Zimbaldi quer cria\u00e7\u00e3o de subcomiss\u00e3o para an\u00e1lise e revis\u00e3o das tarifas de ped\u00e1gios do Estado - Rafa Zimbaldi<\/title>\n<meta name=\"robots\" content=\"index, follow, max-snippet:-1, max-image-preview:large, max-video-preview:-1\" \/>\n<link rel=\"canonical\" href=\"https:\/\/rafazimbaldi.com.br\/novo\/rafa-zimbaldi-quer-criacao-de-subcomissao-para-analise-e-revisao-das-tarifas-de-pedagios-do-estado\/\" \/>\n<meta property=\"og:locale\" content=\"pt_BR\" \/>\n<meta property=\"og:type\" content=\"article\" \/>\n<meta property=\"og:title\" content=\"Rafa Zimbaldi quer cria\u00e7\u00e3o de subcomiss\u00e3o para an\u00e1lise e revis\u00e3o das tarifas de ped\u00e1gios do Estado - Rafa Zimbaldi\" \/>\n<meta property=\"og:description\" content=\"Pedido foi protocolado nesta quinta e precisa ser votado na Comiss\u00e3o de Fiscaliza\u00e7\u00e3o e Controle da Alesp O deputado estadual Rafa Zimbaldi, membro da Comiss\u00e3o de Fiscaliza\u00e7\u00e3o e Controle da Assembleia Legislativa do Estado de S\u00e3o Paulo, protocolou nesta quinta-feira o pedido de cria\u00e7\u00e3o de uma subcomiss\u00e3o para an\u00e1lise e fiscaliza\u00e7\u00e3o das concess\u00f5es das rodovias [&hellip;]\" \/>\n<meta property=\"og:url\" content=\"https:\/\/rafazimbaldi.com.br\/novo\/rafa-zimbaldi-quer-criacao-de-subcomissao-para-analise-e-revisao-das-tarifas-de-pedagios-do-estado\/\" \/>\n<meta property=\"og:site_name\" content=\"Rafa Zimbaldi\" \/>\n<meta property=\"article:published_time\" content=\"2019-07-02T10:54:37+00:00\" \/>\n<meta property=\"article:modified_time\" content=\"2019-07-02T11:47:23+00:00\" \/>\n<meta property=\"og:image\" content=\"https:\/\/rafazimbaldi.com.br\/novo\/wp-content\/uploads\/2019\/07\/rafa_tribuna2.jpg\" \/>\n\t<meta property=\"og:image:width\" content=\"2480\" \/>\n\t<meta property=\"og:image:height\" content=\"1557\" \/>\n<meta name=\"twitter:card\" content=\"summary_large_image\" \/>\n<meta name=\"twitter:label1\" content=\"Est. tempo de leitura\" \/>\n\t<meta name=\"twitter:data1\" content=\"1 minuto\" \/>\n<script type=\"application\/ld+json\" class=\"yoast-schema-graph\">{\"@context\":\"https:\/\/schema.org\",\"@graph\":[{\"@type\":\"WebSite\",\"@id\":\"https:\/\/rafazimbaldi.com.br\/novo\/#website\",\"url\":\"https:\/\/rafazimbaldi.com.br\/novo\/\",\"name\":\"Rafa Zimbaldi\",\"description\":\"Deputado Estadual \",\"potentialAction\":[{\"@type\":\"SearchAction\",\"target\":\"https:\/\/rafazimbaldi.com.br\/novo\/?s={search_term_string}\",\"query-input\":\"required name=search_term_string\"}],\"inLanguage\":\"pt-BR\"},{\"@type\":\"ImageObject\",\"@id\":\"https:\/\/rafazimbaldi.com.br\/novo\/rafa-zimbaldi-quer-criacao-de-subcomissao-para-analise-e-revisao-das-tarifas-de-pedagios-do-estado\/#primaryimage\",\"inLanguage\":\"pt-BR\",\"url\":\"https:\/\/rafazimbaldi.com.br\/novo\/wp-content\/uploads\/2019\/07\/rafa_tribuna2.jpg\",\"contentUrl\":\"https:\/\/rafazimbaldi.com.br\/novo\/wp-content\/uploads\/2019\/07\/rafa_tribuna2.jpg\",\"width\":2480,\"height\":1557},{\"@type\":\"WebPage\",\"@id\":\"https:\/\/rafazimbaldi.com.br\/novo\/rafa-zimbaldi-quer-criacao-de-subcomissao-para-analise-e-revisao-das-tarifas-de-pedagios-do-estado\/#webpage\",\"url\":\"https:\/\/rafazimbaldi.com.br\/novo\/rafa-zimbaldi-quer-criacao-de-subcomissao-para-analise-e-revisao-das-tarifas-de-pedagios-do-estado\/\",\"name\":\"Rafa Zimbaldi quer cria\\u00e7\\u00e3o de subcomiss\\u00e3o para an\\u00e1lise e revis\\u00e3o das tarifas de ped\\u00e1gios do Estado - Rafa Zimbaldi\",\"isPartOf\":{\"@id\":\"https:\/\/rafazimbaldi.com.br\/novo\/#website\"},\"primaryImageOfPage\":{\"@id\":\"https:\/\/rafazimbaldi.com.br\/novo\/rafa-zimbaldi-quer-criacao-de-subcomissao-para-analise-e-revisao-das-tarifas-de-pedagios-do-estado\/#primaryimage\"},\"datePublished\":\"2019-07-02T10:54:37+00:00\",\"dateModified\":\"2019-07-02T11:47:23+00:00\",\"author\":{\"@id\":\"https:\/\/rafazimbaldi.com.br\/novo\/#\/schema\/person\/4e56a44c106beb5b266f5ad8f6cb4fdc\"},\"breadcrumb\":{\"@id\":\"https:\/\/rafazimbaldi.com.br\/novo\/rafa-zimbaldi-quer-criacao-de-subcomissao-para-analise-e-revisao-das-tarifas-de-pedagios-do-estado\/#breadcrumb\"},\"inLanguage\":\"pt-BR\",\"potentialAction\":[{\"@type\":\"ReadAction\",\"target\":[\"https:\/\/rafazimbaldi.com.br\/novo\/rafa-zimbaldi-quer-criacao-de-subcomissao-para-analise-e-revisao-das-tarifas-de-pedagios-do-estado\/\"]}]},{\"@type\":\"BreadcrumbList\",\"@id\":\"https:\/\/rafazimbaldi.com.br\/novo\/rafa-zimbaldi-quer-criacao-de-subcomissao-para-analise-e-revisao-das-tarifas-de-pedagios-do-estado\/#breadcrumb\",\"itemListElement\":[{\"@type\":\"ListItem\",\"position\":1,\"name\":\"In\\u00edcio\",\"item\":\"https:\/\/rafazimbaldi.com.br\/novo\/\"},{\"@type\":\"ListItem\",\"position\":2,\"name\":\"Rafa Zimbaldi quer cria\\u00e7\\u00e3o de subcomiss\\u00e3o para an\\u00e1lise e revis\\u00e3o das tarifas de ped\\u00e1gios do Estado\"}]},{\"@type\":\"Person\",\"@id\":\"https:\/\/rafazimbaldi.com.br\/novo\/#\/schema\/person\/4e56a44c106beb5b266f5ad8f6cb4fdc\",\"name\":\"Equipe Rafa Zimbaldi\",\"image\":{\"@type\":\"ImageObject\",\"@id\":\"https:\/\/rafazimbaldi.com.br\/novo\/#personlogo\",\"inLanguage\":\"pt-BR\",\"url\":\"https:\/\/secure.gravatar.com\/avatar\/2801ef563aa18df3a7cdfd19794cfeea?s=96&d=blank&r=g\",\"contentUrl\":\"https:\/\/secure.gravatar.com\/avatar\/2801ef563aa18df3a7cdfd19794cfeea?s=96&d=blank&r=g\",\"caption\":\"Equipe Rafa Zimbaldi\"},\"sameAs\":[\"http:\/\/rafazimbaldi.com.br\/novo\"],\"url\":\"https:\/\/rafazimbaldi.com.br\/novo\/author\/equiperz2018\/\"}]}<\/script>\n<!-- \/ Yoast SEO plugin. -->","_links":{"self":[{"href":"https:\/\/rafazimbaldi.com.br\/novo\/wp-json\/wp\/v2\/posts\/1348"}],"collection":[{"href":"https:\/\/rafazimbaldi.com.br\/novo\/wp-json\/wp\/v2\/posts"}],"about":[{"href":"https:\/\/rafazimbaldi.com.br\/novo\/wp-json\/wp\/v2\/types\/post"}],"author":[{"embeddable":true,"href":"https:\/\/rafazimbaldi.com.br\/novo\/wp-json\/wp\/v2\/users\/2"}],"replies":[{"embeddable":true,"href":"https:\/\/rafazimbaldi.com.br\/novo\/wp-json\/wp\/v2\/comments?post=1348"}],"version-history":[{"count":1,"href":"https:\/\/rafazimbaldi.com.br\/novo\/wp-json\/wp\/v2\/posts\/1348\/revisions"}],"predecessor-version":[{"id":1363,"href":"https:\/\/rafazimbaldi.com.br\/novo\/wp-json\/wp\/v2\/posts\/1348\/revisions\/1363"}],"wp:featuredmedia":[{"embeddable":true,"href":"https:\/\/rafazimbaldi.com.br\/novo\/wp-json\/wp\/v2\/media\/1359"}],"wp:attachment":[{"href":"https:\/\/rafazimbaldi.com.br\/novo\/wp-json\/wp\/v2\/media?parent=1348"}],"wp:term":[{"taxonomy":"category","embeddable":true,"href":"https:\/\/rafazimbaldi.com.br\/novo\/wp-json\/wp\/v2\/categories?post=1348"},{"taxonomy":"post_tag","embeddable":true,"href":"https:\/\/rafazimbaldi.com.br\/novo\/wp-json\/wp\/v2\/tags?post=1348"}],"curies":[{"name":"wp","href":"https:\/\/api.w.org\/{rel}","templated":true}]}}