{"id":1364,"date":"2019-07-02T07:55:47","date_gmt":"2019-07-02T10:55:47","guid":{"rendered":"http:\/\/rafazimbaldi.com\/?p=1364"},"modified":"2019-07-02T13:09:41","modified_gmt":"2019-07-02T16:09:41","slug":"projeto-de-rafa-que-cria-alcas-de-acesso-na-rodovia-dos-bandeirantes-recebe-parecer-favoravel-em-comissao-da-alesp","status":"publish","type":"post","link":"https:\/\/rafazimbaldi.com.br\/novo\/projeto-de-rafa-que-cria-alcas-de-acesso-na-rodovia-dos-bandeirantes-recebe-parecer-favoravel-em-comissao-da-alesp\/","title":{"rendered":"Projeto de Rafa que cria al\u00e7as de acesso na Rodovia dos Bandeirantes recebe parecer favor\u00e1vel em comiss\u00e3o da Alesp"},"content":{"rendered":"\n<p>O projeto de lei de autoria do Deputado Rafa Zimbaldi que autoriza o governo Estadual a implantar al\u00e7as de acesso da Rodovia dos Bandeirantes no km 95 e outra no km 92, para interliga\u00e7\u00e3o da Avenida John Boyd Dunlop e Avenida Ruy Rodrigues recebeu parecer favor\u00e1vel na Comiss\u00e3o de Constitui\u00e7\u00e3o, Justi\u00e7a e Reda\u00e7\u00e3o (CCJR). &nbsp;<\/p>\n\n\n\n<p>A obra vai beneficiar os moradores dos distritos do Ouro Verde e Campo Grande, melhorando o fluxo vi\u00e1rio da regi\u00e3o. \u201cCom a implanta\u00e7\u00e3o das al\u00e7as mais de 500 mil pessoas ser\u00e3o beneficiadas com esse acesso\u201d, ressalta Rafa.&nbsp;<\/p>\n\n\n\n<p>O parecer favor\u00e1vel ao projeto foi feito pelo deputado estadual Carlos Cezar, que destacou em sua justificativa que \u201ca preocupa\u00e7\u00e3o manifestada nesse projeto de lei, o qual \u00e9 devidamente amparado pelas normas de compet\u00eancia legislativa, tanto no tocante \u00e0 iniciativa parlamentar, quanto \u00e0 compet\u00eancia do Poder Legislativo Estadual para o conhecimento e a delibera\u00e7\u00e3o sobre a mat\u00e9ria, demonstra seu grau de import\u00e2ncia. Com efeito, almeja o aprimoramento do transporte p\u00fablico em favor de seus usu\u00e1rios\u201d, diz o texto.&nbsp;<\/p>\n\n\n\n<p>Com o parecer favor\u00e1vel o projeto j\u00e1 est\u00e1 apto para entrar na pauta de vota\u00e7\u00e3o em plen\u00e1rio.&nbsp;<\/p>\n\n\n\n<p>\u201co projeto abarca tema que n\u00e3o conflita, em absoluto, com as regras de compet\u00eancia legislativa seja quanto \u00e0 iniciativa, seja no tocante ao conhecimento e \u00e0 delibera\u00e7\u00e3o da mat\u00e9ria pelo Poder Legislativo Estadual, eis que a propositura disp\u00f5e, prioritariamente sobre transportes e comunica\u00e7\u00f5es, assunto cuja iniciativa pode ser exercida pelo Poder Legislativo&nbsp;<\/p>\n\n\n\n<p>A preocupa\u00e7\u00e3o manifestada nesse projeto de lei, o qual \u00e9 devidamente amparado pelas normas de compet\u00eancia legislativa, tanto no tocante \u00e0 iniciativa parlamentar, quanto \u00e0 compet\u00eancia do Poder Legislativo Estadual para o conhecimento e a delibera\u00e7\u00e3o sobre a mat\u00e9ria, demonstra seu grau de import\u00e2ncia. Com efeito, almeja o aprimoramento do transporte publico em favor de seus usu\u00e1rios\u00a0<\/p>\n","protected":false},"excerpt":{"rendered":"<p>O projeto de lei de autoria do Deputado Rafa Zimbaldi que autoriza o governo Estadual a implantar al\u00e7as de acesso da Rodovia dos Bandeirantes no km 95 e outra no km 92, para interliga\u00e7\u00e3o da Avenida John Boyd Dunlop e Avenida Ruy Rodrigues recebeu parecer favor\u00e1vel na Comiss\u00e3o de Constitui\u00e7\u00e3o, Justi\u00e7a e Reda\u00e7\u00e3o (CCJR). &nbsp; [&hellip;]<\/p>\n","protected":false},"author":2,"featured_media":1339,"comment_status":"open","ping_status":"open","sticky":false,"template":"","format":"standard","meta":{"_monsterinsights_skip_tracking":false,"_monsterinsights_sitenote_active":false,"_monsterinsights_sitenote_note":"","_monsterinsights_sitenote_category":0},"categories":[10,286,219,1],"tags":[290,15],"yoast_head":"<!-- This site is optimized with the Yoast SEO plugin v16.5 - https:\/\/yoast.com\/wordpress\/plugins\/seo\/ -->\n<title>Projeto de Rafa que cria al\u00e7as de acesso na Rodovia dos Bandeirantes recebe parecer favor\u00e1vel em comiss\u00e3o da Alesp - Rafa Zimbaldi<\/title>\n<meta name=\"robots\" content=\"index, follow, max-snippet:-1, max-image-preview:large, max-video-preview:-1\" \/>\n<link rel=\"canonical\" href=\"https:\/\/rafazimbaldi.com.br\/novo\/projeto-de-rafa-que-cria-alcas-de-acesso-na-rodovia-dos-bandeirantes-recebe-parecer-favoravel-em-comissao-da-alesp\/\" \/>\n<meta property=\"og:locale\" content=\"pt_BR\" \/>\n<meta property=\"og:type\" content=\"article\" \/>\n<meta property=\"og:title\" content=\"Projeto de Rafa que cria al\u00e7as de acesso na Rodovia dos Bandeirantes recebe parecer favor\u00e1vel em comiss\u00e3o da Alesp - Rafa Zimbaldi\" \/>\n<meta property=\"og:description\" content=\"O projeto de lei de autoria do Deputado Rafa Zimbaldi que autoriza o governo Estadual a implantar al\u00e7as de acesso da Rodovia dos Bandeirantes no km 95 e outra no km 92, para interliga\u00e7\u00e3o da Avenida John Boyd Dunlop e Avenida Ruy Rodrigues recebeu parecer favor\u00e1vel na Comiss\u00e3o de Constitui\u00e7\u00e3o, Justi\u00e7a e Reda\u00e7\u00e3o (CCJR). &nbsp; [&hellip;]\" \/>\n<meta property=\"og:url\" content=\"https:\/\/rafazimbaldi.com.br\/novo\/projeto-de-rafa-que-cria-alcas-de-acesso-na-rodovia-dos-bandeirantes-recebe-parecer-favoravel-em-comissao-da-alesp\/\" \/>\n<meta property=\"og:site_name\" content=\"Rafa Zimbaldi\" \/>\n<meta property=\"article:published_time\" content=\"2019-07-02T10:55:47+00:00\" \/>\n<meta property=\"article:modified_time\" content=\"2019-07-02T16:09:41+00:00\" \/>\n<meta property=\"og:image\" content=\"https:\/\/rafazimbaldi.com.br\/novo\/wp-content\/uploads\/2019\/07\/Rodovia_Ca\u0302ndido_Portinari.jpg\" \/>\n\t<meta property=\"og:image:width\" content=\"4000\" \/>\n\t<meta property=\"og:image:height\" content=\"2510\" \/>\n<meta name=\"twitter:card\" content=\"summary_large_image\" \/>\n<meta name=\"twitter:label1\" content=\"Est. tempo de leitura\" \/>\n\t<meta name=\"twitter:data1\" content=\"2 minutos\" \/>\n<script type=\"application\/ld+json\" class=\"yoast-schema-graph\">{\"@context\":\"https:\/\/schema.org\",\"@graph\":[{\"@type\":\"WebSite\",\"@id\":\"https:\/\/rafazimbaldi.com.br\/novo\/#website\",\"url\":\"https:\/\/rafazimbaldi.com.br\/novo\/\",\"name\":\"Rafa Zimbaldi\",\"description\":\"Deputado Estadual \",\"potentialAction\":[{\"@type\":\"SearchAction\",\"target\":\"https:\/\/rafazimbaldi.com.br\/novo\/?s={search_term_string}\",\"query-input\":\"required name=search_term_string\"}],\"inLanguage\":\"pt-BR\"},{\"@type\":\"ImageObject\",\"@id\":\"https:\/\/rafazimbaldi.com.br\/novo\/projeto-de-rafa-que-cria-alcas-de-acesso-na-rodovia-dos-bandeirantes-recebe-parecer-favoravel-em-comissao-da-alesp\/#primaryimage\",\"inLanguage\":\"pt-BR\",\"url\":\"https:\/\/rafazimbaldi.com.br\/novo\/wp-content\/uploads\/2019\/07\/Rodovia_Ca\\u0302ndido_Portinari.jpg\",\"contentUrl\":\"https:\/\/rafazimbaldi.com.br\/novo\/wp-content\/uploads\/2019\/07\/Rodovia_Ca\\u0302ndido_Portinari.jpg\",\"width\":4000,\"height\":2510},{\"@type\":\"WebPage\",\"@id\":\"https:\/\/rafazimbaldi.com.br\/novo\/projeto-de-rafa-que-cria-alcas-de-acesso-na-rodovia-dos-bandeirantes-recebe-parecer-favoravel-em-comissao-da-alesp\/#webpage\",\"url\":\"https:\/\/rafazimbaldi.com.br\/novo\/projeto-de-rafa-que-cria-alcas-de-acesso-na-rodovia-dos-bandeirantes-recebe-parecer-favoravel-em-comissao-da-alesp\/\",\"name\":\"Projeto de Rafa que cria al\\u00e7as de acesso na Rodovia dos Bandeirantes recebe parecer favor\\u00e1vel em comiss\\u00e3o da Alesp - Rafa Zimbaldi\",\"isPartOf\":{\"@id\":\"https:\/\/rafazimbaldi.com.br\/novo\/#website\"},\"primaryImageOfPage\":{\"@id\":\"https:\/\/rafazimbaldi.com.br\/novo\/projeto-de-rafa-que-cria-alcas-de-acesso-na-rodovia-dos-bandeirantes-recebe-parecer-favoravel-em-comissao-da-alesp\/#primaryimage\"},\"datePublished\":\"2019-07-02T10:55:47+00:00\",\"dateModified\":\"2019-07-02T16:09:41+00:00\",\"author\":{\"@id\":\"https:\/\/rafazimbaldi.com.br\/novo\/#\/schema\/person\/4e56a44c106beb5b266f5ad8f6cb4fdc\"},\"breadcrumb\":{\"@id\":\"https:\/\/rafazimbaldi.com.br\/novo\/projeto-de-rafa-que-cria-alcas-de-acesso-na-rodovia-dos-bandeirantes-recebe-parecer-favoravel-em-comissao-da-alesp\/#breadcrumb\"},\"inLanguage\":\"pt-BR\",\"potentialAction\":[{\"@type\":\"ReadAction\",\"target\":[\"https:\/\/rafazimbaldi.com.br\/novo\/projeto-de-rafa-que-cria-alcas-de-acesso-na-rodovia-dos-bandeirantes-recebe-parecer-favoravel-em-comissao-da-alesp\/\"]}]},{\"@type\":\"BreadcrumbList\",\"@id\":\"https:\/\/rafazimbaldi.com.br\/novo\/projeto-de-rafa-que-cria-alcas-de-acesso-na-rodovia-dos-bandeirantes-recebe-parecer-favoravel-em-comissao-da-alesp\/#breadcrumb\",\"itemListElement\":[{\"@type\":\"ListItem\",\"position\":1,\"name\":\"In\\u00edcio\",\"item\":\"https:\/\/rafazimbaldi.com.br\/novo\/\"},{\"@type\":\"ListItem\",\"position\":2,\"name\":\"Projeto de Rafa que cria al\\u00e7as de acesso na Rodovia dos Bandeirantes recebe parecer favor\\u00e1vel em comiss\\u00e3o da Alesp\"}]},{\"@type\":\"Person\",\"@id\":\"https:\/\/rafazimbaldi.com.br\/novo\/#\/schema\/person\/4e56a44c106beb5b266f5ad8f6cb4fdc\",\"name\":\"Equipe Rafa Zimbaldi\",\"image\":{\"@type\":\"ImageObject\",\"@id\":\"https:\/\/rafazimbaldi.com.br\/novo\/#personlogo\",\"inLanguage\":\"pt-BR\",\"url\":\"https:\/\/secure.gravatar.com\/avatar\/2801ef563aa18df3a7cdfd19794cfeea?s=96&d=blank&r=g\",\"contentUrl\":\"https:\/\/secure.gravatar.com\/avatar\/2801ef563aa18df3a7cdfd19794cfeea?s=96&d=blank&r=g\",\"caption\":\"Equipe Rafa Zimbaldi\"},\"sameAs\":[\"http:\/\/rafazimbaldi.com.br\/novo\"],\"url\":\"https:\/\/rafazimbaldi.com.br\/novo\/author\/equiperz2018\/\"}]}<\/script>\n<!-- \/ Yoast SEO plugin. -->","_links":{"self":[{"href":"https:\/\/rafazimbaldi.com.br\/novo\/wp-json\/wp\/v2\/posts\/1364"}],"collection":[{"href":"https:\/\/rafazimbaldi.com.br\/novo\/wp-json\/wp\/v2\/posts"}],"about":[{"href":"https:\/\/rafazimbaldi.com.br\/novo\/wp-json\/wp\/v2\/types\/post"}],"author":[{"embeddable":true,"href":"https:\/\/rafazimbaldi.com.br\/novo\/wp-json\/wp\/v2\/users\/2"}],"replies":[{"embeddable":true,"href":"https:\/\/rafazimbaldi.com.br\/novo\/wp-json\/wp\/v2\/comments?post=1364"}],"version-history":[{"count":2,"href":"https:\/\/rafazimbaldi.com.br\/novo\/wp-json\/wp\/v2\/posts\/1364\/revisions"}],"predecessor-version":[{"id":1428,"href":"https:\/\/rafazimbaldi.com.br\/novo\/wp-json\/wp\/v2\/posts\/1364\/revisions\/1428"}],"wp:featuredmedia":[{"embeddable":true,"href":"https:\/\/rafazimbaldi.com.br\/novo\/wp-json\/wp\/v2\/media\/1339"}],"wp:attachment":[{"href":"https:\/\/rafazimbaldi.com.br\/novo\/wp-json\/wp\/v2\/media?parent=1364"}],"wp:term":[{"taxonomy":"category","embeddable":true,"href":"https:\/\/rafazimbaldi.com.br\/novo\/wp-json\/wp\/v2\/categories?post=1364"},{"taxonomy":"post_tag","embeddable":true,"href":"https:\/\/rafazimbaldi.com.br\/novo\/wp-json\/wp\/v2\/tags?post=1364"}],"curies":[{"name":"wp","href":"https:\/\/api.w.org\/{rel}","templated":true}]}}