{"id":1366,"date":"2019-07-02T08:00:22","date_gmt":"2019-07-02T11:00:22","guid":{"rendered":"http:\/\/rafazimbaldi.com\/?p=1366"},"modified":"2019-07-02T08:47:22","modified_gmt":"2019-07-02T11:47:22","slug":"alesp-aprova-mocao-de-autoria-do-deputado-rafa-zimbaldi-que-aplaude-nomeacao-do-arcebispo-dom-joao-inacio-muller","status":"publish","type":"post","link":"https:\/\/rafazimbaldi.com.br\/novo\/alesp-aprova-mocao-de-autoria-do-deputado-rafa-zimbaldi-que-aplaude-nomeacao-do-arcebispo-dom-joao-inacio-muller\/","title":{"rendered":"Alesp aprova mo\u00e7\u00e3o de autoria do deputado Rafa Zimbaldi que aplaude nomea\u00e7\u00e3o do arcebispo Dom Jo\u00e3o In\u00e1cio Muller"},"content":{"rendered":"\n<p>Na sess\u00e3o desta ter\u00e7a-feira (21) a Assembleia Legislativa do Estado de S\u00e3o Paulo aprovou uma mo\u00e7\u00e3o de aplauso, de autoria do deputado Rafa Zimbaldi, pela nomea\u00e7\u00e3o do Arcebispo Metropolitano de Campinas, Dom Jo\u00e3o In\u00e1cio Muller.&nbsp;<\/p>\n\n\n\n<p>A nomea\u00e7\u00e3o foi anunciada no \u00faltimo dia 15 de maio pelo Papa Francisco e p\u00f5e fim a uma vac\u00e2ncia de 11 meses em que a arquidiocese de Campinas, que compreende nove cidades, estava sem o seu chefe religioso. Dom Jo\u00e3o In\u00e1cio M\u00fcller foi transferido da Diocese de Lorena (SP) e toma posse em 14 de julho, data do anivers\u00e1rio de Campinas.<\/p>\n\n\n\n<p>\u201cFoi com muita alegria que recebemos a not\u00edcia da nomea\u00e7\u00e3o de Dom Jo\u00e3o In\u00e1cio e a casa legislativa do estado de S\u00e3o Paulo n\u00e3o poderia deixar de registrar com a aprova\u00e7\u00e3o desta mo\u00e7\u00e3o o seu cumprimento a esse l\u00edder religioso que ter\u00e1 uma importante miss\u00e3o na arquidiocese de Campinas\u201d, afirma Rafa Zimbaldi.<\/p>\n\n\n\n<p>A cerim\u00f4nia ser\u00e1 durante uma celebra\u00e7\u00e3o campal na Pra\u00e7a Jos\u00e9 Bonif\u00e1cio, em frente \u00e0 Catedral Metropolitana Nossa Senhora da Concei\u00e7\u00e3o, \u00e0s 15h.&nbsp;<\/p>\n\n\n\n<p>Dom Jo\u00e3o In\u00e1cio M\u00fcller \u00e9 o 8\u00ba Bispo e o 6\u00ba Arcebispo da Arquidiocese de Campinas. Ele nasceu em 15 de junho de 1960 em Santa Clara do Sul (RS). \u00c9 formado em filosofia e teologia e se ordenou padre em 1988.<\/p>\n","protected":false},"excerpt":{"rendered":"<p>Na sess\u00e3o desta ter\u00e7a-feira (21) a Assembleia Legislativa do Estado de S\u00e3o Paulo aprovou uma mo\u00e7\u00e3o de aplauso, de autoria do deputado Rafa Zimbaldi, pela nomea\u00e7\u00e3o do Arcebispo Metropolitano de Campinas, Dom Jo\u00e3o In\u00e1cio Muller.&nbsp; A nomea\u00e7\u00e3o foi anunciada no \u00faltimo dia 15 de maio pelo Papa Francisco e p\u00f5e fim a uma vac\u00e2ncia de [&hellip;]<\/p>\n","protected":false},"author":2,"featured_media":1367,"comment_status":"open","ping_status":"open","sticky":false,"template":"","format":"standard","meta":{"_monsterinsights_skip_tracking":false,"_monsterinsights_sitenote_active":false,"_monsterinsights_sitenote_note":"","_monsterinsights_sitenote_category":0},"categories":[10,286,219,1],"tags":[290,15],"yoast_head":"<!-- This site is optimized with the Yoast SEO plugin v16.5 - https:\/\/yoast.com\/wordpress\/plugins\/seo\/ -->\n<title>Alesp aprova mo\u00e7\u00e3o de autoria do deputado Rafa Zimbaldi que aplaude nomea\u00e7\u00e3o do arcebispo Dom Jo\u00e3o In\u00e1cio Muller - Rafa Zimbaldi<\/title>\n<meta name=\"robots\" content=\"index, follow, max-snippet:-1, max-image-preview:large, max-video-preview:-1\" \/>\n<link rel=\"canonical\" href=\"https:\/\/rafazimbaldi.com.br\/novo\/alesp-aprova-mocao-de-autoria-do-deputado-rafa-zimbaldi-que-aplaude-nomeacao-do-arcebispo-dom-joao-inacio-muller\/\" \/>\n<meta property=\"og:locale\" content=\"pt_BR\" \/>\n<meta property=\"og:type\" content=\"article\" \/>\n<meta property=\"og:title\" content=\"Alesp aprova mo\u00e7\u00e3o de autoria do deputado Rafa Zimbaldi que aplaude nomea\u00e7\u00e3o do arcebispo Dom Jo\u00e3o In\u00e1cio Muller - Rafa Zimbaldi\" \/>\n<meta property=\"og:description\" content=\"Na sess\u00e3o desta ter\u00e7a-feira (21) a Assembleia Legislativa do Estado de S\u00e3o Paulo aprovou uma mo\u00e7\u00e3o de aplauso, de autoria do deputado Rafa Zimbaldi, pela nomea\u00e7\u00e3o do Arcebispo Metropolitano de Campinas, Dom Jo\u00e3o In\u00e1cio Muller.&nbsp; A nomea\u00e7\u00e3o foi anunciada no \u00faltimo dia 15 de maio pelo Papa Francisco e p\u00f5e fim a uma vac\u00e2ncia de [&hellip;]\" \/>\n<meta property=\"og:url\" content=\"https:\/\/rafazimbaldi.com.br\/novo\/alesp-aprova-mocao-de-autoria-do-deputado-rafa-zimbaldi-que-aplaude-nomeacao-do-arcebispo-dom-joao-inacio-muller\/\" \/>\n<meta property=\"og:site_name\" content=\"Rafa Zimbaldi\" \/>\n<meta property=\"article:published_time\" content=\"2019-07-02T11:00:22+00:00\" \/>\n<meta property=\"article:modified_time\" content=\"2019-07-02T11:47:22+00:00\" \/>\n<meta property=\"og:image\" content=\"https:\/\/rafazimbaldi.com.br\/novo\/wp-content\/uploads\/2019\/07\/Rafa_comissa\u0303o_assuntos_metropolitanos_baldy.jpg\" \/>\n\t<meta property=\"og:image:width\" content=\"2480\" \/>\n\t<meta property=\"og:image:height\" content=\"1557\" \/>\n<meta name=\"twitter:card\" content=\"summary_large_image\" \/>\n<meta name=\"twitter:label1\" content=\"Est. tempo de leitura\" \/>\n\t<meta name=\"twitter:data1\" content=\"1 minuto\" \/>\n<script type=\"application\/ld+json\" class=\"yoast-schema-graph\">{\"@context\":\"https:\/\/schema.org\",\"@graph\":[{\"@type\":\"WebSite\",\"@id\":\"https:\/\/rafazimbaldi.com.br\/novo\/#website\",\"url\":\"https:\/\/rafazimbaldi.com.br\/novo\/\",\"name\":\"Rafa Zimbaldi\",\"description\":\"Deputado Estadual \",\"potentialAction\":[{\"@type\":\"SearchAction\",\"target\":\"https:\/\/rafazimbaldi.com.br\/novo\/?s={search_term_string}\",\"query-input\":\"required name=search_term_string\"}],\"inLanguage\":\"pt-BR\"},{\"@type\":\"ImageObject\",\"@id\":\"https:\/\/rafazimbaldi.com.br\/novo\/alesp-aprova-mocao-de-autoria-do-deputado-rafa-zimbaldi-que-aplaude-nomeacao-do-arcebispo-dom-joao-inacio-muller\/#primaryimage\",\"inLanguage\":\"pt-BR\",\"url\":\"https:\/\/rafazimbaldi.com.br\/novo\/wp-content\/uploads\/2019\/07\/Rafa_comissa\\u0303o_assuntos_metropolitanos_baldy.jpg\",\"contentUrl\":\"https:\/\/rafazimbaldi.com.br\/novo\/wp-content\/uploads\/2019\/07\/Rafa_comissa\\u0303o_assuntos_metropolitanos_baldy.jpg\",\"width\":2480,\"height\":1557},{\"@type\":\"WebPage\",\"@id\":\"https:\/\/rafazimbaldi.com.br\/novo\/alesp-aprova-mocao-de-autoria-do-deputado-rafa-zimbaldi-que-aplaude-nomeacao-do-arcebispo-dom-joao-inacio-muller\/#webpage\",\"url\":\"https:\/\/rafazimbaldi.com.br\/novo\/alesp-aprova-mocao-de-autoria-do-deputado-rafa-zimbaldi-que-aplaude-nomeacao-do-arcebispo-dom-joao-inacio-muller\/\",\"name\":\"Alesp aprova mo\\u00e7\\u00e3o de autoria do deputado Rafa Zimbaldi que aplaude nomea\\u00e7\\u00e3o do arcebispo Dom Jo\\u00e3o In\\u00e1cio Muller - Rafa Zimbaldi\",\"isPartOf\":{\"@id\":\"https:\/\/rafazimbaldi.com.br\/novo\/#website\"},\"primaryImageOfPage\":{\"@id\":\"https:\/\/rafazimbaldi.com.br\/novo\/alesp-aprova-mocao-de-autoria-do-deputado-rafa-zimbaldi-que-aplaude-nomeacao-do-arcebispo-dom-joao-inacio-muller\/#primaryimage\"},\"datePublished\":\"2019-07-02T11:00:22+00:00\",\"dateModified\":\"2019-07-02T11:47:22+00:00\",\"author\":{\"@id\":\"https:\/\/rafazimbaldi.com.br\/novo\/#\/schema\/person\/4e56a44c106beb5b266f5ad8f6cb4fdc\"},\"breadcrumb\":{\"@id\":\"https:\/\/rafazimbaldi.com.br\/novo\/alesp-aprova-mocao-de-autoria-do-deputado-rafa-zimbaldi-que-aplaude-nomeacao-do-arcebispo-dom-joao-inacio-muller\/#breadcrumb\"},\"inLanguage\":\"pt-BR\",\"potentialAction\":[{\"@type\":\"ReadAction\",\"target\":[\"https:\/\/rafazimbaldi.com.br\/novo\/alesp-aprova-mocao-de-autoria-do-deputado-rafa-zimbaldi-que-aplaude-nomeacao-do-arcebispo-dom-joao-inacio-muller\/\"]}]},{\"@type\":\"BreadcrumbList\",\"@id\":\"https:\/\/rafazimbaldi.com.br\/novo\/alesp-aprova-mocao-de-autoria-do-deputado-rafa-zimbaldi-que-aplaude-nomeacao-do-arcebispo-dom-joao-inacio-muller\/#breadcrumb\",\"itemListElement\":[{\"@type\":\"ListItem\",\"position\":1,\"name\":\"In\\u00edcio\",\"item\":\"https:\/\/rafazimbaldi.com.br\/novo\/\"},{\"@type\":\"ListItem\",\"position\":2,\"name\":\"Alesp aprova mo\\u00e7\\u00e3o de autoria do deputado Rafa Zimbaldi que aplaude nomea\\u00e7\\u00e3o do arcebispo Dom Jo\\u00e3o In\\u00e1cio Muller\"}]},{\"@type\":\"Person\",\"@id\":\"https:\/\/rafazimbaldi.com.br\/novo\/#\/schema\/person\/4e56a44c106beb5b266f5ad8f6cb4fdc\",\"name\":\"Equipe Rafa Zimbaldi\",\"image\":{\"@type\":\"ImageObject\",\"@id\":\"https:\/\/rafazimbaldi.com.br\/novo\/#personlogo\",\"inLanguage\":\"pt-BR\",\"url\":\"https:\/\/secure.gravatar.com\/avatar\/2801ef563aa18df3a7cdfd19794cfeea?s=96&d=blank&r=g\",\"contentUrl\":\"https:\/\/secure.gravatar.com\/avatar\/2801ef563aa18df3a7cdfd19794cfeea?s=96&d=blank&r=g\",\"caption\":\"Equipe Rafa Zimbaldi\"},\"sameAs\":[\"http:\/\/rafazimbaldi.com.br\/novo\"],\"url\":\"https:\/\/rafazimbaldi.com.br\/novo\/author\/equiperz2018\/\"}]}<\/script>\n<!-- \/ Yoast SEO plugin. -->","_links":{"self":[{"href":"https:\/\/rafazimbaldi.com.br\/novo\/wp-json\/wp\/v2\/posts\/1366"}],"collection":[{"href":"https:\/\/rafazimbaldi.com.br\/novo\/wp-json\/wp\/v2\/posts"}],"about":[{"href":"https:\/\/rafazimbaldi.com.br\/novo\/wp-json\/wp\/v2\/types\/post"}],"author":[{"embeddable":true,"href":"https:\/\/rafazimbaldi.com.br\/novo\/wp-json\/wp\/v2\/users\/2"}],"replies":[{"embeddable":true,"href":"https:\/\/rafazimbaldi.com.br\/novo\/wp-json\/wp\/v2\/comments?post=1366"}],"version-history":[{"count":1,"href":"https:\/\/rafazimbaldi.com.br\/novo\/wp-json\/wp\/v2\/posts\/1366\/revisions"}],"predecessor-version":[{"id":1368,"href":"https:\/\/rafazimbaldi.com.br\/novo\/wp-json\/wp\/v2\/posts\/1366\/revisions\/1368"}],"wp:featuredmedia":[{"embeddable":true,"href":"https:\/\/rafazimbaldi.com.br\/novo\/wp-json\/wp\/v2\/media\/1367"}],"wp:attachment":[{"href":"https:\/\/rafazimbaldi.com.br\/novo\/wp-json\/wp\/v2\/media?parent=1366"}],"wp:term":[{"taxonomy":"category","embeddable":true,"href":"https:\/\/rafazimbaldi.com.br\/novo\/wp-json\/wp\/v2\/categories?post=1366"},{"taxonomy":"post_tag","embeddable":true,"href":"https:\/\/rafazimbaldi.com.br\/novo\/wp-json\/wp\/v2\/tags?post=1366"}],"curies":[{"name":"wp","href":"https:\/\/api.w.org\/{rel}","templated":true}]}}