{"id":1381,"date":"2019-07-02T08:16:38","date_gmt":"2019-07-02T11:16:38","guid":{"rendered":"http:\/\/rafazimbaldi.com\/?p=1381"},"modified":"2019-07-02T13:07:22","modified_gmt":"2019-07-02T16:07:22","slug":"promotor-do-mp-afirma-que-barragem-de-salto-grande-nao-tem-risco-de-rompimento","status":"publish","type":"post","link":"https:\/\/rafazimbaldi.com.br\/novo\/promotor-do-mp-afirma-que-barragem-de-salto-grande-nao-tem-risco-de-rompimento\/","title":{"rendered":"Promotor do MP afirma que Barragem de Salto Grande n\u00e3o tem risco de rompimento"},"content":{"rendered":"\n<p>O promotor de Justi\u00e7a de Americana, S\u00e3o Paulo, Ivan Carneiro Castanheira afirmou na tarde desta ter\u00e7a-feira (25) aos deputados integrantes da Comiss\u00e3o Parlamentar de Inqu\u00e9rito (CPI) da Assembleia Legislativa do Estado de S\u00e3o Paulo que investiga a seguran\u00e7a da Barragem de Salto Grande que o equipamento \u00e9 seguro e n\u00e3o apresenta sinais visuais de vazamentos, umidades ou rachaduras.&nbsp;<\/p>\n\n\n\n<p><\/p>\n\n\n\n<p>\u201cEstivemos presente no local e a quest\u00e3o da seguran\u00e7a est\u00e1 equacionada o que eu sugiro que esta Casa fa\u00e7a com rela\u00e7\u00e3o \u00e0 barragem \u00e9 uma investiga\u00e7\u00e3o da qualidade da \u00e1gua do local, que envolve um processo muito complexo: com a situa\u00e7\u00e3o de despejo de esgoto de 11 cidades, atividade agr\u00edcola da regi\u00e3o, licenciamento ambiental e as quest\u00f5es de turismo e com\u00e9rcio\u201d, afirma o promotor.&nbsp;<\/p>\n\n\n\n<p>O relator da CPI, deputado Rafa Zimbaldi solicitou ao promotor que envie \u00e0 comiss\u00e3o todo o relat\u00f3rio feito pelo Minist\u00e9rio P\u00fablico que diz respeito \u00e0 seguran\u00e7a da Barragem. \u201cGostaria tamb\u00e9m de convidar o promotor para acompanhar esta CPI na dilig\u00eancia que faremos na Barragem ainda no pr\u00f3ximo m\u00eas, vamos constatar os apontamentos expostos aqui e depois marcaremos oitivas com representantes da CPFL Renov\u00e1veis e Aneel (Ag\u00eancia Nacional de Energia El\u00e9trica) e depois iniciaremos o relat\u00f3rio final\u201d, explica Rafa.&nbsp;<\/p>\n\n\n\n<p>O presidente da CPI, deputado Roberto Morais agradeceu a presen\u00e7a do promotor e a sugest\u00e3o para que os deputados investiguem as quest\u00f5es que envolvem a qualidade da \u00e1gua da represa, bem como os respons\u00e1veis pelo despejo e manuten\u00e7\u00e3o. Nesse contexto, Morais questionou o representante do MP se o \u00f3rg\u00e3o tem algum inqu\u00e9rito que apresente os envolvidos e as sugest\u00f5es de a\u00e7\u00f5es para despolui\u00e7\u00e3o. Castanheira afirmou que al\u00e9m de promotor de Justi\u00e7a de Americana \u00e9 tamb\u00e9m integrante do Grupo de Atua\u00e7\u00e3o Especial do Meio Ambiente (GAEMA), portanto, colocou todo o trabalho de investiga\u00e7\u00e3o do \u00f3rg\u00e3o \u00e0 disposi\u00e7\u00e3o dos deputados e ainda acrescentou: \u201cComo membro do Conselho Federal dos Direitos Difusos, conto com o apoio do legislativo para que seja poss\u00edvel criar um projeto de concep\u00e7\u00e3o para que possamos usar o dinheiro do fundo em a\u00e7\u00f5es como esta da Represa de Salto Grande, por exemplo\u201d.&nbsp;<\/p>\n\n\n\n<p><strong><em>*Luiz Dalbem*<\/em><\/strong><\/p>\n\n\n\n<p>O prefeito de Sumar\u00e9, Luiz Dalben, conforme acordado na semana passada esteve presente na reuni\u00e3o da CPI, entretanto diante das exposi\u00e7\u00f5es do promotor de Justi\u00e7a, o deputado Dirceu Dalben \u2013 autor do pedido de convoca\u00e7\u00e3o do prefeito e vice-presidente da CPI \u2013 retirou a solicita\u00e7\u00e3o. \u201cCreio que diante das declara\u00e7\u00f5es do promotor de que a barragem n\u00e3o oferece risco de inundas as cidades vizinhas, a oitiva com o prefeito de Sumar\u00e9 perdeu o objeto\u201d, conclui.&nbsp;<\/p>\n\n\n\n<p>Al\u00e9m de Roberto, Rafa e Dirceu, a reuni\u00e3o contou ainda com a presen\u00e7a dos deputados <a href=\"https:\/\/www.al.sp.gov.br\/alesp\/deputado?matricula=300605\">Adalberto Freitas<\/a>, <a href=\"https:\/\/www.al.sp.gov.br\/alesp\/deputado?matricula=300545\">Luiz Fernando T. Ferreira<\/a>, <a href=\"https:\/\/www.al.sp.gov.br\/alesp\/deputado?matricula=300539\">Ricardo Madalena<\/a>, <a href=\"https:\/\/www.al.sp.gov.br\/alesp\/deputado?matricula=300616\">Cezar<\/a> e <a href=\"https:\/\/www.al.sp.gov.br\/alesp\/deputado?matricula=300635\">Marcio Nakashima<\/a><\/p>\n\n\n\n<p><strong>*Saiba mais:*<\/strong><\/p>\n\n\n\n<p>A Usina Hidrel\u00e9trica Salto Grande foi inaugurada em 19 de novembro de 1949, est\u00e1 localizada no rio Atibaia e faz parte da bacia hidrogr\u00e1fica do rio Piracicaba no munic\u00edpio de Americana, estado de S\u00e3o Paulo.<\/p>\n\n\n\n<p>Atualmente a usina \u00e9 operada pela CPFL Renov\u00e1veis e tem capacidade instalada de 30 MW com tr\u00eas unidades geradoras de energia, e seu reservat\u00f3rio ocupa uma \u00e1rea de 8,7 Km2.<\/p>\n\n\n\n<p>Ocorre que, em 2018 a Ag\u00eancia Nacional de \u00c1guas (ANA), \u00f3rg\u00e3o respons\u00e1vel pela fiscaliza\u00e7\u00e3o das barragens, divulgou o seu Relat\u00f3rio de Seguran\u00e7a de Barragens, classificando a PCH (Pequena Central Hidrel\u00e9trica) de Americana e do Reservat\u00f3rio de Salto Grande como risco A, o que significa alta categoria de risco e alto dano potencial associado.<\/p>\n\n\n\n<p>A informa\u00e7\u00e3o foi amplamente explorada pelos ve\u00edculos de comunica\u00e7\u00e3o e levou o Minist\u00e9rio P\u00fablico do Estado de S\u00e3o Paulo a instaurar um inqu\u00e9rito por meio do Grupo de Atua\u00e7\u00e3o Especial de Defesa do Meio Ambiente (GAEMA), n\u00facleo de Piracicaba, e da Promotoria do Meio ambiente de Americana.&nbsp;<\/p>\n","protected":false},"excerpt":{"rendered":"<p>O promotor de Justi\u00e7a de Americana, S\u00e3o Paulo, Ivan Carneiro Castanheira afirmou na tarde desta ter\u00e7a-feira (25) aos deputados integrantes da Comiss\u00e3o Parlamentar de Inqu\u00e9rito (CPI) da Assembleia Legislativa do Estado de S\u00e3o Paulo que investiga a seguran\u00e7a da Barragem de Salto Grande que o equipamento \u00e9 seguro e n\u00e3o apresenta sinais visuais de vazamentos, [&hellip;]<\/p>\n","protected":false},"author":2,"featured_media":1382,"comment_status":"open","ping_status":"open","sticky":false,"template":"","format":"standard","meta":{"_monsterinsights_skip_tracking":false,"_monsterinsights_sitenote_active":false,"_monsterinsights_sitenote_note":"","_monsterinsights_sitenote_category":0},"categories":[10,286,219,1],"tags":[290,15],"yoast_head":"<!-- This site is optimized with the Yoast SEO plugin v16.5 - https:\/\/yoast.com\/wordpress\/plugins\/seo\/ -->\n<title>Promotor do MP afirma que Barragem de Salto Grande n\u00e3o tem risco de rompimento - Rafa Zimbaldi<\/title>\n<meta name=\"robots\" content=\"index, follow, max-snippet:-1, max-image-preview:large, max-video-preview:-1\" \/>\n<link rel=\"canonical\" href=\"https:\/\/rafazimbaldi.com.br\/novo\/promotor-do-mp-afirma-que-barragem-de-salto-grande-nao-tem-risco-de-rompimento\/\" \/>\n<meta property=\"og:locale\" content=\"pt_BR\" \/>\n<meta property=\"og:type\" content=\"article\" \/>\n<meta property=\"og:title\" content=\"Promotor do MP afirma que Barragem de Salto Grande n\u00e3o tem risco de rompimento - Rafa Zimbaldi\" \/>\n<meta property=\"og:description\" content=\"O promotor de Justi\u00e7a de Americana, S\u00e3o Paulo, Ivan Carneiro Castanheira afirmou na tarde desta ter\u00e7a-feira (25) aos deputados integrantes da Comiss\u00e3o Parlamentar de Inqu\u00e9rito (CPI) da Assembleia Legislativa do Estado de S\u00e3o Paulo que investiga a seguran\u00e7a da Barragem de Salto Grande que o equipamento \u00e9 seguro e n\u00e3o apresenta sinais visuais de vazamentos, [&hellip;]\" \/>\n<meta property=\"og:url\" content=\"https:\/\/rafazimbaldi.com.br\/novo\/promotor-do-mp-afirma-que-barragem-de-salto-grande-nao-tem-risco-de-rompimento\/\" \/>\n<meta property=\"og:site_name\" content=\"Rafa Zimbaldi\" \/>\n<meta property=\"article:published_time\" content=\"2019-07-02T11:16:38+00:00\" \/>\n<meta property=\"article:modified_time\" content=\"2019-07-02T16:07:22+00:00\" \/>\n<meta property=\"og:image\" content=\"https:\/\/rafazimbaldi.com.br\/novo\/wp-content\/uploads\/2019\/07\/Rafa_CPI_Barregem_Salto_Grande2_25_06_2019_com_promotor.jpg\" \/>\n\t<meta property=\"og:image:width\" content=\"1445\" \/>\n\t<meta property=\"og:image:height\" content=\"907\" \/>\n<meta name=\"twitter:card\" content=\"summary_large_image\" \/>\n<meta name=\"twitter:label1\" content=\"Est. tempo de leitura\" \/>\n\t<meta name=\"twitter:data1\" content=\"3 minutos\" \/>\n<script type=\"application\/ld+json\" class=\"yoast-schema-graph\">{\"@context\":\"https:\/\/schema.org\",\"@graph\":[{\"@type\":\"WebSite\",\"@id\":\"https:\/\/rafazimbaldi.com.br\/novo\/#website\",\"url\":\"https:\/\/rafazimbaldi.com.br\/novo\/\",\"name\":\"Rafa Zimbaldi\",\"description\":\"Deputado Estadual \",\"potentialAction\":[{\"@type\":\"SearchAction\",\"target\":\"https:\/\/rafazimbaldi.com.br\/novo\/?s={search_term_string}\",\"query-input\":\"required name=search_term_string\"}],\"inLanguage\":\"pt-BR\"},{\"@type\":\"ImageObject\",\"@id\":\"https:\/\/rafazimbaldi.com.br\/novo\/promotor-do-mp-afirma-que-barragem-de-salto-grande-nao-tem-risco-de-rompimento\/#primaryimage\",\"inLanguage\":\"pt-BR\",\"url\":\"https:\/\/rafazimbaldi.com.br\/novo\/wp-content\/uploads\/2019\/07\/Rafa_CPI_Barregem_Salto_Grande2_25_06_2019_com_promotor.jpg\",\"contentUrl\":\"https:\/\/rafazimbaldi.com.br\/novo\/wp-content\/uploads\/2019\/07\/Rafa_CPI_Barregem_Salto_Grande2_25_06_2019_com_promotor.jpg\",\"width\":1445,\"height\":907},{\"@type\":\"WebPage\",\"@id\":\"https:\/\/rafazimbaldi.com.br\/novo\/promotor-do-mp-afirma-que-barragem-de-salto-grande-nao-tem-risco-de-rompimento\/#webpage\",\"url\":\"https:\/\/rafazimbaldi.com.br\/novo\/promotor-do-mp-afirma-que-barragem-de-salto-grande-nao-tem-risco-de-rompimento\/\",\"name\":\"Promotor do MP afirma que Barragem de Salto Grande n\\u00e3o tem risco de rompimento - Rafa Zimbaldi\",\"isPartOf\":{\"@id\":\"https:\/\/rafazimbaldi.com.br\/novo\/#website\"},\"primaryImageOfPage\":{\"@id\":\"https:\/\/rafazimbaldi.com.br\/novo\/promotor-do-mp-afirma-que-barragem-de-salto-grande-nao-tem-risco-de-rompimento\/#primaryimage\"},\"datePublished\":\"2019-07-02T11:16:38+00:00\",\"dateModified\":\"2019-07-02T16:07:22+00:00\",\"author\":{\"@id\":\"https:\/\/rafazimbaldi.com.br\/novo\/#\/schema\/person\/4e56a44c106beb5b266f5ad8f6cb4fdc\"},\"breadcrumb\":{\"@id\":\"https:\/\/rafazimbaldi.com.br\/novo\/promotor-do-mp-afirma-que-barragem-de-salto-grande-nao-tem-risco-de-rompimento\/#breadcrumb\"},\"inLanguage\":\"pt-BR\",\"potentialAction\":[{\"@type\":\"ReadAction\",\"target\":[\"https:\/\/rafazimbaldi.com.br\/novo\/promotor-do-mp-afirma-que-barragem-de-salto-grande-nao-tem-risco-de-rompimento\/\"]}]},{\"@type\":\"BreadcrumbList\",\"@id\":\"https:\/\/rafazimbaldi.com.br\/novo\/promotor-do-mp-afirma-que-barragem-de-salto-grande-nao-tem-risco-de-rompimento\/#breadcrumb\",\"itemListElement\":[{\"@type\":\"ListItem\",\"position\":1,\"name\":\"In\\u00edcio\",\"item\":\"https:\/\/rafazimbaldi.com.br\/novo\/\"},{\"@type\":\"ListItem\",\"position\":2,\"name\":\"Promotor do MP afirma que Barragem de Salto Grande n\\u00e3o tem risco de rompimento\"}]},{\"@type\":\"Person\",\"@id\":\"https:\/\/rafazimbaldi.com.br\/novo\/#\/schema\/person\/4e56a44c106beb5b266f5ad8f6cb4fdc\",\"name\":\"Equipe Rafa Zimbaldi\",\"image\":{\"@type\":\"ImageObject\",\"@id\":\"https:\/\/rafazimbaldi.com.br\/novo\/#personlogo\",\"inLanguage\":\"pt-BR\",\"url\":\"https:\/\/secure.gravatar.com\/avatar\/2801ef563aa18df3a7cdfd19794cfeea?s=96&d=blank&r=g\",\"contentUrl\":\"https:\/\/secure.gravatar.com\/avatar\/2801ef563aa18df3a7cdfd19794cfeea?s=96&d=blank&r=g\",\"caption\":\"Equipe Rafa Zimbaldi\"},\"sameAs\":[\"http:\/\/rafazimbaldi.com.br\/novo\"],\"url\":\"https:\/\/rafazimbaldi.com.br\/novo\/author\/equiperz2018\/\"}]}<\/script>\n<!-- \/ Yoast SEO plugin. -->","_links":{"self":[{"href":"https:\/\/rafazimbaldi.com.br\/novo\/wp-json\/wp\/v2\/posts\/1381"}],"collection":[{"href":"https:\/\/rafazimbaldi.com.br\/novo\/wp-json\/wp\/v2\/posts"}],"about":[{"href":"https:\/\/rafazimbaldi.com.br\/novo\/wp-json\/wp\/v2\/types\/post"}],"author":[{"embeddable":true,"href":"https:\/\/rafazimbaldi.com.br\/novo\/wp-json\/wp\/v2\/users\/2"}],"replies":[{"embeddable":true,"href":"https:\/\/rafazimbaldi.com.br\/novo\/wp-json\/wp\/v2\/comments?post=1381"}],"version-history":[{"count":2,"href":"https:\/\/rafazimbaldi.com.br\/novo\/wp-json\/wp\/v2\/posts\/1381\/revisions"}],"predecessor-version":[{"id":1425,"href":"https:\/\/rafazimbaldi.com.br\/novo\/wp-json\/wp\/v2\/posts\/1381\/revisions\/1425"}],"wp:featuredmedia":[{"embeddable":true,"href":"https:\/\/rafazimbaldi.com.br\/novo\/wp-json\/wp\/v2\/media\/1382"}],"wp:attachment":[{"href":"https:\/\/rafazimbaldi.com.br\/novo\/wp-json\/wp\/v2\/media?parent=1381"}],"wp:term":[{"taxonomy":"category","embeddable":true,"href":"https:\/\/rafazimbaldi.com.br\/novo\/wp-json\/wp\/v2\/categories?post=1381"},{"taxonomy":"post_tag","embeddable":true,"href":"https:\/\/rafazimbaldi.com.br\/novo\/wp-json\/wp\/v2\/tags?post=1381"}],"curies":[{"name":"wp","href":"https:\/\/api.w.org\/{rel}","templated":true}]}}