{"id":1384,"date":"2019-07-02T08:19:42","date_gmt":"2019-07-02T11:19:42","guid":{"rendered":"http:\/\/rafazimbaldi.com\/?p=1384"},"modified":"2019-07-02T08:47:22","modified_gmt":"2019-07-02T11:47:22","slug":"rafa-zimbaldi-e-eleito-relator-da-cpi-da-barragem-de-salto-grande","status":"publish","type":"post","link":"https:\/\/rafazimbaldi.com.br\/novo\/rafa-zimbaldi-e-eleito-relator-da-cpi-da-barragem-de-salto-grande\/","title":{"rendered":"Rafa Zimbaldi \u00e9 eleito relator da CPI da Barragem de Salto Grande"},"content":{"rendered":"\n<p><em>Comiss\u00e3o que investiga Barragem de Salto Grande escolhe presidente, vice, relator e j\u00e1 define cronograma de trabalho<\/em><\/p>\n\n\n\n<p>A Comiss\u00e3o Parlamentar de Inqu\u00e9rito da Assembleia Legislativa do Estado de S\u00e3o Paulo que vai investigar a real situa\u00e7\u00e3o da Barragem de Salto Grande, localizada em Americana realizou sua primeira reuni\u00e3o na tarde desta ter\u00e7a-feira (04\/06). A CPI \u00e9 composta por nove deputados estaduais sendo que ter\u00e1 como presidente dos trabalhos o deputado Roberto Morais, como vice-presidente o deputado Dirceu Dalben e como relator o deputado Rafa Zimbaldi.&nbsp;<\/p>\n\n\n\n<p>\u201c\u00c9 uma grande responsabilidade assumirmos a relatoria dessa importante investiga\u00e7\u00e3o para que possamos saber de fato todos os riscos ou n\u00e3o que a barragem pode causar nas \u00e1reas ao redor e, claro, evitar trag\u00e9dias como a que ocorreram em Mariana e Brumadinho, ambas em Minas Gerais\u201d.&nbsp;<\/p>\n\n\n\n<p>Durante o encontro o presidente da CPI apresentou aos colegas a proposta de cronograma de trabalho. \u201cRegimentalmente temos o prazo de conclus\u00e3o das atividades at\u00e9 10 de setembro, podendo ainda se estender por mais 60 dias. Gostar\u00edamos que nossos encontros neste m\u00eas de junho sejam semanalmente \u00e0s ter\u00e7as-feiras, \u00e0s 13h. J\u00e1 na pr\u00f3xima semana vamos deliberar sobre os requerimentos de convites \u00e0s autoridades para que j\u00e1 no dia 18 possamos iniciar as oitivas\u201d, explica o deputado Roberto Morais.<\/p>\n\n\n\n<p>Entre os nomes que devem ser ouvidos pela CPI est\u00e3o os prefeitos de Limeira, Piracicaba, Sumar\u00e9 e Americana, al\u00e9m de promotores e do jornalista da Rede Bandeirantes de Comunica\u00e7\u00e3o, Fabio Pannunzio \u2013 que fez uma investiga\u00e7\u00e3o jornal\u00edstica que apontou riscos de rompimento da barragem.&nbsp;<\/p>\n\n\n\n<p><strong>*Saiba mais:*<\/strong><\/p>\n\n\n\n<p>A Barragem de&nbsp;Salto&nbsp;Grande&nbsp;est\u00e1 localizada no rio Atibaia, que pertence \u00e0 bacia hidrogr\u00e1fica do rio Piracicaba, em Americana. Inaugurada em 1949 e operada pela CPFL Renov\u00e1veis, tem 22 metros de altura e tr\u00eas unidades geradoras de energia.<\/p>\n","protected":false},"excerpt":{"rendered":"<p>Comiss\u00e3o que investiga Barragem de Salto Grande escolhe presidente, vice, relator e j\u00e1 define cronograma de trabalho A Comiss\u00e3o Parlamentar de Inqu\u00e9rito da Assembleia Legislativa do Estado de S\u00e3o Paulo que vai investigar a real situa\u00e7\u00e3o da Barragem de Salto Grande, localizada em Americana realizou sua primeira reuni\u00e3o na tarde desta ter\u00e7a-feira (04\/06). A CPI [&hellip;]<\/p>\n","protected":false},"author":2,"featured_media":1385,"comment_status":"open","ping_status":"open","sticky":false,"template":"","format":"standard","meta":{"_monsterinsights_skip_tracking":false,"_monsterinsights_sitenote_active":false,"_monsterinsights_sitenote_note":"","_monsterinsights_sitenote_category":0},"categories":[10,286,219,1],"tags":[290,15],"yoast_head":"<!-- This site is optimized with the Yoast SEO plugin v16.5 - https:\/\/yoast.com\/wordpress\/plugins\/seo\/ -->\n<title>Rafa Zimbaldi \u00e9 eleito relator da CPI da Barragem de Salto Grande - Rafa Zimbaldi<\/title>\n<meta name=\"robots\" content=\"index, follow, max-snippet:-1, max-image-preview:large, max-video-preview:-1\" \/>\n<link rel=\"canonical\" href=\"https:\/\/rafazimbaldi.com.br\/novo\/rafa-zimbaldi-e-eleito-relator-da-cpi-da-barragem-de-salto-grande\/\" \/>\n<meta property=\"og:locale\" content=\"pt_BR\" \/>\n<meta property=\"og:type\" content=\"article\" \/>\n<meta property=\"og:title\" content=\"Rafa Zimbaldi \u00e9 eleito relator da CPI da Barragem de Salto Grande - Rafa Zimbaldi\" \/>\n<meta property=\"og:description\" content=\"Comiss\u00e3o que investiga Barragem de Salto Grande escolhe presidente, vice, relator e j\u00e1 define cronograma de trabalho A Comiss\u00e3o Parlamentar de Inqu\u00e9rito da Assembleia Legislativa do Estado de S\u00e3o Paulo que vai investigar a real situa\u00e7\u00e3o da Barragem de Salto Grande, localizada em Americana realizou sua primeira reuni\u00e3o na tarde desta ter\u00e7a-feira (04\/06). A CPI [&hellip;]\" \/>\n<meta property=\"og:url\" content=\"https:\/\/rafazimbaldi.com.br\/novo\/rafa-zimbaldi-e-eleito-relator-da-cpi-da-barragem-de-salto-grande\/\" \/>\n<meta property=\"og:site_name\" content=\"Rafa Zimbaldi\" \/>\n<meta property=\"article:published_time\" content=\"2019-07-02T11:19:42+00:00\" \/>\n<meta property=\"article:modified_time\" content=\"2019-07-02T11:47:22+00:00\" \/>\n<meta property=\"og:image\" content=\"https:\/\/rafazimbaldi.com.br\/novo\/wp-content\/uploads\/2019\/07\/Rafa_CPI_Barragem_Salto_grande_18_06_2019-2.jpg\" \/>\n\t<meta property=\"og:image:width\" content=\"3139\" \/>\n\t<meta property=\"og:image:height\" content=\"1970\" \/>\n<meta name=\"twitter:card\" content=\"summary_large_image\" \/>\n<meta name=\"twitter:label1\" content=\"Est. tempo de leitura\" \/>\n\t<meta name=\"twitter:data1\" content=\"2 minutos\" \/>\n<script type=\"application\/ld+json\" class=\"yoast-schema-graph\">{\"@context\":\"https:\/\/schema.org\",\"@graph\":[{\"@type\":\"WebSite\",\"@id\":\"https:\/\/rafazimbaldi.com.br\/novo\/#website\",\"url\":\"https:\/\/rafazimbaldi.com.br\/novo\/\",\"name\":\"Rafa Zimbaldi\",\"description\":\"Deputado Estadual \",\"potentialAction\":[{\"@type\":\"SearchAction\",\"target\":\"https:\/\/rafazimbaldi.com.br\/novo\/?s={search_term_string}\",\"query-input\":\"required name=search_term_string\"}],\"inLanguage\":\"pt-BR\"},{\"@type\":\"ImageObject\",\"@id\":\"https:\/\/rafazimbaldi.com.br\/novo\/rafa-zimbaldi-e-eleito-relator-da-cpi-da-barragem-de-salto-grande\/#primaryimage\",\"inLanguage\":\"pt-BR\",\"url\":\"https:\/\/rafazimbaldi.com.br\/novo\/wp-content\/uploads\/2019\/07\/Rafa_CPI_Barragem_Salto_grande_18_06_2019-2.jpg\",\"contentUrl\":\"https:\/\/rafazimbaldi.com.br\/novo\/wp-content\/uploads\/2019\/07\/Rafa_CPI_Barragem_Salto_grande_18_06_2019-2.jpg\",\"width\":3139,\"height\":1970},{\"@type\":\"WebPage\",\"@id\":\"https:\/\/rafazimbaldi.com.br\/novo\/rafa-zimbaldi-e-eleito-relator-da-cpi-da-barragem-de-salto-grande\/#webpage\",\"url\":\"https:\/\/rafazimbaldi.com.br\/novo\/rafa-zimbaldi-e-eleito-relator-da-cpi-da-barragem-de-salto-grande\/\",\"name\":\"Rafa Zimbaldi \\u00e9 eleito relator da CPI da Barragem de Salto Grande - Rafa Zimbaldi\",\"isPartOf\":{\"@id\":\"https:\/\/rafazimbaldi.com.br\/novo\/#website\"},\"primaryImageOfPage\":{\"@id\":\"https:\/\/rafazimbaldi.com.br\/novo\/rafa-zimbaldi-e-eleito-relator-da-cpi-da-barragem-de-salto-grande\/#primaryimage\"},\"datePublished\":\"2019-07-02T11:19:42+00:00\",\"dateModified\":\"2019-07-02T11:47:22+00:00\",\"author\":{\"@id\":\"https:\/\/rafazimbaldi.com.br\/novo\/#\/schema\/person\/4e56a44c106beb5b266f5ad8f6cb4fdc\"},\"breadcrumb\":{\"@id\":\"https:\/\/rafazimbaldi.com.br\/novo\/rafa-zimbaldi-e-eleito-relator-da-cpi-da-barragem-de-salto-grande\/#breadcrumb\"},\"inLanguage\":\"pt-BR\",\"potentialAction\":[{\"@type\":\"ReadAction\",\"target\":[\"https:\/\/rafazimbaldi.com.br\/novo\/rafa-zimbaldi-e-eleito-relator-da-cpi-da-barragem-de-salto-grande\/\"]}]},{\"@type\":\"BreadcrumbList\",\"@id\":\"https:\/\/rafazimbaldi.com.br\/novo\/rafa-zimbaldi-e-eleito-relator-da-cpi-da-barragem-de-salto-grande\/#breadcrumb\",\"itemListElement\":[{\"@type\":\"ListItem\",\"position\":1,\"name\":\"In\\u00edcio\",\"item\":\"https:\/\/rafazimbaldi.com.br\/novo\/\"},{\"@type\":\"ListItem\",\"position\":2,\"name\":\"Rafa Zimbaldi \\u00e9 eleito relator da CPI da Barragem de Salto Grande\"}]},{\"@type\":\"Person\",\"@id\":\"https:\/\/rafazimbaldi.com.br\/novo\/#\/schema\/person\/4e56a44c106beb5b266f5ad8f6cb4fdc\",\"name\":\"Equipe Rafa Zimbaldi\",\"image\":{\"@type\":\"ImageObject\",\"@id\":\"https:\/\/rafazimbaldi.com.br\/novo\/#personlogo\",\"inLanguage\":\"pt-BR\",\"url\":\"https:\/\/secure.gravatar.com\/avatar\/2801ef563aa18df3a7cdfd19794cfeea?s=96&d=blank&r=g\",\"contentUrl\":\"https:\/\/secure.gravatar.com\/avatar\/2801ef563aa18df3a7cdfd19794cfeea?s=96&d=blank&r=g\",\"caption\":\"Equipe Rafa Zimbaldi\"},\"sameAs\":[\"http:\/\/rafazimbaldi.com.br\/novo\"],\"url\":\"https:\/\/rafazimbaldi.com.br\/novo\/author\/equiperz2018\/\"}]}<\/script>\n<!-- \/ Yoast SEO plugin. -->","_links":{"self":[{"href":"https:\/\/rafazimbaldi.com.br\/novo\/wp-json\/wp\/v2\/posts\/1384"}],"collection":[{"href":"https:\/\/rafazimbaldi.com.br\/novo\/wp-json\/wp\/v2\/posts"}],"about":[{"href":"https:\/\/rafazimbaldi.com.br\/novo\/wp-json\/wp\/v2\/types\/post"}],"author":[{"embeddable":true,"href":"https:\/\/rafazimbaldi.com.br\/novo\/wp-json\/wp\/v2\/users\/2"}],"replies":[{"embeddable":true,"href":"https:\/\/rafazimbaldi.com.br\/novo\/wp-json\/wp\/v2\/comments?post=1384"}],"version-history":[{"count":1,"href":"https:\/\/rafazimbaldi.com.br\/novo\/wp-json\/wp\/v2\/posts\/1384\/revisions"}],"predecessor-version":[{"id":1386,"href":"https:\/\/rafazimbaldi.com.br\/novo\/wp-json\/wp\/v2\/posts\/1384\/revisions\/1386"}],"wp:featuredmedia":[{"embeddable":true,"href":"https:\/\/rafazimbaldi.com.br\/novo\/wp-json\/wp\/v2\/media\/1385"}],"wp:attachment":[{"href":"https:\/\/rafazimbaldi.com.br\/novo\/wp-json\/wp\/v2\/media?parent=1384"}],"wp:term":[{"taxonomy":"category","embeddable":true,"href":"https:\/\/rafazimbaldi.com.br\/novo\/wp-json\/wp\/v2\/categories?post=1384"},{"taxonomy":"post_tag","embeddable":true,"href":"https:\/\/rafazimbaldi.com.br\/novo\/wp-json\/wp\/v2\/tags?post=1384"}],"curies":[{"name":"wp","href":"https:\/\/api.w.org\/{rel}","templated":true}]}}