{"id":1403,"date":"2019-07-02T08:38:47","date_gmt":"2019-07-02T11:38:47","guid":{"rendered":"http:\/\/rafazimbaldi.com\/?p=1403"},"modified":"2019-07-02T08:47:22","modified_gmt":"2019-07-02T11:47:22","slug":"apos-pedido-do-deputado-rafa-zimbaldi-secretario-de-transportes-metropolitanos-vem-a-comissao-da-alesp-no-dia-25-de-junho","status":"publish","type":"post","link":"https:\/\/rafazimbaldi.com.br\/novo\/apos-pedido-do-deputado-rafa-zimbaldi-secretario-de-transportes-metropolitanos-vem-a-comissao-da-alesp-no-dia-25-de-junho\/","title":{"rendered":"Ap\u00f3s pedido do Deputado Rafa Zimbaldi, secret\u00e1rio de Transportes Metropolitanos vem \u00e0 Comiss\u00e3o da Alesp no dia 25 de junho"},"content":{"rendered":"\n<p>O deputado Rafa Zimbaldi desde que assumiu a presid\u00eancia da Comiss\u00e3o de Assuntos Metropolitanos e Municipais, da Assembleia Legislativa do Estado de S\u00e3o Paulo (Alesp) vem trabalhando para que o secret\u00e1rio Transportes Metropolitanos do Estado de S\u00e3o Paulo, Alexandre Baldy de Sant\u00b4Anna Braga compare na comiss\u00e3o para explicar sobre as diretrizes do setor que o governo estadual est\u00e1 desenvolvendo.&nbsp;<\/p>\n\n\n\n<p>\u201cBaldy esteve pessoalmente no meu gabinete em abril e acordei com ele a vinda \u00e0 comiss\u00e3o, por\u00e9m tivermos algumas articula\u00e7\u00f5es pol\u00edtica sem embasamento que tardaram esse encontro que vai acontecer na pr\u00f3xima ter\u00e7a-feira (25\/06)\u201d, conta Rafa que explica ainda o que o secret\u00e1rio deve falar aos demais parlamentares. \u201cEle vem apresentar na comiss\u00e3o o projeto do Trem Intercidades e tamb\u00e9m falar sobre o Bilhete \u00d4nibus Metropolitano (B.O.M.) \u2013 projeto de minha autoria, que garante o pagamento de uma passagem \u00fanica, no per\u00edodo de duas horas, nas viagens que envolvam transporte intermunicipal e municipal\u201d, completa.&nbsp;<\/p>\n\n\n\n<p>O secret\u00e1rio tamb\u00e9m deve esclarecer d\u00favidas dos demais deputados no que se refere aos projetos relacionados \u00e0s linhas do metro.&nbsp;<\/p>\n\n\n\n<p>A reuni\u00e3o da comiss\u00e3o est\u00e1 marcada para \u00e0s 14h30&nbsp;<\/p>\n","protected":false},"excerpt":{"rendered":"<p>O deputado Rafa Zimbaldi desde que assumiu a presid\u00eancia da Comiss\u00e3o de Assuntos Metropolitanos e Municipais, da Assembleia Legislativa do Estado de S\u00e3o Paulo (Alesp) vem trabalhando para que o secret\u00e1rio Transportes Metropolitanos do Estado de S\u00e3o Paulo, Alexandre Baldy de Sant\u00b4Anna Braga compare na comiss\u00e3o para explicar sobre as diretrizes do setor que o [&hellip;]<\/p>\n","protected":false},"author":2,"featured_media":1408,"comment_status":"open","ping_status":"open","sticky":false,"template":"","format":"standard","meta":{"_monsterinsights_skip_tracking":false,"_monsterinsights_sitenote_active":false,"_monsterinsights_sitenote_note":"","_monsterinsights_sitenote_category":0},"categories":[10,286,219,1],"tags":[290,15],"yoast_head":"<!-- This site is optimized with the Yoast SEO plugin v16.5 - https:\/\/yoast.com\/wordpress\/plugins\/seo\/ -->\n<title>Ap\u00f3s pedido do Deputado Rafa Zimbaldi, secret\u00e1rio de Transportes Metropolitanos vem \u00e0 Comiss\u00e3o da Alesp no dia 25 de junho - Rafa Zimbaldi<\/title>\n<meta name=\"robots\" content=\"index, follow, max-snippet:-1, max-image-preview:large, max-video-preview:-1\" \/>\n<link rel=\"canonical\" href=\"https:\/\/rafazimbaldi.com.br\/novo\/apos-pedido-do-deputado-rafa-zimbaldi-secretario-de-transportes-metropolitanos-vem-a-comissao-da-alesp-no-dia-25-de-junho\/\" \/>\n<meta property=\"og:locale\" content=\"pt_BR\" \/>\n<meta property=\"og:type\" content=\"article\" \/>\n<meta property=\"og:title\" content=\"Ap\u00f3s pedido do Deputado Rafa Zimbaldi, secret\u00e1rio de Transportes Metropolitanos vem \u00e0 Comiss\u00e3o da Alesp no dia 25 de junho - Rafa Zimbaldi\" \/>\n<meta property=\"og:description\" content=\"O deputado Rafa Zimbaldi desde que assumiu a presid\u00eancia da Comiss\u00e3o de Assuntos Metropolitanos e Municipais, da Assembleia Legislativa do Estado de S\u00e3o Paulo (Alesp) vem trabalhando para que o secret\u00e1rio Transportes Metropolitanos do Estado de S\u00e3o Paulo, Alexandre Baldy de Sant\u00b4Anna Braga compare na comiss\u00e3o para explicar sobre as diretrizes do setor que o [&hellip;]\" \/>\n<meta property=\"og:url\" content=\"https:\/\/rafazimbaldi.com.br\/novo\/apos-pedido-do-deputado-rafa-zimbaldi-secretario-de-transportes-metropolitanos-vem-a-comissao-da-alesp-no-dia-25-de-junho\/\" \/>\n<meta property=\"og:site_name\" content=\"Rafa Zimbaldi\" \/>\n<meta property=\"article:published_time\" content=\"2019-07-02T11:38:47+00:00\" \/>\n<meta property=\"article:modified_time\" content=\"2019-07-02T11:47:22+00:00\" \/>\n<meta property=\"og:image\" content=\"https:\/\/rafazimbaldi.com.br\/novo\/wp-content\/uploads\/2019\/07\/Rafa_comissa\u0303o_assuntos_metropolitanos-3.jpg\" \/>\n\t<meta property=\"og:image:width\" content=\"4032\" \/>\n\t<meta property=\"og:image:height\" content=\"2530\" \/>\n<meta name=\"twitter:card\" content=\"summary_large_image\" \/>\n<meta name=\"twitter:label1\" content=\"Est. tempo de leitura\" \/>\n\t<meta name=\"twitter:data1\" content=\"1 minuto\" \/>\n<script type=\"application\/ld+json\" class=\"yoast-schema-graph\">{\"@context\":\"https:\/\/schema.org\",\"@graph\":[{\"@type\":\"WebSite\",\"@id\":\"https:\/\/rafazimbaldi.com.br\/novo\/#website\",\"url\":\"https:\/\/rafazimbaldi.com.br\/novo\/\",\"name\":\"Rafa Zimbaldi\",\"description\":\"Deputado Estadual \",\"potentialAction\":[{\"@type\":\"SearchAction\",\"target\":\"https:\/\/rafazimbaldi.com.br\/novo\/?s={search_term_string}\",\"query-input\":\"required name=search_term_string\"}],\"inLanguage\":\"pt-BR\"},{\"@type\":\"ImageObject\",\"@id\":\"https:\/\/rafazimbaldi.com.br\/novo\/apos-pedido-do-deputado-rafa-zimbaldi-secretario-de-transportes-metropolitanos-vem-a-comissao-da-alesp-no-dia-25-de-junho\/#primaryimage\",\"inLanguage\":\"pt-BR\",\"url\":\"https:\/\/rafazimbaldi.com.br\/novo\/wp-content\/uploads\/2019\/07\/Rafa_comissa\\u0303o_assuntos_metropolitanos-3.jpg\",\"contentUrl\":\"https:\/\/rafazimbaldi.com.br\/novo\/wp-content\/uploads\/2019\/07\/Rafa_comissa\\u0303o_assuntos_metropolitanos-3.jpg\",\"width\":4032,\"height\":2530},{\"@type\":\"WebPage\",\"@id\":\"https:\/\/rafazimbaldi.com.br\/novo\/apos-pedido-do-deputado-rafa-zimbaldi-secretario-de-transportes-metropolitanos-vem-a-comissao-da-alesp-no-dia-25-de-junho\/#webpage\",\"url\":\"https:\/\/rafazimbaldi.com.br\/novo\/apos-pedido-do-deputado-rafa-zimbaldi-secretario-de-transportes-metropolitanos-vem-a-comissao-da-alesp-no-dia-25-de-junho\/\",\"name\":\"Ap\\u00f3s pedido do Deputado Rafa Zimbaldi, secret\\u00e1rio de Transportes Metropolitanos vem \\u00e0 Comiss\\u00e3o da Alesp no dia 25 de junho - Rafa Zimbaldi\",\"isPartOf\":{\"@id\":\"https:\/\/rafazimbaldi.com.br\/novo\/#website\"},\"primaryImageOfPage\":{\"@id\":\"https:\/\/rafazimbaldi.com.br\/novo\/apos-pedido-do-deputado-rafa-zimbaldi-secretario-de-transportes-metropolitanos-vem-a-comissao-da-alesp-no-dia-25-de-junho\/#primaryimage\"},\"datePublished\":\"2019-07-02T11:38:47+00:00\",\"dateModified\":\"2019-07-02T11:47:22+00:00\",\"author\":{\"@id\":\"https:\/\/rafazimbaldi.com.br\/novo\/#\/schema\/person\/4e56a44c106beb5b266f5ad8f6cb4fdc\"},\"breadcrumb\":{\"@id\":\"https:\/\/rafazimbaldi.com.br\/novo\/apos-pedido-do-deputado-rafa-zimbaldi-secretario-de-transportes-metropolitanos-vem-a-comissao-da-alesp-no-dia-25-de-junho\/#breadcrumb\"},\"inLanguage\":\"pt-BR\",\"potentialAction\":[{\"@type\":\"ReadAction\",\"target\":[\"https:\/\/rafazimbaldi.com.br\/novo\/apos-pedido-do-deputado-rafa-zimbaldi-secretario-de-transportes-metropolitanos-vem-a-comissao-da-alesp-no-dia-25-de-junho\/\"]}]},{\"@type\":\"BreadcrumbList\",\"@id\":\"https:\/\/rafazimbaldi.com.br\/novo\/apos-pedido-do-deputado-rafa-zimbaldi-secretario-de-transportes-metropolitanos-vem-a-comissao-da-alesp-no-dia-25-de-junho\/#breadcrumb\",\"itemListElement\":[{\"@type\":\"ListItem\",\"position\":1,\"name\":\"In\\u00edcio\",\"item\":\"https:\/\/rafazimbaldi.com.br\/novo\/\"},{\"@type\":\"ListItem\",\"position\":2,\"name\":\"Ap\\u00f3s pedido do Deputado Rafa Zimbaldi, secret\\u00e1rio de Transportes Metropolitanos vem \\u00e0 Comiss\\u00e3o da Alesp no dia 25 de junho\"}]},{\"@type\":\"Person\",\"@id\":\"https:\/\/rafazimbaldi.com.br\/novo\/#\/schema\/person\/4e56a44c106beb5b266f5ad8f6cb4fdc\",\"name\":\"Equipe Rafa Zimbaldi\",\"image\":{\"@type\":\"ImageObject\",\"@id\":\"https:\/\/rafazimbaldi.com.br\/novo\/#personlogo\",\"inLanguage\":\"pt-BR\",\"url\":\"https:\/\/secure.gravatar.com\/avatar\/2801ef563aa18df3a7cdfd19794cfeea?s=96&d=blank&r=g\",\"contentUrl\":\"https:\/\/secure.gravatar.com\/avatar\/2801ef563aa18df3a7cdfd19794cfeea?s=96&d=blank&r=g\",\"caption\":\"Equipe Rafa Zimbaldi\"},\"sameAs\":[\"http:\/\/rafazimbaldi.com.br\/novo\"],\"url\":\"https:\/\/rafazimbaldi.com.br\/novo\/author\/equiperz2018\/\"}]}<\/script>\n<!-- \/ Yoast SEO plugin. -->","_links":{"self":[{"href":"https:\/\/rafazimbaldi.com.br\/novo\/wp-json\/wp\/v2\/posts\/1403"}],"collection":[{"href":"https:\/\/rafazimbaldi.com.br\/novo\/wp-json\/wp\/v2\/posts"}],"about":[{"href":"https:\/\/rafazimbaldi.com.br\/novo\/wp-json\/wp\/v2\/types\/post"}],"author":[{"embeddable":true,"href":"https:\/\/rafazimbaldi.com.br\/novo\/wp-json\/wp\/v2\/users\/2"}],"replies":[{"embeddable":true,"href":"https:\/\/rafazimbaldi.com.br\/novo\/wp-json\/wp\/v2\/comments?post=1403"}],"version-history":[{"count":1,"href":"https:\/\/rafazimbaldi.com.br\/novo\/wp-json\/wp\/v2\/posts\/1403\/revisions"}],"predecessor-version":[{"id":1405,"href":"https:\/\/rafazimbaldi.com.br\/novo\/wp-json\/wp\/v2\/posts\/1403\/revisions\/1405"}],"wp:featuredmedia":[{"embeddable":true,"href":"https:\/\/rafazimbaldi.com.br\/novo\/wp-json\/wp\/v2\/media\/1408"}],"wp:attachment":[{"href":"https:\/\/rafazimbaldi.com.br\/novo\/wp-json\/wp\/v2\/media?parent=1403"}],"wp:term":[{"taxonomy":"category","embeddable":true,"href":"https:\/\/rafazimbaldi.com.br\/novo\/wp-json\/wp\/v2\/categories?post=1403"},{"taxonomy":"post_tag","embeddable":true,"href":"https:\/\/rafazimbaldi.com.br\/novo\/wp-json\/wp\/v2\/tags?post=1403"}],"curies":[{"name":"wp","href":"https:\/\/api.w.org\/{rel}","templated":true}]}}