{"id":1464,"date":"2019-07-29T11:47:09","date_gmt":"2019-07-29T14:47:09","guid":{"rendered":"http:\/\/rafazimbaldi.com\/?p=1464"},"modified":"2019-07-29T11:47:09","modified_gmt":"2019-07-29T14:47:09","slug":"estreia-boletim-eletronico-informativo-do-mandato-do-deputado-rafa-zimbaldi","status":"publish","type":"post","link":"https:\/\/rafazimbaldi.com.br\/novo\/estreia-boletim-eletronico-informativo-do-mandato-do-deputado-rafa-zimbaldi\/","title":{"rendered":"Estreia: Boletim Eletr\u00f4nico Informativo do mandato do deputado Rafa Zimbaldi"},"content":{"rendered":"\n<p>O deputado estadual Rafa Zimbaldi (PSB) estreou nesse m\u00eas de julho o informativo mensal de presta\u00e7\u00e3o de contas do mandato. Trata-se de um boletim eletr\u00f4nico com o resumo das a\u00e7\u00f5es do deputado na Assembleia Legislativa. <\/p>\n\n\n\n<p>Confira abaixo o informativo do m\u00eas de julho.\u00a0<br>O boletim \u00e9 interativo, ou seja, redireciona o leitor para as demais plataformas online do Rafa: instagram, youtube, facebook e WhatsApp. Assim voc\u00ea acompanha de perto tudo que o deputado est\u00e1 fazendo!\u00a0<br><\/p>\n\n\n\n<p>&#8220;Estamos cumprindo o papel de transpar\u00eancia e de presta\u00e7\u00e3o de contas. Por isso, elaboramos esse boletim informativo. Sugest\u00f5es ser\u00e3o sempre muito bem-vindas. Ao lado &#8211; e em sintonia com a popula\u00e7\u00e3o &#8211; d\u00e1 pra fazer diferente&#8221;. Rafa Zimbaldi &#8211; Deputado Estadual<br><\/p>\n","protected":false},"excerpt":{"rendered":"<p>O deputado estadual Rafa Zimbaldi (PSB) estreou nesse m\u00eas de julho o informativo mensal de presta\u00e7\u00e3o de contas do mandato. Trata-se de um boletim eletr\u00f4nico com o resumo das a\u00e7\u00f5es do deputado na Assembleia Legislativa. Confira abaixo o informativo do m\u00eas de julho.\u00a0O boletim \u00e9 interativo, ou seja, redireciona o leitor para as demais plataformas [&hellip;]<\/p>\n","protected":false},"author":1,"featured_media":1465,"comment_status":"open","ping_status":"open","sticky":false,"template":"","format":"standard","meta":{"_monsterinsights_skip_tracking":false,"_monsterinsights_sitenote_active":false,"_monsterinsights_sitenote_note":"","_monsterinsights_sitenote_category":0},"categories":[1],"tags":[],"yoast_head":"<!-- This site is optimized with the Yoast SEO plugin v16.5 - https:\/\/yoast.com\/wordpress\/plugins\/seo\/ -->\n<title>Estreia: Boletim Eletr\u00f4nico Informativo do mandato do deputado Rafa Zimbaldi - Rafa Zimbaldi<\/title>\n<meta name=\"robots\" content=\"index, follow, max-snippet:-1, max-image-preview:large, max-video-preview:-1\" \/>\n<link rel=\"canonical\" href=\"https:\/\/rafazimbaldi.com.br\/novo\/estreia-boletim-eletronico-informativo-do-mandato-do-deputado-rafa-zimbaldi\/\" \/>\n<meta property=\"og:locale\" content=\"pt_BR\" \/>\n<meta property=\"og:type\" content=\"article\" \/>\n<meta property=\"og:title\" content=\"Estreia: Boletim Eletr\u00f4nico Informativo do mandato do deputado Rafa Zimbaldi - Rafa Zimbaldi\" \/>\n<meta property=\"og:description\" content=\"O deputado estadual Rafa Zimbaldi (PSB) estreou nesse m\u00eas de julho o informativo mensal de presta\u00e7\u00e3o de contas do mandato. Trata-se de um boletim eletr\u00f4nico com o resumo das a\u00e7\u00f5es do deputado na Assembleia Legislativa. Confira abaixo o informativo do m\u00eas de julho.\u00a0O boletim \u00e9 interativo, ou seja, redireciona o leitor para as demais plataformas [&hellip;]\" \/>\n<meta property=\"og:url\" content=\"https:\/\/rafazimbaldi.com.br\/novo\/estreia-boletim-eletronico-informativo-do-mandato-do-deputado-rafa-zimbaldi\/\" \/>\n<meta property=\"og:site_name\" content=\"Rafa Zimbaldi\" \/>\n<meta property=\"article:published_time\" content=\"2019-07-29T14:47:09+00:00\" \/>\n<meta property=\"og:image\" content=\"https:\/\/rafazimbaldi.com.br\/novo\/wp-content\/uploads\/2019\/07\/Rafa1.jpg\" \/>\n\t<meta property=\"og:image:width\" content=\"2480\" \/>\n\t<meta property=\"og:image:height\" content=\"1653\" \/>\n<meta name=\"twitter:card\" content=\"summary_large_image\" \/>\n<meta name=\"twitter:label1\" content=\"Est. tempo de leitura\" \/>\n\t<meta name=\"twitter:data1\" content=\"1 minuto\" \/>\n<script type=\"application\/ld+json\" class=\"yoast-schema-graph\">{\"@context\":\"https:\/\/schema.org\",\"@graph\":[{\"@type\":\"WebSite\",\"@id\":\"https:\/\/rafazimbaldi.com.br\/novo\/#website\",\"url\":\"https:\/\/rafazimbaldi.com.br\/novo\/\",\"name\":\"Rafa Zimbaldi\",\"description\":\"Deputado Estadual \",\"potentialAction\":[{\"@type\":\"SearchAction\",\"target\":\"https:\/\/rafazimbaldi.com.br\/novo\/?s={search_term_string}\",\"query-input\":\"required name=search_term_string\"}],\"inLanguage\":\"pt-BR\"},{\"@type\":\"ImageObject\",\"@id\":\"https:\/\/rafazimbaldi.com.br\/novo\/estreia-boletim-eletronico-informativo-do-mandato-do-deputado-rafa-zimbaldi\/#primaryimage\",\"inLanguage\":\"pt-BR\",\"url\":\"https:\/\/rafazimbaldi.com.br\/novo\/wp-content\/uploads\/2019\/07\/Rafa1.jpg\",\"contentUrl\":\"https:\/\/rafazimbaldi.com.br\/novo\/wp-content\/uploads\/2019\/07\/Rafa1.jpg\",\"width\":2480,\"height\":1653},{\"@type\":\"WebPage\",\"@id\":\"https:\/\/rafazimbaldi.com.br\/novo\/estreia-boletim-eletronico-informativo-do-mandato-do-deputado-rafa-zimbaldi\/#webpage\",\"url\":\"https:\/\/rafazimbaldi.com.br\/novo\/estreia-boletim-eletronico-informativo-do-mandato-do-deputado-rafa-zimbaldi\/\",\"name\":\"Estreia: Boletim Eletr\\u00f4nico Informativo do mandato do deputado Rafa Zimbaldi - Rafa Zimbaldi\",\"isPartOf\":{\"@id\":\"https:\/\/rafazimbaldi.com.br\/novo\/#website\"},\"primaryImageOfPage\":{\"@id\":\"https:\/\/rafazimbaldi.com.br\/novo\/estreia-boletim-eletronico-informativo-do-mandato-do-deputado-rafa-zimbaldi\/#primaryimage\"},\"datePublished\":\"2019-07-29T14:47:09+00:00\",\"dateModified\":\"2019-07-29T14:47:09+00:00\",\"author\":{\"@id\":\"https:\/\/rafazimbaldi.com.br\/novo\/#\/schema\/person\/5adece75df0ccb04affa6560b40d4641\"},\"breadcrumb\":{\"@id\":\"https:\/\/rafazimbaldi.com.br\/novo\/estreia-boletim-eletronico-informativo-do-mandato-do-deputado-rafa-zimbaldi\/#breadcrumb\"},\"inLanguage\":\"pt-BR\",\"potentialAction\":[{\"@type\":\"ReadAction\",\"target\":[\"https:\/\/rafazimbaldi.com.br\/novo\/estreia-boletim-eletronico-informativo-do-mandato-do-deputado-rafa-zimbaldi\/\"]}]},{\"@type\":\"BreadcrumbList\",\"@id\":\"https:\/\/rafazimbaldi.com.br\/novo\/estreia-boletim-eletronico-informativo-do-mandato-do-deputado-rafa-zimbaldi\/#breadcrumb\",\"itemListElement\":[{\"@type\":\"ListItem\",\"position\":1,\"name\":\"In\\u00edcio\",\"item\":\"https:\/\/rafazimbaldi.com.br\/novo\/\"},{\"@type\":\"ListItem\",\"position\":2,\"name\":\"Estreia: Boletim Eletr\\u00f4nico Informativo do mandato do deputado Rafa Zimbaldi\"}]},{\"@type\":\"Person\",\"@id\":\"https:\/\/rafazimbaldi.com.br\/novo\/#\/schema\/person\/5adece75df0ccb04affa6560b40d4641\",\"name\":\"rzadm2k18\",\"image\":{\"@type\":\"ImageObject\",\"@id\":\"https:\/\/rafazimbaldi.com.br\/novo\/#personlogo\",\"inLanguage\":\"pt-BR\",\"url\":\"https:\/\/secure.gravatar.com\/avatar\/cc9fe368bef1ff48bcf5189ead09d02a?s=96&d=blank&r=g\",\"contentUrl\":\"https:\/\/secure.gravatar.com\/avatar\/cc9fe368bef1ff48bcf5189ead09d02a?s=96&d=blank&r=g\",\"caption\":\"rzadm2k18\"},\"url\":\"https:\/\/rafazimbaldi.com.br\/novo\/author\/rzadm2k18\/\"}]}<\/script>\n<!-- \/ Yoast SEO plugin. -->","_links":{"self":[{"href":"https:\/\/rafazimbaldi.com.br\/novo\/wp-json\/wp\/v2\/posts\/1464"}],"collection":[{"href":"https:\/\/rafazimbaldi.com.br\/novo\/wp-json\/wp\/v2\/posts"}],"about":[{"href":"https:\/\/rafazimbaldi.com.br\/novo\/wp-json\/wp\/v2\/types\/post"}],"author":[{"embeddable":true,"href":"https:\/\/rafazimbaldi.com.br\/novo\/wp-json\/wp\/v2\/users\/1"}],"replies":[{"embeddable":true,"href":"https:\/\/rafazimbaldi.com.br\/novo\/wp-json\/wp\/v2\/comments?post=1464"}],"version-history":[{"count":1,"href":"https:\/\/rafazimbaldi.com.br\/novo\/wp-json\/wp\/v2\/posts\/1464\/revisions"}],"predecessor-version":[{"id":1466,"href":"https:\/\/rafazimbaldi.com.br\/novo\/wp-json\/wp\/v2\/posts\/1464\/revisions\/1466"}],"wp:featuredmedia":[{"embeddable":true,"href":"https:\/\/rafazimbaldi.com.br\/novo\/wp-json\/wp\/v2\/media\/1465"}],"wp:attachment":[{"href":"https:\/\/rafazimbaldi.com.br\/novo\/wp-json\/wp\/v2\/media?parent=1464"}],"wp:term":[{"taxonomy":"category","embeddable":true,"href":"https:\/\/rafazimbaldi.com.br\/novo\/wp-json\/wp\/v2\/categories?post=1464"},{"taxonomy":"post_tag","embeddable":true,"href":"https:\/\/rafazimbaldi.com.br\/novo\/wp-json\/wp\/v2\/tags?post=1464"}],"curies":[{"name":"wp","href":"https:\/\/api.w.org\/{rel}","templated":true}]}}