{"id":1469,"date":"2019-07-05T08:00:03","date_gmt":"2019-07-05T11:00:03","guid":{"rendered":"http:\/\/rafazimbaldi.com\/?p=1469"},"modified":"2019-08-05T16:59:44","modified_gmt":"2019-08-05T19:59:44","slug":"rafa-zimbaldi-visita-hospital-amaral-carvalho-e-destina-200-mil-reais-em-recursos-para-custeio-da-saude","status":"publish","type":"post","link":"https:\/\/rafazimbaldi.com.br\/novo\/rafa-zimbaldi-visita-hospital-amaral-carvalho-e-destina-200-mil-reais-em-recursos-para-custeio-da-saude\/","title":{"rendered":"Rafa Zimbaldi visita Hospital Amaral Carvalho e destina 200 mil reais em recursos para custeio da sa\u00fade"},"content":{"rendered":"\n<p>O\ndeputado estadual Rafa Zimbaldi visita nesta sexta-feira (05\/07) o centen\u00e1rio<strong>&nbsp;<\/strong><strong>Hospital Amaral Carvalho, <\/strong>refer\u00eancia em tratamento\noncol\u00f3gico e realiza\u00e7\u00e3o de transplantes de medula \u00f3ssea, atendendo pacientes de\ntodo o pa\u00eds, localizado na cidade de Ja\u00fa, para anunciar a\ndestina\u00e7\u00e3o de R$200 mil reais para o custeio da sa\u00fade da institui\u00e7\u00e3o. <\/p>\n\n\n\n<p>O hospital faz parte do\ncomplexo Funda\u00e7\u00e3o Amaral Carvalho e \u00e9 a mais antiga institui\u00e7\u00e3o filantr\u00f3pica privada de\nassist\u00eancia \u00e0 sa\u00fade do Brasil. Ele se sustenta gra\u00e7as a uma boa gest\u00e3o, a responsabilidade social, a transpar\u00eancia em\nsuas a\u00e7\u00f5es e as parcerias com o poder p\u00fablico que destina verbas parlamentares\npara o custeio e manuten\u00e7\u00e3o dos atendimentos. <\/p>\n\n\n\n<p>&nbsp;\u201cA gest\u00e3o transparente faz toda a diferen\u00e7a\npara hospitais deste porte, j\u00e1 que \u00e9 isso que d\u00e1 credibilidade para que n\u00f3s\npol\u00edticos nos dediquemos a trabalhar por mais emendas que destinem verbas para\no local e tamb\u00e9m mobilizar a sociedade civil em ajudar com institui\u00e7\u00f5es s\u00e9rias\ne que melhoram a sa\u00fade da popula\u00e7\u00e3o\u201d, afirma o Deputado Estadual Rafa Zimbaldi.<\/p>\n\n\n\n<p>O Hospital Amaral\nCarvalho realizou at\u00e9 o final de 2018 mais\nde 1,3 milh\u00e3o de procedimentos, tendo atendido 70.627 pacientes de 1.003\nmunic\u00edpios.<\/p>\n\n\n\n<p><strong>Homenagem<\/strong><\/p>\n\n\n\n<p>Tamb\u00e9m\nnesta sexta-feira (05\/07), em agradecimento \u00e0 dedica\u00e7\u00e3o, preocupa\u00e7\u00e3o e empenho\ndo Salvador Zimbaldi (pai de Rafa), que enquanto deputado Federal, destinou\nmais de 5 milh\u00f5es de reais \u00e0 institui\u00e7\u00e3o, ele ser\u00e1 homenageado pelo Hospital\nAmaral Carvalho com o T\u00edtulo Benem\u00e9rito da Sa\u00fade Amaral Carvalho. <\/p>\n\n\n\n<p>Os\nvalores destinados por Salvador foram utilizados das mais diversas formas com o\nobjetivo de ampliar o servi\u00e7o e o atendimento do tratamento oncol\u00f3gico.<\/p>\n\n\n\n<p><strong>Saiba mais:<\/strong><\/p>\n\n\n\n<p>A\nhist\u00f3ria do Hospital Amaral Carvalho come\u00e7ou em 1915 quando o casal Domingos\nPereira de Carvalho e Anna Marcelina de Carvalho doou terreno e uma quantia em\ndinheiro para a constru\u00e7\u00e3o da Maternidade do Jahu, inaugurada em 1936.<\/p>\n\n\n\n<p>Ap\u00f3s\nv\u00e1rias amplia\u00e7\u00f5es no pr\u00e9dio e nas atividades, a unidade passou a ser denominada\nHospital Amaral Carvalho, tornando-se a primeira organiza\u00e7\u00e3o hospitalar do\ninterior paulista especializada em c\u00e2ncer, em 1970. <\/p>\n\n\n\n<p>Hoje,\no HAC \u00e9 reconhecido pela excel\u00eancia, o tratamento de qualidade e a assist\u00eancia\nsocial oferecida a pacientes vindos de todo o Pa\u00eds. S\u00e3o 104 anos celebrando\nvidas.<\/p>\n\n\n\n<p>At\u00e9\ndezembro de 2018 o hospital atendeu 70.627 pacientes de 1.003 munic\u00edpios e 24\nestados. Foram realizados mais de 1,3 milh\u00e3o de procedimentos, 62.911 aplica\u00e7\u00f5es\nde quimioterapia e 155.834 aplica\u00e7\u00f5es de radioterapia. <\/p>\n\n\n\n<p>A\nFunda\u00e7\u00e3o Amaral Carvalho, a mais antiga institui\u00e7\u00e3o filantr\u00f3pica privada de\nassist\u00eancia \u00e0 sa\u00fade do Brasil, \u00e9 mantenedora de um complexo composto pelo\nHospital Amaral Carvalho, setores administrativos e de apoio, al\u00e9m de unidades\nde assist\u00eancia social e atividades culturais.<\/p>\n\n\n\n<p>Com\n29.081 m\u00b2 de \u00e1rea constru\u00edda e equipamentos de alta tecnologia, a estrutura\ngarante o conforto e a seguran\u00e7a dos pacientes. Possui 2 mil funcion\u00e1rios, 55\nespecialidades m\u00e9dicas, mais de 300 leitos, 372.726 atendimentos, quatro casas\nde apoio, 54 mil di\u00e1rias de hotelaria e 270.012 refei\u00e7\u00f5es servidas.<\/p>\n","protected":false},"excerpt":{"rendered":"<p>O deputado estadual Rafa Zimbaldi visita nesta sexta-feira (05\/07) o centen\u00e1rio&nbsp;Hospital Amaral Carvalho, refer\u00eancia em tratamento oncol\u00f3gico e realiza\u00e7\u00e3o de transplantes de medula \u00f3ssea, atendendo pacientes de todo o pa\u00eds, localizado na cidade de Ja\u00fa, para anunciar a destina\u00e7\u00e3o de R$200 mil reais para o custeio da sa\u00fade da institui\u00e7\u00e3o. O hospital faz parte do [&hellip;]<\/p>\n","protected":false},"author":3,"featured_media":1470,"comment_status":"open","ping_status":"open","sticky":false,"template":"","format":"standard","meta":{"_monsterinsights_skip_tracking":false,"_monsterinsights_sitenote_active":false,"_monsterinsights_sitenote_note":"","_monsterinsights_sitenote_category":0},"categories":[1],"tags":[],"yoast_head":"<!-- This site is optimized with the Yoast SEO plugin v16.5 - https:\/\/yoast.com\/wordpress\/plugins\/seo\/ -->\n<title>Rafa Zimbaldi visita Hospital Amaral Carvalho e destina 200 mil reais em recursos para custeio da sa\u00fade - Rafa Zimbaldi<\/title>\n<meta name=\"robots\" content=\"index, follow, max-snippet:-1, max-image-preview:large, max-video-preview:-1\" \/>\n<link rel=\"canonical\" href=\"https:\/\/rafazimbaldi.com.br\/novo\/rafa-zimbaldi-visita-hospital-amaral-carvalho-e-destina-200-mil-reais-em-recursos-para-custeio-da-saude\/\" \/>\n<meta property=\"og:locale\" content=\"pt_BR\" \/>\n<meta property=\"og:type\" content=\"article\" \/>\n<meta property=\"og:title\" content=\"Rafa Zimbaldi visita Hospital Amaral Carvalho e destina 200 mil reais em recursos para custeio da sa\u00fade - Rafa Zimbaldi\" \/>\n<meta property=\"og:description\" content=\"O deputado estadual Rafa Zimbaldi visita nesta sexta-feira (05\/07) o centen\u00e1rio&nbsp;Hospital Amaral Carvalho, refer\u00eancia em tratamento oncol\u00f3gico e realiza\u00e7\u00e3o de transplantes de medula \u00f3ssea, atendendo pacientes de todo o pa\u00eds, localizado na cidade de Ja\u00fa, para anunciar a destina\u00e7\u00e3o de R$200 mil reais para o custeio da sa\u00fade da institui\u00e7\u00e3o. O hospital faz parte do [&hellip;]\" \/>\n<meta property=\"og:url\" content=\"https:\/\/rafazimbaldi.com.br\/novo\/rafa-zimbaldi-visita-hospital-amaral-carvalho-e-destina-200-mil-reais-em-recursos-para-custeio-da-saude\/\" \/>\n<meta property=\"og:site_name\" content=\"Rafa Zimbaldi\" \/>\n<meta property=\"article:published_time\" content=\"2019-07-05T11:00:03+00:00\" \/>\n<meta property=\"article:modified_time\" content=\"2019-08-05T19:59:44+00:00\" \/>\n<meta property=\"og:image\" content=\"https:\/\/rafazimbaldi.com.br\/novo\/wp-content\/uploads\/2019\/08\/MOR7373-1024x678.jpg\" \/>\n\t<meta property=\"og:image:width\" content=\"1024\" \/>\n\t<meta property=\"og:image:height\" content=\"678\" \/>\n<meta name=\"twitter:card\" content=\"summary_large_image\" \/>\n<meta name=\"twitter:label1\" content=\"Est. tempo de leitura\" \/>\n\t<meta name=\"twitter:data1\" content=\"3 minutos\" \/>\n<script type=\"application\/ld+json\" class=\"yoast-schema-graph\">{\"@context\":\"https:\/\/schema.org\",\"@graph\":[{\"@type\":\"WebSite\",\"@id\":\"https:\/\/rafazimbaldi.com.br\/novo\/#website\",\"url\":\"https:\/\/rafazimbaldi.com.br\/novo\/\",\"name\":\"Rafa Zimbaldi\",\"description\":\"Deputado Estadual \",\"potentialAction\":[{\"@type\":\"SearchAction\",\"target\":\"https:\/\/rafazimbaldi.com.br\/novo\/?s={search_term_string}\",\"query-input\":\"required name=search_term_string\"}],\"inLanguage\":\"pt-BR\"},{\"@type\":\"ImageObject\",\"@id\":\"https:\/\/rafazimbaldi.com.br\/novo\/rafa-zimbaldi-visita-hospital-amaral-carvalho-e-destina-200-mil-reais-em-recursos-para-custeio-da-saude\/#primaryimage\",\"inLanguage\":\"pt-BR\",\"url\":\"https:\/\/rafazimbaldi.com.br\/novo\/wp-content\/uploads\/2019\/08\/MOR7373.jpg\",\"contentUrl\":\"https:\/\/rafazimbaldi.com.br\/novo\/wp-content\/uploads\/2019\/08\/MOR7373.jpg\",\"width\":3696,\"height\":2448,\"caption\":\"Deputado Rafa Zimbaldi e sei pai, Salvador Zimbaldi com o superintendente do Hospital, Antonio Lu\\u00eds de Moraes Navarro e a secret\\u00e1ria executiva, Shirley\"},{\"@type\":\"WebPage\",\"@id\":\"https:\/\/rafazimbaldi.com.br\/novo\/rafa-zimbaldi-visita-hospital-amaral-carvalho-e-destina-200-mil-reais-em-recursos-para-custeio-da-saude\/#webpage\",\"url\":\"https:\/\/rafazimbaldi.com.br\/novo\/rafa-zimbaldi-visita-hospital-amaral-carvalho-e-destina-200-mil-reais-em-recursos-para-custeio-da-saude\/\",\"name\":\"Rafa Zimbaldi visita Hospital Amaral Carvalho e destina 200 mil reais em recursos para custeio da sa\\u00fade - Rafa Zimbaldi\",\"isPartOf\":{\"@id\":\"https:\/\/rafazimbaldi.com.br\/novo\/#website\"},\"primaryImageOfPage\":{\"@id\":\"https:\/\/rafazimbaldi.com.br\/novo\/rafa-zimbaldi-visita-hospital-amaral-carvalho-e-destina-200-mil-reais-em-recursos-para-custeio-da-saude\/#primaryimage\"},\"datePublished\":\"2019-07-05T11:00:03+00:00\",\"dateModified\":\"2019-08-05T19:59:44+00:00\",\"author\":{\"@id\":\"https:\/\/rafazimbaldi.com.br\/novo\/#\/schema\/person\/d1a0aead4e2d1174f555df17925b89d1\"},\"breadcrumb\":{\"@id\":\"https:\/\/rafazimbaldi.com.br\/novo\/rafa-zimbaldi-visita-hospital-amaral-carvalho-e-destina-200-mil-reais-em-recursos-para-custeio-da-saude\/#breadcrumb\"},\"inLanguage\":\"pt-BR\",\"potentialAction\":[{\"@type\":\"ReadAction\",\"target\":[\"https:\/\/rafazimbaldi.com.br\/novo\/rafa-zimbaldi-visita-hospital-amaral-carvalho-e-destina-200-mil-reais-em-recursos-para-custeio-da-saude\/\"]}]},{\"@type\":\"BreadcrumbList\",\"@id\":\"https:\/\/rafazimbaldi.com.br\/novo\/rafa-zimbaldi-visita-hospital-amaral-carvalho-e-destina-200-mil-reais-em-recursos-para-custeio-da-saude\/#breadcrumb\",\"itemListElement\":[{\"@type\":\"ListItem\",\"position\":1,\"name\":\"In\\u00edcio\",\"item\":\"https:\/\/rafazimbaldi.com.br\/novo\/\"},{\"@type\":\"ListItem\",\"position\":2,\"name\":\"Rafa Zimbaldi visita Hospital Amaral Carvalho e destina 200 mil reais em recursos para custeio da sa\\u00fade\"}]},{\"@type\":\"Person\",\"@id\":\"https:\/\/rafazimbaldi.com.br\/novo\/#\/schema\/person\/d1a0aead4e2d1174f555df17925b89d1\",\"name\":\"Priscilla Fidalgo\",\"image\":{\"@type\":\"ImageObject\",\"@id\":\"https:\/\/rafazimbaldi.com.br\/novo\/#personlogo\",\"inLanguage\":\"pt-BR\",\"url\":\"https:\/\/secure.gravatar.com\/avatar\/a2b0fd3fe320ff1dea0bc6f7f3a74fc5?s=96&d=blank&r=g\",\"contentUrl\":\"https:\/\/secure.gravatar.com\/avatar\/a2b0fd3fe320ff1dea0bc6f7f3a74fc5?s=96&d=blank&r=g\",\"caption\":\"Priscilla Fidalgo\"},\"url\":\"https:\/\/rafazimbaldi.com.br\/novo\/author\/prifidalgo\/\"}]}<\/script>\n<!-- \/ Yoast SEO plugin. -->","_links":{"self":[{"href":"https:\/\/rafazimbaldi.com.br\/novo\/wp-json\/wp\/v2\/posts\/1469"}],"collection":[{"href":"https:\/\/rafazimbaldi.com.br\/novo\/wp-json\/wp\/v2\/posts"}],"about":[{"href":"https:\/\/rafazimbaldi.com.br\/novo\/wp-json\/wp\/v2\/types\/post"}],"author":[{"embeddable":true,"href":"https:\/\/rafazimbaldi.com.br\/novo\/wp-json\/wp\/v2\/users\/3"}],"replies":[{"embeddable":true,"href":"https:\/\/rafazimbaldi.com.br\/novo\/wp-json\/wp\/v2\/comments?post=1469"}],"version-history":[{"count":1,"href":"https:\/\/rafazimbaldi.com.br\/novo\/wp-json\/wp\/v2\/posts\/1469\/revisions"}],"predecessor-version":[{"id":1471,"href":"https:\/\/rafazimbaldi.com.br\/novo\/wp-json\/wp\/v2\/posts\/1469\/revisions\/1471"}],"wp:featuredmedia":[{"embeddable":true,"href":"https:\/\/rafazimbaldi.com.br\/novo\/wp-json\/wp\/v2\/media\/1470"}],"wp:attachment":[{"href":"https:\/\/rafazimbaldi.com.br\/novo\/wp-json\/wp\/v2\/media?parent=1469"}],"wp:term":[{"taxonomy":"category","embeddable":true,"href":"https:\/\/rafazimbaldi.com.br\/novo\/wp-json\/wp\/v2\/categories?post=1469"},{"taxonomy":"post_tag","embeddable":true,"href":"https:\/\/rafazimbaldi.com.br\/novo\/wp-json\/wp\/v2\/tags?post=1469"}],"curies":[{"name":"wp","href":"https:\/\/api.w.org\/{rel}","templated":true}]}}