{"id":1479,"date":"2019-07-16T17:00:42","date_gmt":"2019-07-16T20:00:42","guid":{"rendered":"http:\/\/rafazimbaldi.com\/?p=1479"},"modified":"2019-08-05T17:31:12","modified_gmt":"2019-08-05T20:31:12","slug":"rafa-zimbaldi-articula-investimentos-em-mobilidade-urbana-para-estrada-municipal-jose-sedano","status":"publish","type":"post","link":"https:\/\/rafazimbaldi.com.br\/novo\/rafa-zimbaldi-articula-investimentos-em-mobilidade-urbana-para-estrada-municipal-jose-sedano\/","title":{"rendered":"Rafa Zimbaldi articula investimentos em mobilidade urbana para Estrada Municipal Jos\u00e9 Sedano"},"content":{"rendered":"\n<p>O deputado estadual Rafa Zimbaldi, vereadores das cidades de\nCampinas e Sumar\u00e9, lideran\u00e7as e moradores da regi\u00e3o do entorno da Estrada\nMunicipal Jos\u00e9 Sedano, que corta essas cidades e tamb\u00e9m Paul\u00ednia se reuniram na\nnoite desta ter\u00e7a-feira (16\/07) para iniciar um movimento em prol de melhorias nos\ninvestimentos na \u00e1rea de mobilidade urbano para o local. <\/p>\n\n\n\n<p>A via \u00e9 de terra, possui cerca de 5km de extens\u00e3o e \u00e9 utilizada\npelos moradores da regi\u00e3o, que na maioria s\u00e3o produtores rurais, entretanto\neles alegam que a estrada acabou se tornando rota alternativa para quem quer\nseguir para Anhanguera sentido Paul\u00ednia e Sumar\u00e9, cidades que abrigam grandes\nempresas e que acabam levando para o local um fluxo de ve\u00edculos pesados que\ndanificam a via com mais rapidez.<\/p>\n\n\n\n<p>\u201cTenho defendido na Assembleia Legislativa um mandato\nmunicipalista que una for\u00e7as entre as cidades e as regi\u00f5es metropolitanas. Viabilizar\ninvestimentos para essa regi\u00e3o \u00e9, justamente, o reflexo do nosso mandato:\nparticipa\u00e7\u00e3o de v\u00e1rias prefeituras para poder melhorar a vida da popula\u00e7\u00e3o\u201d,\nafirma Rafa. <\/p>\n\n\n\n<p>O deputado que \u00e9 presidente da Comiss\u00e3o de Assuntos\nMetropolitanos e Municipais na Alesp afirmou que vai levar o tema para\ndiscuss\u00e3o j\u00e1 na primeira reuni\u00e3o da comiss\u00e3o do segundo semestre, propondo que\noutros parlamentares que representam a regi\u00e3o contribuam com a destina\u00e7\u00e3o de\nrecursos para a manuten\u00e7\u00e3o da vida e o desenvolvimento de obras de mobilidade. <\/p>\n\n\n\n<p>\u201cEsta estrada envolve tr\u00eas cidades, nada mais justo do que\nunir os deputados e os prefeitos para que juntos possamos desenvolver um\nprojeto que resolva o problema de mobilidade dessa regi\u00e3o. Quando chove muitos\nlocais acabam ficando inacess\u00edveis, fora o desgaste dos carros e a falta de\nservi\u00e7os como transporte p\u00fablico e atendimento m\u00e9dico de urg\u00eancia\u201d, explica. <\/p>\n\n\n\n<p>O encontro foi uma iniciativa do vereador Rubens G\u00e1s de\nCampinas e contou ainda com a presen\u00e7a do presidente da C\u00e2mara de Campinas,\nvereador Marcos Bernardelli e com o vereador Ailton da Farm\u00e1cia. Al\u00e9m deles, o\nvereador H\u00e9lio de Sumar\u00e9 tamb\u00e9m participou da abertura da reuni\u00e3o. <\/p>\n","protected":false},"excerpt":{"rendered":"<p>O deputado estadual Rafa Zimbaldi, vereadores das cidades de Campinas e Sumar\u00e9, lideran\u00e7as e moradores da regi\u00e3o do entorno da Estrada Municipal Jos\u00e9 Sedano, que corta essas cidades e tamb\u00e9m Paul\u00ednia se reuniram na noite desta ter\u00e7a-feira (16\/07) para iniciar um movimento em prol de melhorias nos investimentos na \u00e1rea de mobilidade urbano para o [&hellip;]<\/p>\n","protected":false},"author":3,"featured_media":1482,"comment_status":"open","ping_status":"open","sticky":false,"template":"","format":"standard","meta":{"_monsterinsights_skip_tracking":false,"_monsterinsights_sitenote_active":false,"_monsterinsights_sitenote_note":"","_monsterinsights_sitenote_category":0},"categories":[1],"tags":[],"yoast_head":"<!-- This site is optimized with the Yoast SEO plugin v16.5 - https:\/\/yoast.com\/wordpress\/plugins\/seo\/ -->\n<title>Rafa Zimbaldi articula investimentos em mobilidade urbana para Estrada Municipal Jos\u00e9 Sedano - Rafa Zimbaldi<\/title>\n<meta name=\"robots\" content=\"index, follow, max-snippet:-1, max-image-preview:large, max-video-preview:-1\" \/>\n<link rel=\"canonical\" href=\"https:\/\/rafazimbaldi.com.br\/novo\/rafa-zimbaldi-articula-investimentos-em-mobilidade-urbana-para-estrada-municipal-jose-sedano\/\" \/>\n<meta property=\"og:locale\" content=\"pt_BR\" \/>\n<meta property=\"og:type\" content=\"article\" \/>\n<meta property=\"og:title\" content=\"Rafa Zimbaldi articula investimentos em mobilidade urbana para Estrada Municipal Jos\u00e9 Sedano - Rafa Zimbaldi\" \/>\n<meta property=\"og:description\" content=\"O deputado estadual Rafa Zimbaldi, vereadores das cidades de Campinas e Sumar\u00e9, lideran\u00e7as e moradores da regi\u00e3o do entorno da Estrada Municipal Jos\u00e9 Sedano, que corta essas cidades e tamb\u00e9m Paul\u00ednia se reuniram na noite desta ter\u00e7a-feira (16\/07) para iniciar um movimento em prol de melhorias nos investimentos na \u00e1rea de mobilidade urbano para o [&hellip;]\" \/>\n<meta property=\"og:url\" content=\"https:\/\/rafazimbaldi.com.br\/novo\/rafa-zimbaldi-articula-investimentos-em-mobilidade-urbana-para-estrada-municipal-jose-sedano\/\" \/>\n<meta property=\"og:site_name\" content=\"Rafa Zimbaldi\" \/>\n<meta property=\"article:published_time\" content=\"2019-07-16T20:00:42+00:00\" \/>\n<meta property=\"article:modified_time\" content=\"2019-08-05T20:31:12+00:00\" \/>\n<meta property=\"og:image\" content=\"https:\/\/rafazimbaldi.com.br\/novo\/wp-content\/uploads\/2019\/08\/IMG_5204.jpg\" \/>\n\t<meta property=\"og:image:width\" content=\"4032\" \/>\n\t<meta property=\"og:image:height\" content=\"3024\" \/>\n<meta name=\"twitter:card\" content=\"summary_large_image\" \/>\n<meta name=\"twitter:label1\" content=\"Est. tempo de leitura\" \/>\n\t<meta name=\"twitter:data1\" content=\"2 minutos\" \/>\n<script type=\"application\/ld+json\" class=\"yoast-schema-graph\">{\"@context\":\"https:\/\/schema.org\",\"@graph\":[{\"@type\":\"WebSite\",\"@id\":\"https:\/\/rafazimbaldi.com.br\/novo\/#website\",\"url\":\"https:\/\/rafazimbaldi.com.br\/novo\/\",\"name\":\"Rafa Zimbaldi\",\"description\":\"Deputado Estadual \",\"potentialAction\":[{\"@type\":\"SearchAction\",\"target\":\"https:\/\/rafazimbaldi.com.br\/novo\/?s={search_term_string}\",\"query-input\":\"required name=search_term_string\"}],\"inLanguage\":\"pt-BR\"},{\"@type\":\"ImageObject\",\"@id\":\"https:\/\/rafazimbaldi.com.br\/novo\/rafa-zimbaldi-articula-investimentos-em-mobilidade-urbana-para-estrada-municipal-jose-sedano\/#primaryimage\",\"inLanguage\":\"pt-BR\",\"url\":\"https:\/\/rafazimbaldi.com.br\/novo\/wp-content\/uploads\/2019\/08\/IMG_5204.jpg\",\"contentUrl\":\"https:\/\/rafazimbaldi.com.br\/novo\/wp-content\/uploads\/2019\/08\/IMG_5204.jpg\",\"width\":4032,\"height\":3024},{\"@type\":\"WebPage\",\"@id\":\"https:\/\/rafazimbaldi.com.br\/novo\/rafa-zimbaldi-articula-investimentos-em-mobilidade-urbana-para-estrada-municipal-jose-sedano\/#webpage\",\"url\":\"https:\/\/rafazimbaldi.com.br\/novo\/rafa-zimbaldi-articula-investimentos-em-mobilidade-urbana-para-estrada-municipal-jose-sedano\/\",\"name\":\"Rafa Zimbaldi articula investimentos em mobilidade urbana para Estrada Municipal Jos\\u00e9 Sedano - Rafa Zimbaldi\",\"isPartOf\":{\"@id\":\"https:\/\/rafazimbaldi.com.br\/novo\/#website\"},\"primaryImageOfPage\":{\"@id\":\"https:\/\/rafazimbaldi.com.br\/novo\/rafa-zimbaldi-articula-investimentos-em-mobilidade-urbana-para-estrada-municipal-jose-sedano\/#primaryimage\"},\"datePublished\":\"2019-07-16T20:00:42+00:00\",\"dateModified\":\"2019-08-05T20:31:12+00:00\",\"author\":{\"@id\":\"https:\/\/rafazimbaldi.com.br\/novo\/#\/schema\/person\/d1a0aead4e2d1174f555df17925b89d1\"},\"breadcrumb\":{\"@id\":\"https:\/\/rafazimbaldi.com.br\/novo\/rafa-zimbaldi-articula-investimentos-em-mobilidade-urbana-para-estrada-municipal-jose-sedano\/#breadcrumb\"},\"inLanguage\":\"pt-BR\",\"potentialAction\":[{\"@type\":\"ReadAction\",\"target\":[\"https:\/\/rafazimbaldi.com.br\/novo\/rafa-zimbaldi-articula-investimentos-em-mobilidade-urbana-para-estrada-municipal-jose-sedano\/\"]}]},{\"@type\":\"BreadcrumbList\",\"@id\":\"https:\/\/rafazimbaldi.com.br\/novo\/rafa-zimbaldi-articula-investimentos-em-mobilidade-urbana-para-estrada-municipal-jose-sedano\/#breadcrumb\",\"itemListElement\":[{\"@type\":\"ListItem\",\"position\":1,\"name\":\"In\\u00edcio\",\"item\":\"https:\/\/rafazimbaldi.com.br\/novo\/\"},{\"@type\":\"ListItem\",\"position\":2,\"name\":\"Rafa Zimbaldi articula investimentos em mobilidade urbana para Estrada Municipal Jos\\u00e9 Sedano\"}]},{\"@type\":\"Person\",\"@id\":\"https:\/\/rafazimbaldi.com.br\/novo\/#\/schema\/person\/d1a0aead4e2d1174f555df17925b89d1\",\"name\":\"Priscilla Fidalgo\",\"image\":{\"@type\":\"ImageObject\",\"@id\":\"https:\/\/rafazimbaldi.com.br\/novo\/#personlogo\",\"inLanguage\":\"pt-BR\",\"url\":\"https:\/\/secure.gravatar.com\/avatar\/a2b0fd3fe320ff1dea0bc6f7f3a74fc5?s=96&d=blank&r=g\",\"contentUrl\":\"https:\/\/secure.gravatar.com\/avatar\/a2b0fd3fe320ff1dea0bc6f7f3a74fc5?s=96&d=blank&r=g\",\"caption\":\"Priscilla Fidalgo\"},\"url\":\"https:\/\/rafazimbaldi.com.br\/novo\/author\/prifidalgo\/\"}]}<\/script>\n<!-- \/ Yoast SEO plugin. -->","_links":{"self":[{"href":"https:\/\/rafazimbaldi.com.br\/novo\/wp-json\/wp\/v2\/posts\/1479"}],"collection":[{"href":"https:\/\/rafazimbaldi.com.br\/novo\/wp-json\/wp\/v2\/posts"}],"about":[{"href":"https:\/\/rafazimbaldi.com.br\/novo\/wp-json\/wp\/v2\/types\/post"}],"author":[{"embeddable":true,"href":"https:\/\/rafazimbaldi.com.br\/novo\/wp-json\/wp\/v2\/users\/3"}],"replies":[{"embeddable":true,"href":"https:\/\/rafazimbaldi.com.br\/novo\/wp-json\/wp\/v2\/comments?post=1479"}],"version-history":[{"count":1,"href":"https:\/\/rafazimbaldi.com.br\/novo\/wp-json\/wp\/v2\/posts\/1479\/revisions"}],"predecessor-version":[{"id":1481,"href":"https:\/\/rafazimbaldi.com.br\/novo\/wp-json\/wp\/v2\/posts\/1479\/revisions\/1481"}],"wp:featuredmedia":[{"embeddable":true,"href":"https:\/\/rafazimbaldi.com.br\/novo\/wp-json\/wp\/v2\/media\/1482"}],"wp:attachment":[{"href":"https:\/\/rafazimbaldi.com.br\/novo\/wp-json\/wp\/v2\/media?parent=1479"}],"wp:term":[{"taxonomy":"category","embeddable":true,"href":"https:\/\/rafazimbaldi.com.br\/novo\/wp-json\/wp\/v2\/categories?post=1479"},{"taxonomy":"post_tag","embeddable":true,"href":"https:\/\/rafazimbaldi.com.br\/novo\/wp-json\/wp\/v2\/tags?post=1479"}],"curies":[{"name":"wp","href":"https:\/\/api.w.org\/{rel}","templated":true}]}}