{"id":1491,"date":"2019-08-08T17:45:15","date_gmt":"2019-08-08T20:45:15","guid":{"rendered":"http:\/\/rafazimbaldi.com\/?p=1491"},"modified":"2019-08-08T17:45:49","modified_gmt":"2019-08-08T20:45:49","slug":"deputado-rafa-zimbaldi-realiza-nesta-sexta-feira-09-08-solenidade-em-homenagem-aos-20-anos-da-rede-seculo-21","status":"publish","type":"post","link":"https:\/\/rafazimbaldi.com.br\/novo\/deputado-rafa-zimbaldi-realiza-nesta-sexta-feira-09-08-solenidade-em-homenagem-aos-20-anos-da-rede-seculo-21\/","title":{"rendered":"Deputado Rafa Zimbaldi realiza nesta sexta-feira (09\/08) solenidade em homenagem aos 20 anos da Rede S\u00e9culo 21"},"content":{"rendered":"\n<p>Por iniciativa do Deputado Rafa Zimbaldi, a\nAssembleia Legislativa do Estado de S\u00e3o Paulo recebe nesta sexta-feira (09\/08),\na partir das 20 horas uma solenidade em homenagem aos 20 anos da Rede S\u00e9culo\n21. <\/p>\n\n\n\n<p>A hist\u00f3ria dessa importante rede de comunica\u00e7\u00e3o\ncome\u00e7ou com a Associa\u00e7\u00e3o do Senhor Jesus (ASJ), que \u00e9 uma institui\u00e7\u00e3o ligada \u00e0\nIgreja Cat\u00f3lica Apost\u00f3lica Romana, que trabalha com a forma\u00e7\u00e3o, informa\u00e7\u00e3o,\nentretenimento e a evangeliza\u00e7\u00e3o atrav\u00e9s dos meios de comunica\u00e7\u00e3o. <\/p>\n\n\n\n<p>Ela foi fundada em 1981, na cidade de Campinas\/SP,\npelo&nbsp;Pe. Eduardo Dougherty, sj,&nbsp;sacerdote jesu\u00edta americano, que\ntrouxe o movimento da&nbsp;Renova\u00e7\u00e3o Carism\u00e1tica Cat\u00f3lica&nbsp;para o Brasil.\nEssa Obra \u00e9 sustentada por milhares de s\u00f3cios contribuintes espalhados por todo\no Brasil e pelo mundo.<\/p>\n\n\n\n<p>Em 1998 nasceu a Funda\u00e7\u00e3o S\u00e9culo Vinte e Um que\nrecebeu a concess\u00e3o de um canal de televis\u00e3o. No ano seguinte, o idealizador\nPe. Eduardo colocou no ar a&nbsp;TV S\u00e9culo 21, em 11 de julho de 1999.<\/p>\n\n\n\n<p>\u201cEssa obra do Padre Eduardo nasceu pequena e hoje,\ngra\u00e7as aos colaboradores, se tornou uma grande Rede de produ\u00e7\u00e3o de conte\u00fados\ndestinada a educar, evangelizar e informar, operando nos mais diversos meios de\ncomunica\u00e7\u00e3o, como TV, internet, educa\u00e7\u00e3o a dist\u00e2ncia e revista. Todas\nindependentes administrativamente, mas buscando a mesma finalidade\u201d, explica\nRafa. <\/p>\n\n\n\n<p>A emissora cresceu e, a partir de 2013, se tornou\nRede S\u00e9culo 21, integrando novas emissoras de TV, com 24 horas no ar tanto na\nTV como no portal, al\u00e9m de outros meios de comunica\u00e7\u00e3o, como a Revista Brasil\nCrist\u00e3o, que tem uma tiragem de 250 mil exemplares por m\u00eas e a Educa\u00e7\u00e3o a\nDist\u00e2ncia e internet, a EAD S\u00e9culo 21, que oferece muitos cursos gratuitos. Em\n2016, um grande passo na f\u00e9 marcou novamente a hist\u00f3ria da emissora:\numa&nbsp;expans\u00e3o para mais de 1.000 munic\u00edpios, levando educa\u00e7\u00e3o e\nevangeliza\u00e7\u00e3o para mais de 150 milh\u00f5es de brasileiros.<\/p>\n\n\n\n<p>Localizada em Valinhos, Regi\u00e3o Metropolitana de\nCampinas (SP), a emissora conta com 5 est\u00fadios para produ\u00e7\u00e3o de programas ao\nvivo, gravados, educa\u00e7\u00e3o a dist\u00e2ncia, shows e dramaturgia. Uma rede de\ntelecomunica\u00e7\u00e3o cat\u00f3lica com 24h de programa\u00e7\u00e3o di\u00e1rias.<\/p>\n\n\n\n<p>A Rede S\u00e9culo 21 est\u00e1 presente em 12 estados e mais\nde 166 munic\u00edpios, entregando conte\u00fado por meio de antenas parab\u00f3licas, sinal\naberto e TVs por assinatura, levando uma programa\u00e7\u00e3o evangelizadora que visa\nformar e educar para a vida. Atrav\u00e9s das retransmissoras e 2 sinais via\nsat\u00e9lite, anal\u00f3gico e digital, mais de 25 milh\u00f5es de lares em todo o territ\u00f3rio\nnacional recebem a programa\u00e7\u00e3o.&nbsp;Ainda \u00e9 poss\u00edvel assistir \u00e0 programa\u00e7\u00e3o da\nRede S\u00e9culo 21 atrav\u00e9s da internet, pelo facebook, aplicativo e portal no <a href=\"http:\/\/www.rs21.com.br\">www.rs21.com.br<\/a>. <\/p>\n\n\n\n<p><strong>Servi\u00e7o:\n<\/strong><\/p>\n\n\n\n<p><strong>O\nque: <\/strong>Solenidade\nem homenagem aos 20 anos da Rede S\u00e9culo 21<\/p>\n\n\n\n<p><strong>Quando:\n<\/strong>09\/08\/2019\n\u2013 \u00e0s 20 horas<\/p>\n\n\n\n<p><strong>Local:\n<\/strong>Plen\u00e1rio\nPresidente Juscelino Kubitschek de Oliveira \u2013 Assembleia Legislativa do Estado\nde S\u00e3o Paulo \u2013 Av. Pedro \u00c1lvares Cabral, 201 \u2013 Ibirapuera \u2013 S\u00e3o Paulo\/SP<\/p>\n","protected":false},"excerpt":{"rendered":"<p>Por iniciativa do Deputado Rafa Zimbaldi, a Assembleia Legislativa do Estado de S\u00e3o Paulo recebe nesta sexta-feira (09\/08), a partir das 20 horas uma solenidade em homenagem aos 20 anos da Rede S\u00e9culo 21. A hist\u00f3ria dessa importante rede de comunica\u00e7\u00e3o come\u00e7ou com a Associa\u00e7\u00e3o do Senhor Jesus (ASJ), que \u00e9 uma institui\u00e7\u00e3o ligada \u00e0 [&hellip;]<\/p>\n","protected":false},"author":3,"featured_media":1465,"comment_status":"open","ping_status":"open","sticky":false,"template":"","format":"standard","meta":{"_monsterinsights_skip_tracking":false,"_monsterinsights_sitenote_active":false,"_monsterinsights_sitenote_note":"","_monsterinsights_sitenote_category":0},"categories":[1],"tags":[],"yoast_head":"<!-- This site is optimized with the Yoast SEO plugin v16.5 - https:\/\/yoast.com\/wordpress\/plugins\/seo\/ -->\n<title>Deputado Rafa Zimbaldi realiza nesta sexta-feira (09\/08) solenidade em homenagem aos 20 anos da Rede S\u00e9culo 21 - Rafa Zimbaldi<\/title>\n<meta name=\"robots\" content=\"index, follow, max-snippet:-1, max-image-preview:large, max-video-preview:-1\" \/>\n<link rel=\"canonical\" href=\"https:\/\/rafazimbaldi.com.br\/novo\/deputado-rafa-zimbaldi-realiza-nesta-sexta-feira-09-08-solenidade-em-homenagem-aos-20-anos-da-rede-seculo-21\/\" \/>\n<meta property=\"og:locale\" content=\"pt_BR\" \/>\n<meta property=\"og:type\" content=\"article\" \/>\n<meta property=\"og:title\" content=\"Deputado Rafa Zimbaldi realiza nesta sexta-feira (09\/08) solenidade em homenagem aos 20 anos da Rede S\u00e9culo 21 - Rafa Zimbaldi\" \/>\n<meta property=\"og:description\" content=\"Por iniciativa do Deputado Rafa Zimbaldi, a Assembleia Legislativa do Estado de S\u00e3o Paulo recebe nesta sexta-feira (09\/08), a partir das 20 horas uma solenidade em homenagem aos 20 anos da Rede S\u00e9culo 21. A hist\u00f3ria dessa importante rede de comunica\u00e7\u00e3o come\u00e7ou com a Associa\u00e7\u00e3o do Senhor Jesus (ASJ), que \u00e9 uma institui\u00e7\u00e3o ligada \u00e0 [&hellip;]\" \/>\n<meta property=\"og:url\" content=\"https:\/\/rafazimbaldi.com.br\/novo\/deputado-rafa-zimbaldi-realiza-nesta-sexta-feira-09-08-solenidade-em-homenagem-aos-20-anos-da-rede-seculo-21\/\" \/>\n<meta property=\"og:site_name\" content=\"Rafa Zimbaldi\" \/>\n<meta property=\"article:published_time\" content=\"2019-08-08T20:45:15+00:00\" \/>\n<meta property=\"article:modified_time\" content=\"2019-08-08T20:45:49+00:00\" \/>\n<meta property=\"og:image\" content=\"https:\/\/rafazimbaldi.com.br\/novo\/wp-content\/uploads\/2019\/07\/Rafa1.jpg\" \/>\n\t<meta property=\"og:image:width\" content=\"2480\" \/>\n\t<meta property=\"og:image:height\" content=\"1653\" \/>\n<meta name=\"twitter:card\" content=\"summary_large_image\" \/>\n<meta name=\"twitter:label1\" content=\"Est. tempo de leitura\" \/>\n\t<meta name=\"twitter:data1\" content=\"3 minutos\" \/>\n<script type=\"application\/ld+json\" class=\"yoast-schema-graph\">{\"@context\":\"https:\/\/schema.org\",\"@graph\":[{\"@type\":\"WebSite\",\"@id\":\"https:\/\/rafazimbaldi.com.br\/novo\/#website\",\"url\":\"https:\/\/rafazimbaldi.com.br\/novo\/\",\"name\":\"Rafa Zimbaldi\",\"description\":\"Deputado Estadual \",\"potentialAction\":[{\"@type\":\"SearchAction\",\"target\":\"https:\/\/rafazimbaldi.com.br\/novo\/?s={search_term_string}\",\"query-input\":\"required name=search_term_string\"}],\"inLanguage\":\"pt-BR\"},{\"@type\":\"ImageObject\",\"@id\":\"https:\/\/rafazimbaldi.com.br\/novo\/deputado-rafa-zimbaldi-realiza-nesta-sexta-feira-09-08-solenidade-em-homenagem-aos-20-anos-da-rede-seculo-21\/#primaryimage\",\"inLanguage\":\"pt-BR\",\"url\":\"https:\/\/rafazimbaldi.com.br\/novo\/wp-content\/uploads\/2019\/07\/Rafa1.jpg\",\"contentUrl\":\"https:\/\/rafazimbaldi.com.br\/novo\/wp-content\/uploads\/2019\/07\/Rafa1.jpg\",\"width\":2480,\"height\":1653},{\"@type\":\"WebPage\",\"@id\":\"https:\/\/rafazimbaldi.com.br\/novo\/deputado-rafa-zimbaldi-realiza-nesta-sexta-feira-09-08-solenidade-em-homenagem-aos-20-anos-da-rede-seculo-21\/#webpage\",\"url\":\"https:\/\/rafazimbaldi.com.br\/novo\/deputado-rafa-zimbaldi-realiza-nesta-sexta-feira-09-08-solenidade-em-homenagem-aos-20-anos-da-rede-seculo-21\/\",\"name\":\"Deputado Rafa Zimbaldi realiza nesta sexta-feira (09\/08) solenidade em homenagem aos 20 anos da Rede S\\u00e9culo 21 - Rafa Zimbaldi\",\"isPartOf\":{\"@id\":\"https:\/\/rafazimbaldi.com.br\/novo\/#website\"},\"primaryImageOfPage\":{\"@id\":\"https:\/\/rafazimbaldi.com.br\/novo\/deputado-rafa-zimbaldi-realiza-nesta-sexta-feira-09-08-solenidade-em-homenagem-aos-20-anos-da-rede-seculo-21\/#primaryimage\"},\"datePublished\":\"2019-08-08T20:45:15+00:00\",\"dateModified\":\"2019-08-08T20:45:49+00:00\",\"author\":{\"@id\":\"https:\/\/rafazimbaldi.com.br\/novo\/#\/schema\/person\/d1a0aead4e2d1174f555df17925b89d1\"},\"breadcrumb\":{\"@id\":\"https:\/\/rafazimbaldi.com.br\/novo\/deputado-rafa-zimbaldi-realiza-nesta-sexta-feira-09-08-solenidade-em-homenagem-aos-20-anos-da-rede-seculo-21\/#breadcrumb\"},\"inLanguage\":\"pt-BR\",\"potentialAction\":[{\"@type\":\"ReadAction\",\"target\":[\"https:\/\/rafazimbaldi.com.br\/novo\/deputado-rafa-zimbaldi-realiza-nesta-sexta-feira-09-08-solenidade-em-homenagem-aos-20-anos-da-rede-seculo-21\/\"]}]},{\"@type\":\"BreadcrumbList\",\"@id\":\"https:\/\/rafazimbaldi.com.br\/novo\/deputado-rafa-zimbaldi-realiza-nesta-sexta-feira-09-08-solenidade-em-homenagem-aos-20-anos-da-rede-seculo-21\/#breadcrumb\",\"itemListElement\":[{\"@type\":\"ListItem\",\"position\":1,\"name\":\"In\\u00edcio\",\"item\":\"https:\/\/rafazimbaldi.com.br\/novo\/\"},{\"@type\":\"ListItem\",\"position\":2,\"name\":\"Deputado Rafa Zimbaldi realiza nesta sexta-feira (09\/08) solenidade em homenagem aos 20 anos da Rede S\\u00e9culo 21\"}]},{\"@type\":\"Person\",\"@id\":\"https:\/\/rafazimbaldi.com.br\/novo\/#\/schema\/person\/d1a0aead4e2d1174f555df17925b89d1\",\"name\":\"Priscilla Fidalgo\",\"image\":{\"@type\":\"ImageObject\",\"@id\":\"https:\/\/rafazimbaldi.com.br\/novo\/#personlogo\",\"inLanguage\":\"pt-BR\",\"url\":\"https:\/\/secure.gravatar.com\/avatar\/a2b0fd3fe320ff1dea0bc6f7f3a74fc5?s=96&d=blank&r=g\",\"contentUrl\":\"https:\/\/secure.gravatar.com\/avatar\/a2b0fd3fe320ff1dea0bc6f7f3a74fc5?s=96&d=blank&r=g\",\"caption\":\"Priscilla Fidalgo\"},\"url\":\"https:\/\/rafazimbaldi.com.br\/novo\/author\/prifidalgo\/\"}]}<\/script>\n<!-- \/ Yoast SEO plugin. -->","_links":{"self":[{"href":"https:\/\/rafazimbaldi.com.br\/novo\/wp-json\/wp\/v2\/posts\/1491"}],"collection":[{"href":"https:\/\/rafazimbaldi.com.br\/novo\/wp-json\/wp\/v2\/posts"}],"about":[{"href":"https:\/\/rafazimbaldi.com.br\/novo\/wp-json\/wp\/v2\/types\/post"}],"author":[{"embeddable":true,"href":"https:\/\/rafazimbaldi.com.br\/novo\/wp-json\/wp\/v2\/users\/3"}],"replies":[{"embeddable":true,"href":"https:\/\/rafazimbaldi.com.br\/novo\/wp-json\/wp\/v2\/comments?post=1491"}],"version-history":[{"count":1,"href":"https:\/\/rafazimbaldi.com.br\/novo\/wp-json\/wp\/v2\/posts\/1491\/revisions"}],"predecessor-version":[{"id":1492,"href":"https:\/\/rafazimbaldi.com.br\/novo\/wp-json\/wp\/v2\/posts\/1491\/revisions\/1492"}],"wp:featuredmedia":[{"embeddable":true,"href":"https:\/\/rafazimbaldi.com.br\/novo\/wp-json\/wp\/v2\/media\/1465"}],"wp:attachment":[{"href":"https:\/\/rafazimbaldi.com.br\/novo\/wp-json\/wp\/v2\/media?parent=1491"}],"wp:term":[{"taxonomy":"category","embeddable":true,"href":"https:\/\/rafazimbaldi.com.br\/novo\/wp-json\/wp\/v2\/categories?post=1491"},{"taxonomy":"post_tag","embeddable":true,"href":"https:\/\/rafazimbaldi.com.br\/novo\/wp-json\/wp\/v2\/tags?post=1491"}],"curies":[{"name":"wp","href":"https:\/\/api.w.org\/{rel}","templated":true}]}}