{"id":1498,"date":"2019-08-13T16:50:31","date_gmt":"2019-08-13T19:50:31","guid":{"rendered":"http:\/\/rafazimbaldi.com\/?p=1498"},"modified":"2019-08-13T17:13:41","modified_gmt":"2019-08-13T20:13:41","slug":"presidida-pelo-deputado-rafa-zimbaldi-comissao-de-assuntos-metropolitanos-e-municipais-recebe-nesta-quarta-feira-14-8-secretario-marco-vinholi","status":"publish","type":"post","link":"https:\/\/rafazimbaldi.com.br\/novo\/presidida-pelo-deputado-rafa-zimbaldi-comissao-de-assuntos-metropolitanos-e-municipais-recebe-nesta-quarta-feira-14-8-secretario-marco-vinholi\/","title":{"rendered":"Presidida pelo Deputado Rafa Zimbaldi comiss\u00e3o de Assuntos Metropolitanos e Municipais recebe nesta quarta-feira (14\/8) secret\u00e1rio Marco Vinholi"},"content":{"rendered":"\n<p>A Comiss\u00e3o de Assuntos Metropolitanos e Municipais da\nAssembleia Legislativa do estado de S\u00e3o Paulo recebe nesta quarta-feira (14\/8)\no secret\u00e1rio Estadual de Desenvolvimento Regional, Marco Vinholi. O presidente\nda comiss\u00e3o, deputado Rafa Zimbaldi explica que o objetivo do encontro \u00e9 para\nque o secret\u00e1rio preste contas das atividades da pasta. <\/p>\n\n\n\n<p>\u201cAssumimos o mandato em mar\u00e7o deste ano e desde ent\u00e3o\nestamos nos reunindo com Vinholi constantemente para levar diversas demandas\ndas cidades para o Estado, nesta reuni\u00e3o ele deve apresentar todos os esfor\u00e7os\nque vem fazendo em busca da efetiva\u00e7\u00e3o de um governo municipalista que tanto\nbatalhamos\u201d, afirma Rafa. <\/p>\n\n\n\n<p>A pasta foi criada pelo atual governo D\u00f3ria e \u00e9 respons\u00e1vel por\nfacilitar a rela\u00e7\u00e3o dos munic\u00edpios com o Estado. Com uma atua\u00e7\u00e3o intersetorial,\norganizando o fluxo de demandas desde infraestrutura at\u00e9 projetos sociais. <\/p>\n\n\n\n<p>\u201cFoi por meio da interlocu\u00e7\u00e3o com a secretaria de\nDesenvolvimento Regional que j\u00e1 conseguimos mais de 10 milh\u00f5es de reais em\nrecursos para 21 munic\u00edpios do estado. A pasta vem prestar contas dos caminhos\nde todos os investimentos deste primeiro semestre\u201d, adianta Rafa. <\/p>\n\n\n\n<p>A reuni\u00e3o da comiss\u00e3o est\u00e1 marcada para \u00e0s 11h no Plen\u00e1rio\nJos\u00e9 Bonif\u00e1cio e ter\u00e1 transmiss\u00e3o ao vivo pelo canal do youtube da TV Alesp. <\/p>\n","protected":false},"excerpt":{"rendered":"<p>A Comiss\u00e3o de Assuntos Metropolitanos e Municipais da Assembleia Legislativa do estado de S\u00e3o Paulo recebe nesta quarta-feira (14\/8) o secret\u00e1rio Estadual de Desenvolvimento Regional, Marco Vinholi. O presidente da comiss\u00e3o, deputado Rafa Zimbaldi explica que o objetivo do encontro \u00e9 para que o secret\u00e1rio preste contas das atividades da pasta. \u201cAssumimos o mandato em [&hellip;]<\/p>\n","protected":false},"author":3,"featured_media":1500,"comment_status":"open","ping_status":"open","sticky":false,"template":"","format":"standard","meta":{"_monsterinsights_skip_tracking":false,"_monsterinsights_sitenote_active":false,"_monsterinsights_sitenote_note":"","_monsterinsights_sitenote_category":0},"categories":[1],"tags":[],"yoast_head":"<!-- This site is optimized with the Yoast SEO plugin v16.5 - https:\/\/yoast.com\/wordpress\/plugins\/seo\/ -->\n<title>Presidida pelo Deputado Rafa Zimbaldi comiss\u00e3o de Assuntos Metropolitanos e Municipais recebe nesta quarta-feira (14\/8) secret\u00e1rio Marco Vinholi - Rafa Zimbaldi<\/title>\n<meta name=\"robots\" content=\"index, follow, max-snippet:-1, max-image-preview:large, max-video-preview:-1\" \/>\n<link rel=\"canonical\" href=\"https:\/\/rafazimbaldi.com.br\/novo\/presidida-pelo-deputado-rafa-zimbaldi-comissao-de-assuntos-metropolitanos-e-municipais-recebe-nesta-quarta-feira-14-8-secretario-marco-vinholi\/\" \/>\n<meta property=\"og:locale\" content=\"pt_BR\" \/>\n<meta property=\"og:type\" content=\"article\" \/>\n<meta property=\"og:title\" content=\"Presidida pelo Deputado Rafa Zimbaldi comiss\u00e3o de Assuntos Metropolitanos e Municipais recebe nesta quarta-feira (14\/8) secret\u00e1rio Marco Vinholi - Rafa Zimbaldi\" \/>\n<meta property=\"og:description\" content=\"A Comiss\u00e3o de Assuntos Metropolitanos e Municipais da Assembleia Legislativa do estado de S\u00e3o Paulo recebe nesta quarta-feira (14\/8) o secret\u00e1rio Estadual de Desenvolvimento Regional, Marco Vinholi. O presidente da comiss\u00e3o, deputado Rafa Zimbaldi explica que o objetivo do encontro \u00e9 para que o secret\u00e1rio preste contas das atividades da pasta. \u201cAssumimos o mandato em [&hellip;]\" \/>\n<meta property=\"og:url\" content=\"https:\/\/rafazimbaldi.com.br\/novo\/presidida-pelo-deputado-rafa-zimbaldi-comissao-de-assuntos-metropolitanos-e-municipais-recebe-nesta-quarta-feira-14-8-secretario-marco-vinholi\/\" \/>\n<meta property=\"og:site_name\" content=\"Rafa Zimbaldi\" \/>\n<meta property=\"article:published_time\" content=\"2019-08-13T19:50:31+00:00\" \/>\n<meta property=\"article:modified_time\" content=\"2019-08-13T20:13:41+00:00\" \/>\n<meta property=\"og:image\" content=\"https:\/\/rafazimbaldi.com.br\/novo\/wp-content\/uploads\/2019\/08\/Reuniao_assuntos_metropolitanos_arquivo.jpg\" \/>\n\t<meta property=\"og:image:width\" content=\"2480\" \/>\n\t<meta property=\"og:image:height\" content=\"1653\" \/>\n<meta name=\"twitter:card\" content=\"summary_large_image\" \/>\n<meta name=\"twitter:label1\" content=\"Est. tempo de leitura\" \/>\n\t<meta name=\"twitter:data1\" content=\"1 minuto\" \/>\n<script type=\"application\/ld+json\" class=\"yoast-schema-graph\">{\"@context\":\"https:\/\/schema.org\",\"@graph\":[{\"@type\":\"WebSite\",\"@id\":\"https:\/\/rafazimbaldi.com.br\/novo\/#website\",\"url\":\"https:\/\/rafazimbaldi.com.br\/novo\/\",\"name\":\"Rafa Zimbaldi\",\"description\":\"Deputado Estadual \",\"potentialAction\":[{\"@type\":\"SearchAction\",\"target\":\"https:\/\/rafazimbaldi.com.br\/novo\/?s={search_term_string}\",\"query-input\":\"required name=search_term_string\"}],\"inLanguage\":\"pt-BR\"},{\"@type\":\"ImageObject\",\"@id\":\"https:\/\/rafazimbaldi.com.br\/novo\/presidida-pelo-deputado-rafa-zimbaldi-comissao-de-assuntos-metropolitanos-e-municipais-recebe-nesta-quarta-feira-14-8-secretario-marco-vinholi\/#primaryimage\",\"inLanguage\":\"pt-BR\",\"url\":\"https:\/\/rafazimbaldi.com.br\/novo\/wp-content\/uploads\/2019\/08\/Reuniao_assuntos_metropolitanos_arquivo.jpg\",\"contentUrl\":\"https:\/\/rafazimbaldi.com.br\/novo\/wp-content\/uploads\/2019\/08\/Reuniao_assuntos_metropolitanos_arquivo.jpg\",\"width\":2480,\"height\":1653,\"caption\":\"Parlamentares durante reuni\\u00e3o da comiss\\u00e3o (arq.)\"},{\"@type\":\"WebPage\",\"@id\":\"https:\/\/rafazimbaldi.com.br\/novo\/presidida-pelo-deputado-rafa-zimbaldi-comissao-de-assuntos-metropolitanos-e-municipais-recebe-nesta-quarta-feira-14-8-secretario-marco-vinholi\/#webpage\",\"url\":\"https:\/\/rafazimbaldi.com.br\/novo\/presidida-pelo-deputado-rafa-zimbaldi-comissao-de-assuntos-metropolitanos-e-municipais-recebe-nesta-quarta-feira-14-8-secretario-marco-vinholi\/\",\"name\":\"Presidida pelo Deputado Rafa Zimbaldi comiss\\u00e3o de Assuntos Metropolitanos e Municipais recebe nesta quarta-feira (14\/8) secret\\u00e1rio Marco Vinholi - Rafa Zimbaldi\",\"isPartOf\":{\"@id\":\"https:\/\/rafazimbaldi.com.br\/novo\/#website\"},\"primaryImageOfPage\":{\"@id\":\"https:\/\/rafazimbaldi.com.br\/novo\/presidida-pelo-deputado-rafa-zimbaldi-comissao-de-assuntos-metropolitanos-e-municipais-recebe-nesta-quarta-feira-14-8-secretario-marco-vinholi\/#primaryimage\"},\"datePublished\":\"2019-08-13T19:50:31+00:00\",\"dateModified\":\"2019-08-13T20:13:41+00:00\",\"author\":{\"@id\":\"https:\/\/rafazimbaldi.com.br\/novo\/#\/schema\/person\/d1a0aead4e2d1174f555df17925b89d1\"},\"breadcrumb\":{\"@id\":\"https:\/\/rafazimbaldi.com.br\/novo\/presidida-pelo-deputado-rafa-zimbaldi-comissao-de-assuntos-metropolitanos-e-municipais-recebe-nesta-quarta-feira-14-8-secretario-marco-vinholi\/#breadcrumb\"},\"inLanguage\":\"pt-BR\",\"potentialAction\":[{\"@type\":\"ReadAction\",\"target\":[\"https:\/\/rafazimbaldi.com.br\/novo\/presidida-pelo-deputado-rafa-zimbaldi-comissao-de-assuntos-metropolitanos-e-municipais-recebe-nesta-quarta-feira-14-8-secretario-marco-vinholi\/\"]}]},{\"@type\":\"BreadcrumbList\",\"@id\":\"https:\/\/rafazimbaldi.com.br\/novo\/presidida-pelo-deputado-rafa-zimbaldi-comissao-de-assuntos-metropolitanos-e-municipais-recebe-nesta-quarta-feira-14-8-secretario-marco-vinholi\/#breadcrumb\",\"itemListElement\":[{\"@type\":\"ListItem\",\"position\":1,\"name\":\"In\\u00edcio\",\"item\":\"https:\/\/rafazimbaldi.com.br\/novo\/\"},{\"@type\":\"ListItem\",\"position\":2,\"name\":\"Presidida pelo Deputado Rafa Zimbaldi comiss\\u00e3o de Assuntos Metropolitanos e Municipais recebe nesta quarta-feira (14\/8) secret\\u00e1rio Marco Vinholi\"}]},{\"@type\":\"Person\",\"@id\":\"https:\/\/rafazimbaldi.com.br\/novo\/#\/schema\/person\/d1a0aead4e2d1174f555df17925b89d1\",\"name\":\"Priscilla Fidalgo\",\"image\":{\"@type\":\"ImageObject\",\"@id\":\"https:\/\/rafazimbaldi.com.br\/novo\/#personlogo\",\"inLanguage\":\"pt-BR\",\"url\":\"https:\/\/secure.gravatar.com\/avatar\/a2b0fd3fe320ff1dea0bc6f7f3a74fc5?s=96&d=blank&r=g\",\"contentUrl\":\"https:\/\/secure.gravatar.com\/avatar\/a2b0fd3fe320ff1dea0bc6f7f3a74fc5?s=96&d=blank&r=g\",\"caption\":\"Priscilla Fidalgo\"},\"url\":\"https:\/\/rafazimbaldi.com.br\/novo\/author\/prifidalgo\/\"}]}<\/script>\n<!-- \/ Yoast SEO plugin. -->","_links":{"self":[{"href":"https:\/\/rafazimbaldi.com.br\/novo\/wp-json\/wp\/v2\/posts\/1498"}],"collection":[{"href":"https:\/\/rafazimbaldi.com.br\/novo\/wp-json\/wp\/v2\/posts"}],"about":[{"href":"https:\/\/rafazimbaldi.com.br\/novo\/wp-json\/wp\/v2\/types\/post"}],"author":[{"embeddable":true,"href":"https:\/\/rafazimbaldi.com.br\/novo\/wp-json\/wp\/v2\/users\/3"}],"replies":[{"embeddable":true,"href":"https:\/\/rafazimbaldi.com.br\/novo\/wp-json\/wp\/v2\/comments?post=1498"}],"version-history":[{"count":2,"href":"https:\/\/rafazimbaldi.com.br\/novo\/wp-json\/wp\/v2\/posts\/1498\/revisions"}],"predecessor-version":[{"id":1501,"href":"https:\/\/rafazimbaldi.com.br\/novo\/wp-json\/wp\/v2\/posts\/1498\/revisions\/1501"}],"wp:featuredmedia":[{"embeddable":true,"href":"https:\/\/rafazimbaldi.com.br\/novo\/wp-json\/wp\/v2\/media\/1500"}],"wp:attachment":[{"href":"https:\/\/rafazimbaldi.com.br\/novo\/wp-json\/wp\/v2\/media?parent=1498"}],"wp:term":[{"taxonomy":"category","embeddable":true,"href":"https:\/\/rafazimbaldi.com.br\/novo\/wp-json\/wp\/v2\/categories?post=1498"},{"taxonomy":"post_tag","embeddable":true,"href":"https:\/\/rafazimbaldi.com.br\/novo\/wp-json\/wp\/v2\/tags?post=1498"}],"curies":[{"name":"wp","href":"https:\/\/api.w.org\/{rel}","templated":true}]}}