{"id":220,"date":"2016-02-11T09:48:40","date_gmt":"2016-02-11T11:48:40","guid":{"rendered":"http:\/\/www.rafazimbaldi.com\/?p=220"},"modified":"2016-02-11T09:48:40","modified_gmt":"2016-02-11T11:48:40","slug":"por-iniciativa-de-rafa-zimbaldi-samir-barel-morador-de-campinas-que-atravessou-o-canal-da-mancha-recebe-diploma-de-merito-esportivo","status":"publish","type":"post","link":"https:\/\/rafazimbaldi.com.br\/novo\/por-iniciativa-de-rafa-zimbaldi-samir-barel-morador-de-campinas-que-atravessou-o-canal-da-mancha-recebe-diploma-de-merito-esportivo\/","title":{"rendered":"Por iniciativa de Rafa Zimbaldi, Samir Barel \u2013 morador de Campinas que atravessou o Canal da Mancha \u2013 recebe Diploma de M\u00e9rito Esportivo."},"content":{"rendered":"<p>Algumas conquistas humanas s\u00e3o memor\u00e1veis e devem ficar registradas para sempre. Uma delas aconteceu no dia 8 de agosto de 2015, quando o nadador Samir Barel cumpriu a travessia do Canal da Mancha, entre a Inglaterra e a Fran\u00e7a. Barel nasceu na capital paulista, mas mora em Campinas e, desde ent\u00e3o, passou a integrar o seleto grupo de desbravadores do Estreito de Dover.<\/p>\n<p>Para homenagear este paulistano que mora em Campinas por ter cumprido o percurso de 34 quil\u00f4metros (um dos mais dif\u00edceis e prestigiados da maratona aqu\u00e1tica mundial por suas adversidades no trajeto), o vereador Rafa Zimbaldi prop\u00f4s o Projeto de Decreto Legislativo n\u00ba 126\/15, Processo n\u00ba 219.712 (que foi aprovado ontem), concedendo a Samir Barel o Diploma de M\u00e9rito Esportivo \u201cS\u00e9rgio Jos\u00e9 Salvucci\u201d.<\/p>\n<blockquote><p>\u201cEsta \u00e9 uma honraria concedida a grandes nomes campineiros, incluindo aqueles que s\u00e3o campineiros de cora\u00e7\u00e3o, como Samir Barel. A conquista dele enlevou internacionalmente o nome de Campinas e homenage\u00e1-lo por ela \u00e9 mais do que justo\u201d, diz Rafa Zimbaldi.<\/p><\/blockquote>\n<p><iframe loading=\"lazy\" src=\"https:\/\/www.youtube.com\/embed\/JeT73qQkdtM\" width=\"898\" height=\"400\" frameborder=\"0\" allowfullscreen=\"allowfullscreen\"><\/iframe><\/p>\n","protected":false},"excerpt":{"rendered":"<p>Algumas conquistas humanas s\u00e3o memor\u00e1veis e devem ficar registradas para sempre. Uma delas aconteceu no dia 8 de agosto de 2015, quando o nadador Samir Barel cumpriu a travessia do Canal da Mancha, entre a Inglaterra e a Fran\u00e7a. Barel nasceu na capital paulista, mas mora em Campinas e, desde ent\u00e3o, passou a integrar o [&hellip;]<\/p>\n","protected":false},"author":2,"featured_media":224,"comment_status":"open","ping_status":"open","sticky":false,"template":"","format":"standard","meta":{"_monsterinsights_skip_tracking":false,"_monsterinsights_sitenote_active":false,"_monsterinsights_sitenote_note":"","_monsterinsights_sitenote_category":0},"categories":[1,7],"tags":[],"yoast_head":"<!-- This site is optimized with the Yoast SEO plugin v16.5 - https:\/\/yoast.com\/wordpress\/plugins\/seo\/ -->\n<title>Por iniciativa de Rafa Zimbaldi, Samir Barel \u2013 morador de Campinas que atravessou o Canal da Mancha \u2013 recebe Diploma de M\u00e9rito Esportivo. - Rafa Zimbaldi<\/title>\n<meta name=\"robots\" content=\"index, follow, max-snippet:-1, max-image-preview:large, max-video-preview:-1\" \/>\n<link rel=\"canonical\" href=\"https:\/\/rafazimbaldi.com.br\/novo\/por-iniciativa-de-rafa-zimbaldi-samir-barel-morador-de-campinas-que-atravessou-o-canal-da-mancha-recebe-diploma-de-merito-esportivo\/\" \/>\n<meta property=\"og:locale\" content=\"pt_BR\" \/>\n<meta property=\"og:type\" content=\"article\" \/>\n<meta property=\"og:title\" content=\"Por iniciativa de Rafa Zimbaldi, Samir Barel \u2013 morador de Campinas que atravessou o Canal da Mancha \u2013 recebe Diploma de M\u00e9rito Esportivo. - Rafa Zimbaldi\" \/>\n<meta property=\"og:description\" content=\"Algumas conquistas humanas s\u00e3o memor\u00e1veis e devem ficar registradas para sempre. Uma delas aconteceu no dia 8 de agosto de 2015, quando o nadador Samir Barel cumpriu a travessia do Canal da Mancha, entre a Inglaterra e a Fran\u00e7a. Barel nasceu na capital paulista, mas mora em Campinas e, desde ent\u00e3o, passou a integrar o [&hellip;]\" \/>\n<meta property=\"og:url\" content=\"https:\/\/rafazimbaldi.com.br\/novo\/por-iniciativa-de-rafa-zimbaldi-samir-barel-morador-de-campinas-que-atravessou-o-canal-da-mancha-recebe-diploma-de-merito-esportivo\/\" \/>\n<meta property=\"og:site_name\" content=\"Rafa Zimbaldi\" \/>\n<meta property=\"article:published_time\" content=\"2016-02-11T11:48:40+00:00\" \/>\n<meta property=\"og:image\" content=\"https:\/\/rafazimbaldi.com.br\/novo\/wp-content\/uploads\/2016\/02\/mancha-2.png\" \/>\n\t<meta property=\"og:image:width\" content=\"898\" \/>\n\t<meta property=\"og:image:height\" content=\"590\" \/>\n<meta name=\"twitter:card\" content=\"summary_large_image\" \/>\n<meta name=\"twitter:label1\" content=\"Est. tempo de leitura\" \/>\n\t<meta name=\"twitter:data1\" content=\"1 minuto\" \/>\n<script type=\"application\/ld+json\" class=\"yoast-schema-graph\">{\"@context\":\"https:\/\/schema.org\",\"@graph\":[{\"@type\":\"WebSite\",\"@id\":\"https:\/\/rafazimbaldi.com.br\/novo\/#website\",\"url\":\"https:\/\/rafazimbaldi.com.br\/novo\/\",\"name\":\"Rafa Zimbaldi\",\"description\":\"Deputado Estadual \",\"potentialAction\":[{\"@type\":\"SearchAction\",\"target\":\"https:\/\/rafazimbaldi.com.br\/novo\/?s={search_term_string}\",\"query-input\":\"required name=search_term_string\"}],\"inLanguage\":\"pt-BR\"},{\"@type\":\"ImageObject\",\"@id\":\"https:\/\/rafazimbaldi.com.br\/novo\/por-iniciativa-de-rafa-zimbaldi-samir-barel-morador-de-campinas-que-atravessou-o-canal-da-mancha-recebe-diploma-de-merito-esportivo\/#primaryimage\",\"inLanguage\":\"pt-BR\",\"url\":\"https:\/\/rafazimbaldi.com.br\/novo\/wp-content\/uploads\/2016\/02\/mancha-2.png\",\"contentUrl\":\"https:\/\/rafazimbaldi.com.br\/novo\/wp-content\/uploads\/2016\/02\/mancha-2.png\",\"width\":898,\"height\":590,\"caption\":\"http:\/\/www.bestswim.com.br\/2015\/08\/10\/samir-barel-completa-canal-da-mancha\/\"},{\"@type\":\"WebPage\",\"@id\":\"https:\/\/rafazimbaldi.com.br\/novo\/por-iniciativa-de-rafa-zimbaldi-samir-barel-morador-de-campinas-que-atravessou-o-canal-da-mancha-recebe-diploma-de-merito-esportivo\/#webpage\",\"url\":\"https:\/\/rafazimbaldi.com.br\/novo\/por-iniciativa-de-rafa-zimbaldi-samir-barel-morador-de-campinas-que-atravessou-o-canal-da-mancha-recebe-diploma-de-merito-esportivo\/\",\"name\":\"Por iniciativa de Rafa Zimbaldi, Samir Barel \\u2013 morador de Campinas que atravessou o Canal da Mancha \\u2013 recebe Diploma de M\\u00e9rito Esportivo. - Rafa Zimbaldi\",\"isPartOf\":{\"@id\":\"https:\/\/rafazimbaldi.com.br\/novo\/#website\"},\"primaryImageOfPage\":{\"@id\":\"https:\/\/rafazimbaldi.com.br\/novo\/por-iniciativa-de-rafa-zimbaldi-samir-barel-morador-de-campinas-que-atravessou-o-canal-da-mancha-recebe-diploma-de-merito-esportivo\/#primaryimage\"},\"datePublished\":\"2016-02-11T11:48:40+00:00\",\"dateModified\":\"2016-02-11T11:48:40+00:00\",\"author\":{\"@id\":\"https:\/\/rafazimbaldi.com.br\/novo\/#\/schema\/person\/4e56a44c106beb5b266f5ad8f6cb4fdc\"},\"breadcrumb\":{\"@id\":\"https:\/\/rafazimbaldi.com.br\/novo\/por-iniciativa-de-rafa-zimbaldi-samir-barel-morador-de-campinas-que-atravessou-o-canal-da-mancha-recebe-diploma-de-merito-esportivo\/#breadcrumb\"},\"inLanguage\":\"pt-BR\",\"potentialAction\":[{\"@type\":\"ReadAction\",\"target\":[\"https:\/\/rafazimbaldi.com.br\/novo\/por-iniciativa-de-rafa-zimbaldi-samir-barel-morador-de-campinas-que-atravessou-o-canal-da-mancha-recebe-diploma-de-merito-esportivo\/\"]}]},{\"@type\":\"BreadcrumbList\",\"@id\":\"https:\/\/rafazimbaldi.com.br\/novo\/por-iniciativa-de-rafa-zimbaldi-samir-barel-morador-de-campinas-que-atravessou-o-canal-da-mancha-recebe-diploma-de-merito-esportivo\/#breadcrumb\",\"itemListElement\":[{\"@type\":\"ListItem\",\"position\":1,\"name\":\"In\\u00edcio\",\"item\":\"https:\/\/rafazimbaldi.com.br\/novo\/\"},{\"@type\":\"ListItem\",\"position\":2,\"name\":\"Por iniciativa de Rafa Zimbaldi, Samir Barel \\u2013 morador de Campinas que atravessou o Canal da Mancha \\u2013 recebe Diploma de M\\u00e9rito Esportivo.\"}]},{\"@type\":\"Person\",\"@id\":\"https:\/\/rafazimbaldi.com.br\/novo\/#\/schema\/person\/4e56a44c106beb5b266f5ad8f6cb4fdc\",\"name\":\"Equipe Rafa Zimbaldi\",\"image\":{\"@type\":\"ImageObject\",\"@id\":\"https:\/\/rafazimbaldi.com.br\/novo\/#personlogo\",\"inLanguage\":\"pt-BR\",\"url\":\"https:\/\/secure.gravatar.com\/avatar\/2801ef563aa18df3a7cdfd19794cfeea?s=96&d=blank&r=g\",\"contentUrl\":\"https:\/\/secure.gravatar.com\/avatar\/2801ef563aa18df3a7cdfd19794cfeea?s=96&d=blank&r=g\",\"caption\":\"Equipe Rafa Zimbaldi\"},\"sameAs\":[\"http:\/\/rafazimbaldi.com.br\/novo\"],\"url\":\"https:\/\/rafazimbaldi.com.br\/novo\/author\/equiperz2018\/\"}]}<\/script>\n<!-- \/ Yoast SEO plugin. -->","_links":{"self":[{"href":"https:\/\/rafazimbaldi.com.br\/novo\/wp-json\/wp\/v2\/posts\/220"}],"collection":[{"href":"https:\/\/rafazimbaldi.com.br\/novo\/wp-json\/wp\/v2\/posts"}],"about":[{"href":"https:\/\/rafazimbaldi.com.br\/novo\/wp-json\/wp\/v2\/types\/post"}],"author":[{"embeddable":true,"href":"https:\/\/rafazimbaldi.com.br\/novo\/wp-json\/wp\/v2\/users\/2"}],"replies":[{"embeddable":true,"href":"https:\/\/rafazimbaldi.com.br\/novo\/wp-json\/wp\/v2\/comments?post=220"}],"version-history":[{"count":0,"href":"https:\/\/rafazimbaldi.com.br\/novo\/wp-json\/wp\/v2\/posts\/220\/revisions"}],"wp:featuredmedia":[{"embeddable":true,"href":"https:\/\/rafazimbaldi.com.br\/novo\/wp-json\/wp\/v2\/media\/224"}],"wp:attachment":[{"href":"https:\/\/rafazimbaldi.com.br\/novo\/wp-json\/wp\/v2\/media?parent=220"}],"wp:term":[{"taxonomy":"category","embeddable":true,"href":"https:\/\/rafazimbaldi.com.br\/novo\/wp-json\/wp\/v2\/categories?post=220"},{"taxonomy":"post_tag","embeddable":true,"href":"https:\/\/rafazimbaldi.com.br\/novo\/wp-json\/wp\/v2\/tags?post=220"}],"curies":[{"name":"wp","href":"https:\/\/api.w.org\/{rel}","templated":true}]}}