{"id":230,"date":"2016-02-24T15:34:43","date_gmt":"2016-02-24T17:34:43","guid":{"rendered":"http:\/\/www.rafazimbaldi.com\/?p=230"},"modified":"2016-02-24T15:34:43","modified_gmt":"2016-02-24T17:34:43","slug":"rafa-promove-no-proximo-dia-2-primeira-parte-de-sessao-da-camara-sobre-o-novo-centro-de-diagnostico-de-cancer-de-campinas","status":"publish","type":"post","link":"https:\/\/rafazimbaldi.com.br\/novo\/rafa-promove-no-proximo-dia-2-primeira-parte-de-sessao-da-camara-sobre-o-novo-centro-de-diagnostico-de-cancer-de-campinas\/","title":{"rendered":"Rafa promove no pr\u00f3ximo dia 2 primeira parte de sess\u00e3o da C\u00e2mara sobre o novo Centro de Diagn\u00f3stico de C\u00e2ncer de Campinas"},"content":{"rendered":"<p>A C\u00e2mara Municipal de Campinas dever\u00e1 promover a partir das 17 horas do pr\u00f3ximo dia 2 de mar\u00e7o, a pedido do vereador Rafa Zimbaldi \u00a0(uma quarta-feira), uma primeira parte da sess\u00e3o ordin\u00e1ria da Casa tendo como tema o Centro de Diagn\u00f3stico do Hospital de Campinas, que ser\u00e1 constru\u00eddo pr\u00f3ximo \u00e0 Marginal do Pi\u00e7arr\u00e3o \u2013 a pedra fundamental deve ser lan\u00e7ada no dia 29 de fevereiro. O diretor geral do Hospital de C\u00e2ncer de Barretos, Henrique Prata, foi convidado para expor no Plen\u00e1rio para o p\u00fablico presente e com transmiss\u00e3o ao vivo pela TV C\u00e2mara os planos para o Centro de Diagn\u00f3stico.<\/p>\n<blockquote><p>\u201cA C\u00e2mara tem apoiado desde o in\u00edcio a constru\u00e7\u00e3o do Centro, que foi viabilizado com verba do acordo do chamado caso Shell, e a luta contra o c\u00e2ncer de maneira geral. J\u00e1 no ano passado participamos da caminhada promovida em Campinas pelo Hospital de C\u00e2ncer de Barretos, que ser\u00e1 respons\u00e1vel pelo futuro Centro, em prol da conscientiza\u00e7\u00e3o dos sintomas do c\u00e2ncer infantil e consequente combate a ele em suas fases iniciais\u201d, diz Rafa, que tamb\u00e9m \u00e9 presidente do Legislativo.<\/p><\/blockquote>\n<p>Ele relembra ainda que tamb\u00e9m que em 2015 a C\u00e2mara realizou parceria com o Hospital que possibilitou trazer no Outubro Rosa o caminh\u00e3o da institui\u00e7\u00e3o de sa\u00fade para a realiza\u00e7\u00e3o de exames gratuitos de c\u00e2ncer de mama para a popula\u00e7\u00e3o, em frente ao pr\u00e9dio do Legislativo.<\/p>\n<blockquote><p>\u201cA C\u00e2mara Municipal continuar\u00e1 apoiando e, dentro de suas atribui\u00e7\u00f5es, agindo em prol desta causa, para que o Hospital de C\u00e2ncer de Campinas torne-se uma realidade o mais r\u00e1pido poss\u00edvel\u201d, diz Rafa.<\/p><\/blockquote>\n<p><strong>A<\/strong> assinatura do decreto que autorizou a constru\u00e7\u00e3o do Centro de Diagn\u00f3stico de C\u00e2ncer\u00a0 na cidade ocorreu na \u00faltima sexta (19).\u00a0 O atendimento no Centro ser\u00e1 totalmente p\u00fablico e gratuito. De acordo com o projeto, ser\u00e3o realizados exames para diagn\u00f3sticos de quatro tipos de c\u00e2ncer: pulm\u00e3o, c\u00f3lon, mama e pele. O Centro ter\u00e1 ainda cinco carretas que far\u00e3o busca ativa da doen\u00e7a e educa\u00e7\u00e3o da popula\u00e7\u00e3o . O lan\u00e7amento da pedra fundamental est\u00e1 marcado para o dia 29 e a obra tem prazo de entrega de 12 meses.<\/p>\n","protected":false},"excerpt":{"rendered":"<p>A C\u00e2mara Municipal de Campinas dever\u00e1 promover a partir das 17 horas do pr\u00f3ximo dia 2 de mar\u00e7o, a pedido do vereador Rafa Zimbaldi \u00a0(uma quarta-feira), uma primeira parte da sess\u00e3o ordin\u00e1ria da Casa tendo como tema o Centro de Diagn\u00f3stico do Hospital de Campinas, que ser\u00e1 constru\u00eddo pr\u00f3ximo \u00e0 Marginal do Pi\u00e7arr\u00e3o \u2013 a [&hellip;]<\/p>\n","protected":false},"author":2,"featured_media":231,"comment_status":"open","ping_status":"open","sticky":false,"template":"","format":"standard","meta":{"_monsterinsights_skip_tracking":false,"_monsterinsights_sitenote_active":false,"_monsterinsights_sitenote_note":"","_monsterinsights_sitenote_category":0},"categories":[10,1],"tags":[],"yoast_head":"<!-- This site is optimized with the Yoast SEO plugin v16.5 - https:\/\/yoast.com\/wordpress\/plugins\/seo\/ -->\n<title>Rafa promove no pr\u00f3ximo dia 2 primeira parte de sess\u00e3o da C\u00e2mara sobre o novo Centro de Diagn\u00f3stico de C\u00e2ncer de Campinas - Rafa Zimbaldi<\/title>\n<meta name=\"robots\" content=\"index, follow, max-snippet:-1, max-image-preview:large, max-video-preview:-1\" \/>\n<link rel=\"canonical\" href=\"https:\/\/rafazimbaldi.com.br\/novo\/rafa-promove-no-proximo-dia-2-primeira-parte-de-sessao-da-camara-sobre-o-novo-centro-de-diagnostico-de-cancer-de-campinas\/\" \/>\n<meta property=\"og:locale\" content=\"pt_BR\" \/>\n<meta property=\"og:type\" content=\"article\" \/>\n<meta property=\"og:title\" content=\"Rafa promove no pr\u00f3ximo dia 2 primeira parte de sess\u00e3o da C\u00e2mara sobre o novo Centro de Diagn\u00f3stico de C\u00e2ncer de Campinas - Rafa Zimbaldi\" \/>\n<meta property=\"og:description\" content=\"A C\u00e2mara Municipal de Campinas dever\u00e1 promover a partir das 17 horas do pr\u00f3ximo dia 2 de mar\u00e7o, a pedido do vereador Rafa Zimbaldi \u00a0(uma quarta-feira), uma primeira parte da sess\u00e3o ordin\u00e1ria da Casa tendo como tema o Centro de Diagn\u00f3stico do Hospital de Campinas, que ser\u00e1 constru\u00eddo pr\u00f3ximo \u00e0 Marginal do Pi\u00e7arr\u00e3o \u2013 a [&hellip;]\" \/>\n<meta property=\"og:url\" content=\"https:\/\/rafazimbaldi.com.br\/novo\/rafa-promove-no-proximo-dia-2-primeira-parte-de-sessao-da-camara-sobre-o-novo-centro-de-diagnostico-de-cancer-de-campinas\/\" \/>\n<meta property=\"og:site_name\" content=\"Rafa Zimbaldi\" \/>\n<meta property=\"article:published_time\" content=\"2016-02-24T17:34:43+00:00\" \/>\n<meta property=\"og:image\" content=\"https:\/\/rafazimbaldi.com.br\/novo\/wp-content\/uploads\/2016\/02\/cancer.jpg\" \/>\n\t<meta property=\"og:image:width\" content=\"898\" \/>\n\t<meta property=\"og:image:height\" content=\"590\" \/>\n<meta name=\"twitter:card\" content=\"summary_large_image\" \/>\n<meta name=\"twitter:label1\" content=\"Est. tempo de leitura\" \/>\n\t<meta name=\"twitter:data1\" content=\"2 minutos\" \/>\n<script type=\"application\/ld+json\" class=\"yoast-schema-graph\">{\"@context\":\"https:\/\/schema.org\",\"@graph\":[{\"@type\":\"WebSite\",\"@id\":\"https:\/\/rafazimbaldi.com.br\/novo\/#website\",\"url\":\"https:\/\/rafazimbaldi.com.br\/novo\/\",\"name\":\"Rafa Zimbaldi\",\"description\":\"Deputado Estadual \",\"potentialAction\":[{\"@type\":\"SearchAction\",\"target\":\"https:\/\/rafazimbaldi.com.br\/novo\/?s={search_term_string}\",\"query-input\":\"required name=search_term_string\"}],\"inLanguage\":\"pt-BR\"},{\"@type\":\"ImageObject\",\"@id\":\"https:\/\/rafazimbaldi.com.br\/novo\/rafa-promove-no-proximo-dia-2-primeira-parte-de-sessao-da-camara-sobre-o-novo-centro-de-diagnostico-de-cancer-de-campinas\/#primaryimage\",\"inLanguage\":\"pt-BR\",\"url\":\"https:\/\/rafazimbaldi.com.br\/novo\/wp-content\/uploads\/2016\/02\/cancer.jpg\",\"contentUrl\":\"https:\/\/rafazimbaldi.com.br\/novo\/wp-content\/uploads\/2016\/02\/cancer.jpg\",\"width\":898,\"height\":590},{\"@type\":\"WebPage\",\"@id\":\"https:\/\/rafazimbaldi.com.br\/novo\/rafa-promove-no-proximo-dia-2-primeira-parte-de-sessao-da-camara-sobre-o-novo-centro-de-diagnostico-de-cancer-de-campinas\/#webpage\",\"url\":\"https:\/\/rafazimbaldi.com.br\/novo\/rafa-promove-no-proximo-dia-2-primeira-parte-de-sessao-da-camara-sobre-o-novo-centro-de-diagnostico-de-cancer-de-campinas\/\",\"name\":\"Rafa promove no pr\\u00f3ximo dia 2 primeira parte de sess\\u00e3o da C\\u00e2mara sobre o novo Centro de Diagn\\u00f3stico de C\\u00e2ncer de Campinas - Rafa Zimbaldi\",\"isPartOf\":{\"@id\":\"https:\/\/rafazimbaldi.com.br\/novo\/#website\"},\"primaryImageOfPage\":{\"@id\":\"https:\/\/rafazimbaldi.com.br\/novo\/rafa-promove-no-proximo-dia-2-primeira-parte-de-sessao-da-camara-sobre-o-novo-centro-de-diagnostico-de-cancer-de-campinas\/#primaryimage\"},\"datePublished\":\"2016-02-24T17:34:43+00:00\",\"dateModified\":\"2016-02-24T17:34:43+00:00\",\"author\":{\"@id\":\"https:\/\/rafazimbaldi.com.br\/novo\/#\/schema\/person\/4e56a44c106beb5b266f5ad8f6cb4fdc\"},\"breadcrumb\":{\"@id\":\"https:\/\/rafazimbaldi.com.br\/novo\/rafa-promove-no-proximo-dia-2-primeira-parte-de-sessao-da-camara-sobre-o-novo-centro-de-diagnostico-de-cancer-de-campinas\/#breadcrumb\"},\"inLanguage\":\"pt-BR\",\"potentialAction\":[{\"@type\":\"ReadAction\",\"target\":[\"https:\/\/rafazimbaldi.com.br\/novo\/rafa-promove-no-proximo-dia-2-primeira-parte-de-sessao-da-camara-sobre-o-novo-centro-de-diagnostico-de-cancer-de-campinas\/\"]}]},{\"@type\":\"BreadcrumbList\",\"@id\":\"https:\/\/rafazimbaldi.com.br\/novo\/rafa-promove-no-proximo-dia-2-primeira-parte-de-sessao-da-camara-sobre-o-novo-centro-de-diagnostico-de-cancer-de-campinas\/#breadcrumb\",\"itemListElement\":[{\"@type\":\"ListItem\",\"position\":1,\"name\":\"In\\u00edcio\",\"item\":\"https:\/\/rafazimbaldi.com.br\/novo\/\"},{\"@type\":\"ListItem\",\"position\":2,\"name\":\"Rafa promove no pr\\u00f3ximo dia 2 primeira parte de sess\\u00e3o da C\\u00e2mara sobre o novo Centro de Diagn\\u00f3stico de C\\u00e2ncer de Campinas\"}]},{\"@type\":\"Person\",\"@id\":\"https:\/\/rafazimbaldi.com.br\/novo\/#\/schema\/person\/4e56a44c106beb5b266f5ad8f6cb4fdc\",\"name\":\"Equipe Rafa Zimbaldi\",\"image\":{\"@type\":\"ImageObject\",\"@id\":\"https:\/\/rafazimbaldi.com.br\/novo\/#personlogo\",\"inLanguage\":\"pt-BR\",\"url\":\"https:\/\/secure.gravatar.com\/avatar\/2801ef563aa18df3a7cdfd19794cfeea?s=96&d=blank&r=g\",\"contentUrl\":\"https:\/\/secure.gravatar.com\/avatar\/2801ef563aa18df3a7cdfd19794cfeea?s=96&d=blank&r=g\",\"caption\":\"Equipe Rafa Zimbaldi\"},\"sameAs\":[\"http:\/\/rafazimbaldi.com.br\/novo\"],\"url\":\"https:\/\/rafazimbaldi.com.br\/novo\/author\/equiperz2018\/\"}]}<\/script>\n<!-- \/ Yoast SEO plugin. -->","_links":{"self":[{"href":"https:\/\/rafazimbaldi.com.br\/novo\/wp-json\/wp\/v2\/posts\/230"}],"collection":[{"href":"https:\/\/rafazimbaldi.com.br\/novo\/wp-json\/wp\/v2\/posts"}],"about":[{"href":"https:\/\/rafazimbaldi.com.br\/novo\/wp-json\/wp\/v2\/types\/post"}],"author":[{"embeddable":true,"href":"https:\/\/rafazimbaldi.com.br\/novo\/wp-json\/wp\/v2\/users\/2"}],"replies":[{"embeddable":true,"href":"https:\/\/rafazimbaldi.com.br\/novo\/wp-json\/wp\/v2\/comments?post=230"}],"version-history":[{"count":0,"href":"https:\/\/rafazimbaldi.com.br\/novo\/wp-json\/wp\/v2\/posts\/230\/revisions"}],"wp:featuredmedia":[{"embeddable":true,"href":"https:\/\/rafazimbaldi.com.br\/novo\/wp-json\/wp\/v2\/media\/231"}],"wp:attachment":[{"href":"https:\/\/rafazimbaldi.com.br\/novo\/wp-json\/wp\/v2\/media?parent=230"}],"wp:term":[{"taxonomy":"category","embeddable":true,"href":"https:\/\/rafazimbaldi.com.br\/novo\/wp-json\/wp\/v2\/categories?post=230"},{"taxonomy":"post_tag","embeddable":true,"href":"https:\/\/rafazimbaldi.com.br\/novo\/wp-json\/wp\/v2\/tags?post=230"}],"curies":[{"name":"wp","href":"https:\/\/api.w.org\/{rel}","templated":true}]}}