{"id":462,"date":"2016-09-16T18:34:55","date_gmt":"2016-09-16T20:34:55","guid":{"rendered":"http:\/\/www.rafazimbaldi.com\/?p=462"},"modified":"2016-09-16T18:34:55","modified_gmt":"2016-09-16T20:34:55","slug":"flickr","status":"publish","type":"post","link":"https:\/\/rafazimbaldi.com.br\/novo\/flickr\/","title":{"rendered":"Fez uma foto com o Rafa e n\u00e3o viu? \u00c9 s\u00f3 conferir no Flickr"},"content":{"rendered":"<p>O vereador Rafa Zimbaldi anda em todos os bairros de Campinas, seja em tempo de campanha ou fora dela, conversando com a popula\u00e7\u00e3o, explicando o que faz- e o que ainda pretende fazer &#8211;\u00a0 na C\u00e2mara, ouvindo demandas, enfim, vendo tudo de perto. E nestas andan\u00e7as muita gente pede para tirar fotos, que s\u00e3o colocadas na fanpage do Rafa.<\/p>\n<p>Mas, se voc\u00ea n\u00e3o viu sua foto por l\u00e1, pode dar um pulinho no Flickr do vereador, onde as fotos s\u00e3o colocadas por \u00e1lbuns e \u00e9 f\u00e1cil achar a sua. Confira as fotos em <a href=\"https:\/\/goo.gl\/H8vZWm\">\u00a0https:\/\/goo.gl\/H8vZWm<\/a> . E quem quiser mandar sua foto com o Rafa tamb\u00e9m pode entrar em contato, deixando uma mensagem na fanpage oficial, que a gente publica.<\/p>\n","protected":false},"excerpt":{"rendered":"<p>O vereador Rafa Zimbaldi anda em todos os bairros de Campinas, seja em tempo de campanha ou fora dela, conversando com a popula\u00e7\u00e3o, explicando o que faz- e o que ainda pretende fazer &#8211;\u00a0 na C\u00e2mara, ouvindo demandas, enfim, vendo tudo de perto. E nestas andan\u00e7as muita gente pede para tirar fotos, que s\u00e3o colocadas [&hellip;]<\/p>\n","protected":false},"author":2,"featured_media":463,"comment_status":"open","ping_status":"open","sticky":false,"template":"","format":"standard","meta":{"_monsterinsights_skip_tracking":false,"_monsterinsights_sitenote_active":false,"_monsterinsights_sitenote_note":"","_monsterinsights_sitenote_category":0},"categories":[101,8],"tags":[107,103,121,15],"yoast_head":"<!-- This site is optimized with the Yoast SEO plugin v16.5 - https:\/\/yoast.com\/wordpress\/plugins\/seo\/ -->\n<title>Fez uma foto com o Rafa e n\u00e3o viu? \u00c9 s\u00f3 conferir no Flickr - Rafa Zimbaldi<\/title>\n<meta name=\"robots\" content=\"index, follow, max-snippet:-1, max-image-preview:large, max-video-preview:-1\" \/>\n<link rel=\"canonical\" href=\"https:\/\/rafazimbaldi.com.br\/novo\/flickr\/\" \/>\n<meta property=\"og:locale\" content=\"pt_BR\" \/>\n<meta property=\"og:type\" content=\"article\" \/>\n<meta property=\"og:title\" content=\"Fez uma foto com o Rafa e n\u00e3o viu? \u00c9 s\u00f3 conferir no Flickr - Rafa Zimbaldi\" \/>\n<meta property=\"og:description\" content=\"O vereador Rafa Zimbaldi anda em todos os bairros de Campinas, seja em tempo de campanha ou fora dela, conversando com a popula\u00e7\u00e3o, explicando o que faz- e o que ainda pretende fazer &#8211;\u00a0 na C\u00e2mara, ouvindo demandas, enfim, vendo tudo de perto. E nestas andan\u00e7as muita gente pede para tirar fotos, que s\u00e3o colocadas [&hellip;]\" \/>\n<meta property=\"og:url\" content=\"https:\/\/rafazimbaldi.com.br\/novo\/flickr\/\" \/>\n<meta property=\"og:site_name\" content=\"Rafa Zimbaldi\" \/>\n<meta property=\"article:published_time\" content=\"2016-09-16T20:34:55+00:00\" \/>\n<meta property=\"og:image\" content=\"https:\/\/rafazimbaldi.com.br\/novo\/wp-content\/uploads\/2016\/09\/20160916_flickr_int_RZ.jpg\" \/>\n\t<meta property=\"og:image:width\" content=\"800\" \/>\n\t<meta property=\"og:image:height\" content=\"502\" \/>\n<meta name=\"twitter:card\" content=\"summary_large_image\" \/>\n<meta name=\"twitter:label1\" content=\"Est. tempo de leitura\" \/>\n\t<meta name=\"twitter:data1\" content=\"1 minuto\" \/>\n<script type=\"application\/ld+json\" class=\"yoast-schema-graph\">{\"@context\":\"https:\/\/schema.org\",\"@graph\":[{\"@type\":\"WebSite\",\"@id\":\"https:\/\/rafazimbaldi.com.br\/novo\/#website\",\"url\":\"https:\/\/rafazimbaldi.com.br\/novo\/\",\"name\":\"Rafa Zimbaldi\",\"description\":\"Deputado Estadual \",\"potentialAction\":[{\"@type\":\"SearchAction\",\"target\":\"https:\/\/rafazimbaldi.com.br\/novo\/?s={search_term_string}\",\"query-input\":\"required name=search_term_string\"}],\"inLanguage\":\"pt-BR\"},{\"@type\":\"ImageObject\",\"@id\":\"https:\/\/rafazimbaldi.com.br\/novo\/flickr\/#primaryimage\",\"inLanguage\":\"pt-BR\",\"url\":\"https:\/\/rafazimbaldi.com.br\/novo\/wp-content\/uploads\/2016\/09\/20160916_flickr_int_RZ.jpg\",\"contentUrl\":\"https:\/\/rafazimbaldi.com.br\/novo\/wp-content\/uploads\/2016\/09\/20160916_flickr_int_RZ.jpg\",\"width\":800,\"height\":502},{\"@type\":\"WebPage\",\"@id\":\"https:\/\/rafazimbaldi.com.br\/novo\/flickr\/#webpage\",\"url\":\"https:\/\/rafazimbaldi.com.br\/novo\/flickr\/\",\"name\":\"Fez uma foto com o Rafa e n\\u00e3o viu? \\u00c9 s\\u00f3 conferir no Flickr - Rafa Zimbaldi\",\"isPartOf\":{\"@id\":\"https:\/\/rafazimbaldi.com.br\/novo\/#website\"},\"primaryImageOfPage\":{\"@id\":\"https:\/\/rafazimbaldi.com.br\/novo\/flickr\/#primaryimage\"},\"datePublished\":\"2016-09-16T20:34:55+00:00\",\"dateModified\":\"2016-09-16T20:34:55+00:00\",\"author\":{\"@id\":\"https:\/\/rafazimbaldi.com.br\/novo\/#\/schema\/person\/4e56a44c106beb5b266f5ad8f6cb4fdc\"},\"breadcrumb\":{\"@id\":\"https:\/\/rafazimbaldi.com.br\/novo\/flickr\/#breadcrumb\"},\"inLanguage\":\"pt-BR\",\"potentialAction\":[{\"@type\":\"ReadAction\",\"target\":[\"https:\/\/rafazimbaldi.com.br\/novo\/flickr\/\"]}]},{\"@type\":\"BreadcrumbList\",\"@id\":\"https:\/\/rafazimbaldi.com.br\/novo\/flickr\/#breadcrumb\",\"itemListElement\":[{\"@type\":\"ListItem\",\"position\":1,\"name\":\"In\\u00edcio\",\"item\":\"https:\/\/rafazimbaldi.com.br\/novo\/\"},{\"@type\":\"ListItem\",\"position\":2,\"name\":\"Fez uma foto com o Rafa e n\\u00e3o viu? \\u00c9 s\\u00f3 conferir no Flickr\"}]},{\"@type\":\"Person\",\"@id\":\"https:\/\/rafazimbaldi.com.br\/novo\/#\/schema\/person\/4e56a44c106beb5b266f5ad8f6cb4fdc\",\"name\":\"Equipe Rafa Zimbaldi\",\"image\":{\"@type\":\"ImageObject\",\"@id\":\"https:\/\/rafazimbaldi.com.br\/novo\/#personlogo\",\"inLanguage\":\"pt-BR\",\"url\":\"https:\/\/secure.gravatar.com\/avatar\/2801ef563aa18df3a7cdfd19794cfeea?s=96&d=blank&r=g\",\"contentUrl\":\"https:\/\/secure.gravatar.com\/avatar\/2801ef563aa18df3a7cdfd19794cfeea?s=96&d=blank&r=g\",\"caption\":\"Equipe Rafa Zimbaldi\"},\"sameAs\":[\"http:\/\/rafazimbaldi.com.br\/novo\"],\"url\":\"https:\/\/rafazimbaldi.com.br\/novo\/author\/equiperz2018\/\"}]}<\/script>\n<!-- \/ Yoast SEO plugin. -->","_links":{"self":[{"href":"https:\/\/rafazimbaldi.com.br\/novo\/wp-json\/wp\/v2\/posts\/462"}],"collection":[{"href":"https:\/\/rafazimbaldi.com.br\/novo\/wp-json\/wp\/v2\/posts"}],"about":[{"href":"https:\/\/rafazimbaldi.com.br\/novo\/wp-json\/wp\/v2\/types\/post"}],"author":[{"embeddable":true,"href":"https:\/\/rafazimbaldi.com.br\/novo\/wp-json\/wp\/v2\/users\/2"}],"replies":[{"embeddable":true,"href":"https:\/\/rafazimbaldi.com.br\/novo\/wp-json\/wp\/v2\/comments?post=462"}],"version-history":[{"count":0,"href":"https:\/\/rafazimbaldi.com.br\/novo\/wp-json\/wp\/v2\/posts\/462\/revisions"}],"wp:featuredmedia":[{"embeddable":true,"href":"https:\/\/rafazimbaldi.com.br\/novo\/wp-json\/wp\/v2\/media\/463"}],"wp:attachment":[{"href":"https:\/\/rafazimbaldi.com.br\/novo\/wp-json\/wp\/v2\/media?parent=462"}],"wp:term":[{"taxonomy":"category","embeddable":true,"href":"https:\/\/rafazimbaldi.com.br\/novo\/wp-json\/wp\/v2\/categories?post=462"},{"taxonomy":"post_tag","embeddable":true,"href":"https:\/\/rafazimbaldi.com.br\/novo\/wp-json\/wp\/v2\/tags?post=462"}],"curies":[{"name":"wp","href":"https:\/\/api.w.org\/{rel}","templated":true}]}}