{"id":471,"date":"2016-10-02T22:07:21","date_gmt":"2016-10-03T00:07:21","guid":{"rendered":"http:\/\/www.rafazimbaldi.com\/?p=471"},"modified":"2016-10-02T22:07:21","modified_gmt":"2016-10-03T00:07:21","slug":"rafamaisvotado","status":"publish","type":"post","link":"https:\/\/rafazimbaldi.com.br\/novo\/rafamaisvotado\/","title":{"rendered":"Vereador mais votado nas elei\u00e7\u00f5es deste ano em Campinas, com 11.640 votos, Rafa Zimbaldi \u00e9 reeleito e cumprir\u00e1 quarto mandato consecutivo a partir de 2017"},"content":{"rendered":"<p>Com 11.640 mil votos, Rafa Zimbaldi (PP) foi o vereador mais votado de Campinas nas elei\u00e7\u00f5es deste domingo (2) e cumprir\u00e1 o quarto mandato consecutivo na legislatura 2017-2020 &#8211; esta tamb\u00e9m foi a maior vota\u00e7\u00e3o de Rafa em todas as elei\u00e7\u00f5es que venceu. \u201cAgrade\u00e7o muito a confian\u00e7a de todos. Ser reeleito \u00e9 uma grande satisfa\u00e7\u00e3o, pois confirma que estamos fazendo um bom trabalho e aumenta ainda mais a responsabilidade de dar continuidade e ampliar esta atua\u00e7\u00e3o na C\u00e2mara\u201d, diz Rafa, que \u00e9 o atual presidente do Legislativo.<\/p>\n<p>O parlamentar ressalta que o foco do pr\u00f3ximo mandato ser\u00e1 conseguir mais benef\u00edcios descentralizados para os distritos do Campo Grande e Ouro Verde \u2013 criados por lei de autoria dele aprovada no ano passado \u2013 como Poupatempo, cart\u00f3rios e al\u00e7as ligando os distritos \u00e0 Via Bandeirantes (o vereador j\u00e1 entregou neste ano, em m\u00e3os, requisi\u00e7\u00e3o ao governador Geraldo Alckmin solicitando esses benef\u00edcios e teve boa recep\u00e7\u00e3o do tucano).<\/p>\n<p>Ele tamb\u00e9m quer agir de maneira mais forte em prol da \u00e1rea da Sa\u00fade, em especial atuando para aprovar e implementar o projeto de lei que elaborou para destinar 10% das multas arrecadadas no tr\u00e2nsito de Campinas para os hospitais beneficentes da cidade. \u201c\u00c9 claro que ainda temos mais tr\u00eas meses antes que se encerre a atual Legislatura e j\u00e1 estou trabalhando neste sentido, mas pretendo intensificar ainda mais estas a\u00e7\u00f5es para concretiz\u00e1-las no pr\u00f3ximo mandato\u201d, enfatiza.<\/p>\n<p><strong>Rafa Zimbaldi<\/strong><\/p>\n<p>Nascido em julho de 1981, em Campinas, o vereador\u00a0Rafael Zimbaldi\u00a0\u00e9 o atual presidente da C\u00e2mara Municipal \u2013 em dezembro de 2014, foi eleito por seus pares para o bi\u00eanio 2015-2016. O parlamentar est\u00e1 em seu terceiro mandato consecutivo no Legislativo e, entre os diversos projetos de lei elaborados, s\u00e3o dele os que\u00a0transformaram as regi\u00f5es do Ouro Verde e do Campo Grande em Distritos de Campinas, possibilitando que as duas \u00e1reas \u2013 que juntas t\u00eam praticamente 500 mil habitantes \u2013 sejam beneficiadas com estruturas e servi\u00e7os que n\u00e3o tinham, como subprefeituras e corpo de bombeiros.<\/p>\n<p>J\u00e1 no primeiro ano como presidente da Casa,\u00a0Rafa prop\u00f4s mudan\u00e7a no regimento interno\u00a0aprovada pelos vereadores que reduziu j\u00e1 no ano de 2015 em 1181 o n\u00famero de cargos comissionados do Legislativo previstos por lei de 2004 (de 1749\u00a0 para 568) e, a partir de 2017, uma nova redu\u00e7\u00e3o: cada gabinete, que tem at\u00e9 15 assessores, passar\u00e1 a ter no m\u00e1ximo dez. \u00a0Em 2016, Rafa regulamentou a lei de acesso na C\u00e2mara, dando ainda \u00a0mais transpar\u00eancia ao Legislativo. Tudo o que \u00e9 feito pela C\u00e2mara \u00e9 divulgado n\u00e3o s\u00f3 no portal da Casa na Internet como via TV C\u00e2mara, em sinal UHF aberto. Ele determinou ainda a inclus\u00e3o de janela de Libras, de maneira cerscente, na maior parte da programa\u00e7\u00e3o, possibilitando que mais de 40 mil deficientes auditivos possam ter acesso ao que passa na televis\u00e3o. Com isso tudo, a C\u00e2mara ficou entre as melhores colocadas em um ranking de transpar\u00eancia do Minist\u00e9rio P\u00fablico: 24\u00ba lugar entre mais de 600 cidades avaliadas no estado. Ainda como presidente, Rafa tomou medidas para promover economia e efici\u00eancia na Casa, entre as quais revis\u00e3o de contratos com redu\u00e7\u00f5es de at\u00e9 48%, gerando economia de mais de 2,5 milh\u00f5es aos cofres p\u00fablicos. Em virtude da crise, Rafa tamb\u00e9m negociou para que a C\u00e2mara recebesse um repasse de 120 milh\u00f5es em vez de 145 milh\u00f5es a que tinha direito da prefeitura. Rafa tamb\u00e9m prop\u00f4s o aumento zero para os vereadores na pr\u00f3xima gest\u00e3o, medida aprovada pela C\u00e2mara.<\/p>\n<p><strong><em><u>Vota\u00e7\u00f5es de Rafa Zimbaldi:<\/u><\/em><\/strong><\/p>\n<p>Pr\u00f3ximo mandato (2017-2020):<br \/>\nAtual mandato (2013-2016): 9.374 votos &#8211; segundo vereador mais votado nas elei\u00e7\u00f5es de 2012.<br \/>\nMandato 2009-2012:\u00a0\u00a0 \u00a04.062 votos<br \/>\nMandato 2005-2008: 11.209 votos<\/p>\n","protected":false},"excerpt":{"rendered":"<p>Com 11.640 mil votos, Rafa Zimbaldi (PP) foi o vereador mais votado de Campinas nas elei\u00e7\u00f5es deste domingo (2) e cumprir\u00e1 o quarto mandato consecutivo na legislatura 2017-2020 &#8211; esta tamb\u00e9m foi a maior vota\u00e7\u00e3o de Rafa em todas as elei\u00e7\u00f5es que venceu. \u201cAgrade\u00e7o muito a confian\u00e7a de todos. Ser reeleito \u00e9 uma grande satisfa\u00e7\u00e3o, [&hellip;]<\/p>\n","protected":false},"author":2,"featured_media":472,"comment_status":"open","ping_status":"open","sticky":false,"template":"","format":"standard","meta":{"_monsterinsights_skip_tracking":false,"_monsterinsights_sitenote_active":false,"_monsterinsights_sitenote_note":"","_monsterinsights_sitenote_category":0},"categories":[101,1],"tags":[122,123,124],"yoast_head":"<!-- This site is optimized with the Yoast SEO plugin v16.5 - https:\/\/yoast.com\/wordpress\/plugins\/seo\/ -->\n<title>Vereador mais votado nas elei\u00e7\u00f5es deste ano em Campinas, com 11.640 votos, Rafa Zimbaldi \u00e9 reeleito e cumprir\u00e1 quarto mandato consecutivo a partir de 2017 - Rafa Zimbaldi<\/title>\n<meta name=\"robots\" content=\"index, follow, max-snippet:-1, max-image-preview:large, max-video-preview:-1\" \/>\n<link rel=\"canonical\" href=\"https:\/\/rafazimbaldi.com.br\/novo\/rafamaisvotado\/\" \/>\n<meta property=\"og:locale\" content=\"pt_BR\" \/>\n<meta property=\"og:type\" content=\"article\" \/>\n<meta property=\"og:title\" content=\"Vereador mais votado nas elei\u00e7\u00f5es deste ano em Campinas, com 11.640 votos, Rafa Zimbaldi \u00e9 reeleito e cumprir\u00e1 quarto mandato consecutivo a partir de 2017 - Rafa Zimbaldi\" \/>\n<meta property=\"og:description\" content=\"Com 11.640 mil votos, Rafa Zimbaldi (PP) foi o vereador mais votado de Campinas nas elei\u00e7\u00f5es deste domingo (2) e cumprir\u00e1 o quarto mandato consecutivo na legislatura 2017-2020 &#8211; esta tamb\u00e9m foi a maior vota\u00e7\u00e3o de Rafa em todas as elei\u00e7\u00f5es que venceu. \u201cAgrade\u00e7o muito a confian\u00e7a de todos. Ser reeleito \u00e9 uma grande satisfa\u00e7\u00e3o, [&hellip;]\" \/>\n<meta property=\"og:url\" content=\"https:\/\/rafazimbaldi.com.br\/novo\/rafamaisvotado\/\" \/>\n<meta property=\"og:site_name\" content=\"Rafa Zimbaldi\" \/>\n<meta property=\"article:published_time\" content=\"2016-10-03T00:07:21+00:00\" \/>\n<meta property=\"og:image\" content=\"https:\/\/rafazimbaldi.com.br\/novo\/wp-content\/uploads\/2016\/10\/20161002_RafaEleito_int_RZ.jpg\" \/>\n\t<meta property=\"og:image:width\" content=\"800\" \/>\n\t<meta property=\"og:image:height\" content=\"502\" \/>\n<meta name=\"twitter:card\" content=\"summary_large_image\" \/>\n<meta name=\"twitter:label1\" content=\"Est. tempo de leitura\" \/>\n\t<meta name=\"twitter:data1\" content=\"3 minutos\" \/>\n<script type=\"application\/ld+json\" class=\"yoast-schema-graph\">{\"@context\":\"https:\/\/schema.org\",\"@graph\":[{\"@type\":\"WebSite\",\"@id\":\"https:\/\/rafazimbaldi.com.br\/novo\/#website\",\"url\":\"https:\/\/rafazimbaldi.com.br\/novo\/\",\"name\":\"Rafa Zimbaldi\",\"description\":\"Deputado Estadual \",\"potentialAction\":[{\"@type\":\"SearchAction\",\"target\":\"https:\/\/rafazimbaldi.com.br\/novo\/?s={search_term_string}\",\"query-input\":\"required name=search_term_string\"}],\"inLanguage\":\"pt-BR\"},{\"@type\":\"ImageObject\",\"@id\":\"https:\/\/rafazimbaldi.com.br\/novo\/rafamaisvotado\/#primaryimage\",\"inLanguage\":\"pt-BR\",\"url\":\"https:\/\/rafazimbaldi.com.br\/novo\/wp-content\/uploads\/2016\/10\/20161002_RafaEleito_int_RZ.jpg\",\"contentUrl\":\"https:\/\/rafazimbaldi.com.br\/novo\/wp-content\/uploads\/2016\/10\/20161002_RafaEleito_int_RZ.jpg\",\"width\":800,\"height\":502},{\"@type\":\"WebPage\",\"@id\":\"https:\/\/rafazimbaldi.com.br\/novo\/rafamaisvotado\/#webpage\",\"url\":\"https:\/\/rafazimbaldi.com.br\/novo\/rafamaisvotado\/\",\"name\":\"Vereador mais votado nas elei\\u00e7\\u00f5es deste ano em Campinas, com 11.640 votos, Rafa Zimbaldi \\u00e9 reeleito e cumprir\\u00e1 quarto mandato consecutivo a partir de 2017 - Rafa Zimbaldi\",\"isPartOf\":{\"@id\":\"https:\/\/rafazimbaldi.com.br\/novo\/#website\"},\"primaryImageOfPage\":{\"@id\":\"https:\/\/rafazimbaldi.com.br\/novo\/rafamaisvotado\/#primaryimage\"},\"datePublished\":\"2016-10-03T00:07:21+00:00\",\"dateModified\":\"2016-10-03T00:07:21+00:00\",\"author\":{\"@id\":\"https:\/\/rafazimbaldi.com.br\/novo\/#\/schema\/person\/4e56a44c106beb5b266f5ad8f6cb4fdc\"},\"breadcrumb\":{\"@id\":\"https:\/\/rafazimbaldi.com.br\/novo\/rafamaisvotado\/#breadcrumb\"},\"inLanguage\":\"pt-BR\",\"potentialAction\":[{\"@type\":\"ReadAction\",\"target\":[\"https:\/\/rafazimbaldi.com.br\/novo\/rafamaisvotado\/\"]}]},{\"@type\":\"BreadcrumbList\",\"@id\":\"https:\/\/rafazimbaldi.com.br\/novo\/rafamaisvotado\/#breadcrumb\",\"itemListElement\":[{\"@type\":\"ListItem\",\"position\":1,\"name\":\"In\\u00edcio\",\"item\":\"https:\/\/rafazimbaldi.com.br\/novo\/\"},{\"@type\":\"ListItem\",\"position\":2,\"name\":\"Vereador mais votado nas elei\\u00e7\\u00f5es deste ano em Campinas, com 11.640 votos, Rafa Zimbaldi \\u00e9 reeleito e cumprir\\u00e1 quarto mandato consecutivo a partir de 2017\"}]},{\"@type\":\"Person\",\"@id\":\"https:\/\/rafazimbaldi.com.br\/novo\/#\/schema\/person\/4e56a44c106beb5b266f5ad8f6cb4fdc\",\"name\":\"Equipe Rafa Zimbaldi\",\"image\":{\"@type\":\"ImageObject\",\"@id\":\"https:\/\/rafazimbaldi.com.br\/novo\/#personlogo\",\"inLanguage\":\"pt-BR\",\"url\":\"https:\/\/secure.gravatar.com\/avatar\/2801ef563aa18df3a7cdfd19794cfeea?s=96&d=blank&r=g\",\"contentUrl\":\"https:\/\/secure.gravatar.com\/avatar\/2801ef563aa18df3a7cdfd19794cfeea?s=96&d=blank&r=g\",\"caption\":\"Equipe Rafa Zimbaldi\"},\"sameAs\":[\"http:\/\/rafazimbaldi.com.br\/novo\"],\"url\":\"https:\/\/rafazimbaldi.com.br\/novo\/author\/equiperz2018\/\"}]}<\/script>\n<!-- \/ Yoast SEO plugin. -->","_links":{"self":[{"href":"https:\/\/rafazimbaldi.com.br\/novo\/wp-json\/wp\/v2\/posts\/471"}],"collection":[{"href":"https:\/\/rafazimbaldi.com.br\/novo\/wp-json\/wp\/v2\/posts"}],"about":[{"href":"https:\/\/rafazimbaldi.com.br\/novo\/wp-json\/wp\/v2\/types\/post"}],"author":[{"embeddable":true,"href":"https:\/\/rafazimbaldi.com.br\/novo\/wp-json\/wp\/v2\/users\/2"}],"replies":[{"embeddable":true,"href":"https:\/\/rafazimbaldi.com.br\/novo\/wp-json\/wp\/v2\/comments?post=471"}],"version-history":[{"count":0,"href":"https:\/\/rafazimbaldi.com.br\/novo\/wp-json\/wp\/v2\/posts\/471\/revisions"}],"wp:featuredmedia":[{"embeddable":true,"href":"https:\/\/rafazimbaldi.com.br\/novo\/wp-json\/wp\/v2\/media\/472"}],"wp:attachment":[{"href":"https:\/\/rafazimbaldi.com.br\/novo\/wp-json\/wp\/v2\/media?parent=471"}],"wp:term":[{"taxonomy":"category","embeddable":true,"href":"https:\/\/rafazimbaldi.com.br\/novo\/wp-json\/wp\/v2\/categories?post=471"},{"taxonomy":"post_tag","embeddable":true,"href":"https:\/\/rafazimbaldi.com.br\/novo\/wp-json\/wp\/v2\/tags?post=471"}],"curies":[{"name":"wp","href":"https:\/\/api.w.org\/{rel}","templated":true}]}}