{"id":4712,"date":"2021-08-13T10:41:22","date_gmt":"2021-08-13T13:41:22","guid":{"rendered":"https:\/\/rafazimbaldi.com.br\/novo\/?p=4712"},"modified":"2021-08-25T10:42:50","modified_gmt":"2021-08-25T13:42:50","slug":"o-que-falta-a-prefeitura-de-campinas","status":"publish","type":"post","link":"https:\/\/rafazimbaldi.com.br\/novo\/o-que-falta-a-prefeitura-de-campinas\/","title":{"rendered":"Correio Popular publica artigo de Rafa Zimbaldi. O que falta \u00e0 Prefeitura de Campinas?"},"content":{"rendered":"\n<p><strong>Rafa Zimbaldi<\/strong>, deputado estadual<br><br>Em breve teremos uma \u00f3tima not\u00edcia que \u00e9 resultado da libera\u00e7\u00e3o de R$ 130 milh\u00f5es do governo do Estado para as obras de duplica\u00e7\u00e3o da Rodovia Miguel Melhado Campos (SP-324), na regi\u00e3o do Campo Belo, que vai ligar o Aeroporto de Viracopos a Vinhedo. Ao mesmo tempo, me pergunto o que falta \u00e0 Prefeitura de Campinas para que leve mais dignidade aos bairros perif\u00e9ricos da cidade.<br><br>H\u00e1 uma clara distor\u00e7\u00e3o das prioridades por parte da Prefeitura. A nossa cidade \u00e9 uma das maiores do Brasil e com recursos que podem acabar com os problemas mais b\u00e1sicos das regi\u00f5es mais afastadas. Para se ter ideia, os v\u00e1rios bairros que formam a regi\u00e3o do Campo Belo n\u00e3o contam com saneamento e ruas asfaltadas. As pessoas vivem do jeito que podem.&nbsp;<\/p>\n\n\n\n<p>O que vai fazer uma diferen\u00e7a importante \u00e9, de fato, a duplica\u00e7\u00e3o da rodovia Miguel Melhado, mas isso por reflexo direto de uma a\u00e7\u00e3o do governador Jo\u00e3o Doria, que contou com a minha participa\u00e7\u00e3o ativa em favor da obra. Pelo visto, o que falta \u00e0 Prefeitura de Campinas \u00e9 vontade, iniciativa e gest\u00e3o.<br><br>Eu conhe\u00e7o de perto a regi\u00e3o do Campo Belo e tenho visto em muitas pessoas o descontentamento pela realidade que vivem no bairro. As pessoas saem de casa limpas para o trabalho e chegam na pista da rodovia empoeiradas ou ainda pisando em lama em dias de chuva e no esgoto a c\u00e9u aberto. Isso faz algum sentido? Claro que n\u00e3o.<br><br>Em Campinas fui vereador por quatro mandatos, presidente da C\u00e2mara Municipal duas vezes e conhe\u00e7o os problemas da cidade. Desde que fui eleito deputado estadual, o governo do Estado tem ajudado a cidade atendendo os pedidos que apresentei para a libera\u00e7\u00e3o de recursos p\u00fablicos, inclusive para uso na \u00e1rea da sa\u00fade e enfrentamento \u00e0 pandemia da Covid-19.<\/p>\n\n\n\n<p>Apesar da presen\u00e7a do Estado e dos meus esfor\u00e7os para contribuir com a cidade, a Prefeitura deixa claro que n\u00e3o definiu as prioridades, e isso \u00e9 visto nos bairros e tamb\u00e9m pela imprensa da nossa cidade.<\/p>\n\n\n\n<p>S\u00f3 para citar a \u00e1rea da sa\u00fade, o jornal Correio Popular, por exemplo, j\u00e1 noticiou que faltam 73 tipos de medicamentos nas unidades b\u00e1sicas de sa\u00fade de Campinas. Isso sem contar reportagens do mesmo jornal sobre a demora no atendimento nas UPAs da cidade ou as filas de espera de at\u00e9 oito horas para uma pessoa ser atendida na UPA do Campo Grande e, ainda, o estado de precariedade dessa unidade.<br><br>Este cen\u00e1rio n\u00e3o faz sentido algum. Imagine uma crian\u00e7a, um pai, uma m\u00e3e da periferia esquecida da nossa cidade em meio \u00e0 poeira, lama e falta de saneamento b\u00e1sico enquanto observam os carros passarem pela rodovia e os avi\u00f5es saindo de Viracopos. A imagem clara disso \u00e9, realmente, a falta de prioridade por parte de quem recebe para governar, para trabalhar.<br><br><strong>Rafa Zimbaldi<\/strong> \u00e9 deputado estadual pelo PL.&nbsp; Foi Vereador por quatro mandatos, sendo reeleito a presidente da C\u00e2mara Municipal.<\/p>\n\n\n\n<p><br><br><\/p>\n\n\n\n<figure class=\"wp-block-image size-large\"><img loading=\"lazy\" width=\"693\" height=\"1024\" src=\"https:\/\/rafazimbaldi.com.br\/novo\/wp-content\/uploads\/2021\/08\/5258125-1-693x1024.jpg\" alt=\"\" class=\"wp-image-4775\" srcset=\"https:\/\/rafazimbaldi.com.br\/novo\/wp-content\/uploads\/2021\/08\/5258125-1-693x1024.jpg 693w, https:\/\/rafazimbaldi.com.br\/novo\/wp-content\/uploads\/2021\/08\/5258125-1-203x300.jpg 203w, https:\/\/rafazimbaldi.com.br\/novo\/wp-content\/uploads\/2021\/08\/5258125-1-768x1135.jpg 768w, https:\/\/rafazimbaldi.com.br\/novo\/wp-content\/uploads\/2021\/08\/5258125-1-1039x1536.jpg 1039w, https:\/\/rafazimbaldi.com.br\/novo\/wp-content\/uploads\/2021\/08\/5258125-1-1385x2048.jpg 1385w, https:\/\/rafazimbaldi.com.br\/novo\/wp-content\/uploads\/2021\/08\/5258125-1.jpg 1535w\" sizes=\"(max-width: 693px) 100vw, 693px\" \/><figcaption>Artigo publicado originalmente na edi\u00e7\u00e3o impressa do jornal Correio Popular do dia 11\/08\/2021<\/figcaption><\/figure>\n","protected":false},"excerpt":{"rendered":"<p>Deputado Rafa Zimbaldi escreve artigo sobre as distor\u00e7\u00f5es das prioridades em Campinas. <\/p>\n","protected":false},"author":2,"featured_media":4714,"comment_status":"open","ping_status":"open","sticky":false,"template":"","format":"standard","meta":{"_monsterinsights_skip_tracking":false,"_monsterinsights_sitenote_active":false,"_monsterinsights_sitenote_note":"","_monsterinsights_sitenote_category":0},"categories":[6,1],"tags":[28,297,295,15],"yoast_head":"<!-- This site is optimized with the Yoast SEO plugin v16.5 - https:\/\/yoast.com\/wordpress\/plugins\/seo\/ -->\n<title>Correio Popular publica artigo de Rafa Zimbaldi. O que falta \u00e0 Prefeitura de Campinas? - Rafa Zimbaldi<\/title>\n<meta name=\"description\" content=\"Deputado Rafa Zimbaldi critica Prefeitura de Campinas por falta de aten\u00e7\u00e3o a regi\u00f5es perif\u00e9ricas.\" \/>\n<meta name=\"robots\" content=\"index, follow, max-snippet:-1, max-image-preview:large, max-video-preview:-1\" \/>\n<link rel=\"canonical\" href=\"https:\/\/rafazimbaldi.com.br\/novo\/o-que-falta-a-prefeitura-de-campinas\/\" \/>\n<meta property=\"og:locale\" content=\"pt_BR\" \/>\n<meta property=\"og:type\" content=\"article\" \/>\n<meta property=\"og:title\" content=\"Correio Popular publica artigo de Rafa Zimbaldi. O que falta \u00e0 Prefeitura de Campinas? - Rafa Zimbaldi\" \/>\n<meta property=\"og:description\" content=\"Deputado Rafa Zimbaldi critica Prefeitura de Campinas por falta de aten\u00e7\u00e3o a regi\u00f5es perif\u00e9ricas.\" \/>\n<meta property=\"og:url\" content=\"https:\/\/rafazimbaldi.com.br\/novo\/o-que-falta-a-prefeitura-de-campinas\/\" \/>\n<meta property=\"og:site_name\" content=\"Rafa Zimbaldi\" \/>\n<meta property=\"article:published_time\" content=\"2021-08-13T13:41:22+00:00\" \/>\n<meta property=\"article:modified_time\" content=\"2021-08-25T13:42:50+00:00\" \/>\n<meta property=\"og:image\" content=\"https:\/\/rafazimbaldi.com.br\/novo\/wp-content\/uploads\/2021\/08\/Design-sem-nome-3.png\" \/>\n\t<meta property=\"og:image:width\" content=\"941\" \/>\n\t<meta property=\"og:image:height\" content=\"501\" \/>\n<meta name=\"twitter:card\" content=\"summary_large_image\" \/>\n<meta name=\"twitter:label1\" content=\"Est. tempo de leitura\" \/>\n\t<meta name=\"twitter:data1\" content=\"3 minutos\" \/>\n<script type=\"application\/ld+json\" class=\"yoast-schema-graph\">{\"@context\":\"https:\/\/schema.org\",\"@graph\":[{\"@type\":\"WebSite\",\"@id\":\"https:\/\/rafazimbaldi.com.br\/novo\/#website\",\"url\":\"https:\/\/rafazimbaldi.com.br\/novo\/\",\"name\":\"Rafa Zimbaldi\",\"description\":\"Deputado Estadual \",\"potentialAction\":[{\"@type\":\"SearchAction\",\"target\":\"https:\/\/rafazimbaldi.com.br\/novo\/?s={search_term_string}\",\"query-input\":\"required name=search_term_string\"}],\"inLanguage\":\"pt-BR\"},{\"@type\":\"ImageObject\",\"@id\":\"https:\/\/rafazimbaldi.com.br\/novo\/o-que-falta-a-prefeitura-de-campinas\/#primaryimage\",\"inLanguage\":\"pt-BR\",\"url\":\"https:\/\/rafazimbaldi.com.br\/novo\/wp-content\/uploads\/2021\/08\/Design-sem-nome-3.png\",\"contentUrl\":\"https:\/\/rafazimbaldi.com.br\/novo\/wp-content\/uploads\/2021\/08\/Design-sem-nome-3.png\",\"width\":941,\"height\":501,\"caption\":\"H\\u00e1 uma clara distor\\u00e7\\u00e3o das prioridades para a popula\\u00e7\\u00e3o e a cidade de Campinas por parte da atual administra\\u00e7\\u00e3o (Foto: Alesp)\"},{\"@type\":\"WebPage\",\"@id\":\"https:\/\/rafazimbaldi.com.br\/novo\/o-que-falta-a-prefeitura-de-campinas\/#webpage\",\"url\":\"https:\/\/rafazimbaldi.com.br\/novo\/o-que-falta-a-prefeitura-de-campinas\/\",\"name\":\"Correio Popular publica artigo de Rafa Zimbaldi. O que falta \\u00e0 Prefeitura de Campinas? - Rafa Zimbaldi\",\"isPartOf\":{\"@id\":\"https:\/\/rafazimbaldi.com.br\/novo\/#website\"},\"primaryImageOfPage\":{\"@id\":\"https:\/\/rafazimbaldi.com.br\/novo\/o-que-falta-a-prefeitura-de-campinas\/#primaryimage\"},\"datePublished\":\"2021-08-13T13:41:22+00:00\",\"dateModified\":\"2021-08-25T13:42:50+00:00\",\"author\":{\"@id\":\"https:\/\/rafazimbaldi.com.br\/novo\/#\/schema\/person\/4e56a44c106beb5b266f5ad8f6cb4fdc\"},\"description\":\"Deputado Rafa Zimbaldi critica Prefeitura de Campinas por falta de aten\\u00e7\\u00e3o a regi\\u00f5es perif\\u00e9ricas.\",\"breadcrumb\":{\"@id\":\"https:\/\/rafazimbaldi.com.br\/novo\/o-que-falta-a-prefeitura-de-campinas\/#breadcrumb\"},\"inLanguage\":\"pt-BR\",\"potentialAction\":[{\"@type\":\"ReadAction\",\"target\":[\"https:\/\/rafazimbaldi.com.br\/novo\/o-que-falta-a-prefeitura-de-campinas\/\"]}]},{\"@type\":\"BreadcrumbList\",\"@id\":\"https:\/\/rafazimbaldi.com.br\/novo\/o-que-falta-a-prefeitura-de-campinas\/#breadcrumb\",\"itemListElement\":[{\"@type\":\"ListItem\",\"position\":1,\"name\":\"In\\u00edcio\",\"item\":\"https:\/\/rafazimbaldi.com.br\/novo\/\"},{\"@type\":\"ListItem\",\"position\":2,\"name\":\"Correio Popular publica artigo de Rafa Zimbaldi. O que falta \\u00e0 Prefeitura de Campinas?\"}]},{\"@type\":\"Person\",\"@id\":\"https:\/\/rafazimbaldi.com.br\/novo\/#\/schema\/person\/4e56a44c106beb5b266f5ad8f6cb4fdc\",\"name\":\"Equipe Rafa Zimbaldi\",\"image\":{\"@type\":\"ImageObject\",\"@id\":\"https:\/\/rafazimbaldi.com.br\/novo\/#personlogo\",\"inLanguage\":\"pt-BR\",\"url\":\"https:\/\/secure.gravatar.com\/avatar\/2801ef563aa18df3a7cdfd19794cfeea?s=96&d=blank&r=g\",\"contentUrl\":\"https:\/\/secure.gravatar.com\/avatar\/2801ef563aa18df3a7cdfd19794cfeea?s=96&d=blank&r=g\",\"caption\":\"Equipe Rafa Zimbaldi\"},\"sameAs\":[\"http:\/\/rafazimbaldi.com.br\/novo\"],\"url\":\"https:\/\/rafazimbaldi.com.br\/novo\/author\/equiperz2018\/\"}]}<\/script>\n<!-- \/ Yoast SEO plugin. -->","_links":{"self":[{"href":"https:\/\/rafazimbaldi.com.br\/novo\/wp-json\/wp\/v2\/posts\/4712"}],"collection":[{"href":"https:\/\/rafazimbaldi.com.br\/novo\/wp-json\/wp\/v2\/posts"}],"about":[{"href":"https:\/\/rafazimbaldi.com.br\/novo\/wp-json\/wp\/v2\/types\/post"}],"author":[{"embeddable":true,"href":"https:\/\/rafazimbaldi.com.br\/novo\/wp-json\/wp\/v2\/users\/2"}],"replies":[{"embeddable":true,"href":"https:\/\/rafazimbaldi.com.br\/novo\/wp-json\/wp\/v2\/comments?post=4712"}],"version-history":[{"count":5,"href":"https:\/\/rafazimbaldi.com.br\/novo\/wp-json\/wp\/v2\/posts\/4712\/revisions"}],"predecessor-version":[{"id":4785,"href":"https:\/\/rafazimbaldi.com.br\/novo\/wp-json\/wp\/v2\/posts\/4712\/revisions\/4785"}],"wp:featuredmedia":[{"embeddable":true,"href":"https:\/\/rafazimbaldi.com.br\/novo\/wp-json\/wp\/v2\/media\/4714"}],"wp:attachment":[{"href":"https:\/\/rafazimbaldi.com.br\/novo\/wp-json\/wp\/v2\/media?parent=4712"}],"wp:term":[{"taxonomy":"category","embeddable":true,"href":"https:\/\/rafazimbaldi.com.br\/novo\/wp-json\/wp\/v2\/categories?post=4712"},{"taxonomy":"post_tag","embeddable":true,"href":"https:\/\/rafazimbaldi.com.br\/novo\/wp-json\/wp\/v2\/tags?post=4712"}],"curies":[{"name":"wp","href":"https:\/\/api.w.org\/{rel}","templated":true}]}}