{"id":4771,"date":"2021-08-24T17:11:37","date_gmt":"2021-08-24T20:11:37","guid":{"rendered":"https:\/\/rafazimbaldi.com.br\/novo\/?p=4771"},"modified":"2021-08-25T10:41:12","modified_gmt":"2021-08-25T13:41:12","slug":"artigo-como-construir-a-regiao-metropolitana-de-piracicaba","status":"publish","type":"post","link":"https:\/\/rafazimbaldi.com.br\/novo\/artigo-como-construir-a-regiao-metropolitana-de-piracicaba\/","title":{"rendered":"A Gazeta de Piracicaba publica artigo de Rafa Zimbaldi: Como construir a Regi\u00e3o Metropolitana"},"content":{"rendered":"\n<p><strong>Rafa Zimbaldi<\/strong>, deputado estadual PL<\/p>\n\n\n\n<p>A nova Regi\u00e3o Metropolitana de Piracicaba \u00e9 uma conquista que vai espelhar a grandeza da cidade e de todos os demais munic\u00edpios ao redor. E neste caso quero compartilhar a minha experi\u00eancia no assunto e disposi\u00e7\u00e3o a auxiliar a RMP na Assembleia Legislativa para que possamos aperfei\u00e7oar as decis\u00f5es que precisar\u00e3o ser tomadas por Piracicaba para que se consolide como a espinha dorsal dessa nova macrorregi\u00e3o, assim como ocorreu, por exemplo, com Campinas, onde fui vereador por quatro mandatos, em dois deles sendo presidente da C\u00e2mara Municipal.<\/p>\n\n\n\n<p>O primeiro passo ser\u00e1 a regulamenta\u00e7\u00e3o em S\u00e3o Paulo dos procedimentos para a cria\u00e7\u00e3o da Regi\u00e3o Metropolitana de Piracicaba do ponto de vista formal e institucional. Teremos que votar mais adiante, a cria\u00e7\u00e3o da Ag\u00eancia Metropolitana, que ser\u00e1 o elo de liga\u00e7\u00e3o entre a nova regi\u00e3o metropolitana e o governo do Estado de S\u00e3o Paulo, do ponto de vista t\u00e9cnico.<\/p>\n\n\n\n<p>Em seguida, ser\u00e3o necess\u00e1rias as constitui\u00e7\u00f5es das C\u00e2maras Setoriais, para cada \u00e1rea espec\u00edfica de atividade, como sa\u00fade, educa\u00e7\u00e3o, cultura, meio ambiente, esportes, entre outras. J\u00e1 tenho not\u00edcias de articula\u00e7\u00f5es importantes e necess\u00e1rias de alguns secret\u00e1rios municipais de Piracicaba nesse sentido, mas \u00e9 fundamental que todos comecem a trilhar um caminho comum neste desafio.<\/p>\n\n\n\n<p>Creio tamb\u00e9m que, para al\u00e9m dos esfor\u00e7os di\u00e1rios a que se dedica \u00e0 gest\u00e3o da cidade de Piracicaba, o prefeito Luciano Almeida ter\u00e1 de montar um time para ajud\u00e1-lo neste esfor\u00e7o gigantesco que ser\u00e1 o de liderar e entusiasmar as demais cidades para que participem do processo.<\/p>\n\n\n\n<p>Ouvi atento, dia desses, um discurso do prefeito Luciano Almeida mostrando que j\u00e1 existe uma certa l\u00f3gica de aproxima\u00e7\u00e3o informal entre os munic\u00edpios vizinhos. Esse \u00e9 sim um bom e auspicioso come\u00e7o, mas isso tudo precisa de uma ajuda profissional, pois a agenda cotidiana de Piracicaba, de forma definitiva, n\u00e3o deve deixar muito tempo ao caro amigo para que ele possa abra\u00e7ar a nova realidade que o cerca.&nbsp;<\/p>\n\n\n\n<p>At\u00e9 a constitui\u00e7\u00e3o formal da nova ag\u00eancia, \u00e9 preciso ir tecendo, como fazem as aranhas descritas no poema&nbsp; \u201cTecendo a Manh\u00e3\u201d, de Jo\u00e3o Cabral de Melo Neto, \u201cuma teia t\u00eanue\u201d, que v\u00e1 dando vida e forma ao circuito regional nas suas diversas dimens\u00f5es, econ\u00f4micas, sociais, administrativas, jur\u00eddicas, entre outras. S\u00e3o mais de vinte cidades a serem administradas neste grandioso projeto. Verificar suas demandas nos v\u00e1rios campos, organizar projetos, disputar recursos junto ao Governo, convencer os atores pol\u00edticos de cada um deles em favor dessa nova realidade, por certo haver\u00e1 de demandar a todos, bons espa\u00e7os comuns nas agendas di\u00e1rias para a constru\u00e7\u00e3o deste novo modelo de gest\u00e3o.<\/p>\n\n\n\n<p>Sei que, com o empenho de todos, coopera\u00e7\u00e3o e sintonia, a voz de Piracicaba ser\u00e1 amplificada, os resultados das demandas ser\u00e3o mais velozes e a realiza\u00e7\u00e3o de obras priorit\u00e1rias, que sejam comuns a todos, muito beneficiadas. Pensar regionalmente, daqui por diante, vai requerer de todos a sinergia da confian\u00e7a e o respeito, al\u00e9m de muito trabalho.<\/p>\n\n\n\n<p>Cabe, em especial ao prefeito Luciano Almeida, a lideran\u00e7a nesse processo e ainda muito mais dedica\u00e7\u00e3o ao trabalho que tem tido at\u00e9 aqui para governar Piracicaba e, a partir dela, ser\u00e1 o farol a iluminar novos contatos, novos enfrentamentos pol\u00edticos em busca de dias ainda melhores para a nossa Noiva da Colina. Chegou, finalmente, a hora de \u201co rio de Piracicaba jogar \u00e1gua pra fora\u201d.<\/p>\n\n\n\n<p>Vamos adiante, prefeitos e secret\u00e1rios municipais da Regi\u00e3o Metropolitana. \u00c9 hora de remarmos todos juntos para um desafio comum. Contem comigo.<\/p>\n\n\n\n<p><strong>Rafa Zimbaldi<\/strong> \u00e9 deputado estadual pelo PL.&nbsp; Foi Vereador por quatro mandatos, sendo reeleito a presidente da C\u00e2mara Municipal.<\/p>\n\n\n\n<figure class=\"wp-block-image size-large\"><img loading=\"lazy\" width=\"1024\" height=\"493\" src=\"https:\/\/rafazimbaldi.com.br\/novo\/wp-content\/uploads\/2021\/08\/Gazeta-de-Piracicaba-24082021-1024x493.jpg\" alt=\"\" class=\"wp-image-4773\" srcset=\"https:\/\/rafazimbaldi.com.br\/novo\/wp-content\/uploads\/2021\/08\/Gazeta-de-Piracicaba-24082021-1024x493.jpg 1024w, https:\/\/rafazimbaldi.com.br\/novo\/wp-content\/uploads\/2021\/08\/Gazeta-de-Piracicaba-24082021-300x144.jpg 300w, https:\/\/rafazimbaldi.com.br\/novo\/wp-content\/uploads\/2021\/08\/Gazeta-de-Piracicaba-24082021-768x370.jpg 768w, https:\/\/rafazimbaldi.com.br\/novo\/wp-content\/uploads\/2021\/08\/Gazeta-de-Piracicaba-24082021-1536x739.jpg 1536w, https:\/\/rafazimbaldi.com.br\/novo\/wp-content\/uploads\/2021\/08\/Gazeta-de-Piracicaba-24082021.jpg 1681w\" sizes=\"(max-width: 1024px) 100vw, 1024px\" \/><figcaption>Artigo publicado originalmente na edi\u00e7\u00e3o impressa da Gazeta de Piracicaba do dia 24\/08\/2021. <\/figcaption><\/figure>\n","protected":false},"excerpt":{"rendered":"<p>Rafa Zimbaldi, deputado estadual PL A nova Regi\u00e3o Metropolitana de Piracicaba \u00e9 uma conquista que vai espelhar a grandeza da cidade e de todos os demais munic\u00edpios ao redor. E neste caso quero compartilhar a minha experi\u00eancia no assunto e disposi\u00e7\u00e3o a auxiliar a RMP na Assembleia Legislativa para que possamos aperfei\u00e7oar as decis\u00f5es que [&hellip;]<\/p>\n","protected":false},"author":2,"featured_media":4772,"comment_status":"open","ping_status":"open","sticky":false,"template":"","format":"standard","meta":{"_monsterinsights_skip_tracking":false,"_monsterinsights_sitenote_active":false,"_monsterinsights_sitenote_note":"","_monsterinsights_sitenote_category":0},"categories":[6,1],"tags":[244,315,313,314],"yoast_head":"<!-- This site is optimized with the Yoast SEO plugin v16.5 - https:\/\/yoast.com\/wordpress\/plugins\/seo\/ -->\n<title>A Gazeta de Piracicaba publica artigo de Rafa Zimbaldi: Como construir a Regi\u00e3o Metropolitana - Rafa Zimbaldi<\/title>\n<meta name=\"description\" content=\"A nova Regi\u00e3o Metropolitana de Piracicaba \u00e9 uma conquista que vai espelhar a grandeza da cidade e de todos os demais munic\u00edpios ao redor. E neste caso quero compartilhar a minha experi\u00eancia no assunto e disposi\u00e7\u00e3o a auxiliar a RMP na Assembleia Legislativa para que possamos aperfei\u00e7oar as decis\u00f5es que precisar\u00e3o ser tomadas por Piracicaba para que se consolide como a espinha dorsal dessa nova macrorregi\u00e3o, assim como ocorreu, por exemplo, com Campinas, onde fui vereador por quatro mandatos, em dois deles sendo presidente da C\u00e2mara Municipal.\" \/>\n<meta name=\"robots\" content=\"index, follow, max-snippet:-1, max-image-preview:large, max-video-preview:-1\" \/>\n<link rel=\"canonical\" href=\"https:\/\/rafazimbaldi.com.br\/novo\/artigo-como-construir-a-regiao-metropolitana-de-piracicaba\/\" \/>\n<meta property=\"og:locale\" content=\"pt_BR\" \/>\n<meta property=\"og:type\" content=\"article\" \/>\n<meta property=\"og:title\" content=\"A Gazeta de Piracicaba publica artigo de Rafa Zimbaldi: Como construir a Regi\u00e3o Metropolitana - Rafa Zimbaldi\" \/>\n<meta property=\"og:description\" content=\"A nova Regi\u00e3o Metropolitana de Piracicaba \u00e9 uma conquista que vai espelhar a grandeza da cidade e de todos os demais munic\u00edpios ao redor. E neste caso quero compartilhar a minha experi\u00eancia no assunto e disposi\u00e7\u00e3o a auxiliar a RMP na Assembleia Legislativa para que possamos aperfei\u00e7oar as decis\u00f5es que precisar\u00e3o ser tomadas por Piracicaba para que se consolide como a espinha dorsal dessa nova macrorregi\u00e3o, assim como ocorreu, por exemplo, com Campinas, onde fui vereador por quatro mandatos, em dois deles sendo presidente da C\u00e2mara Municipal.\" \/>\n<meta property=\"og:url\" content=\"https:\/\/rafazimbaldi.com.br\/novo\/artigo-como-construir-a-regiao-metropolitana-de-piracicaba\/\" \/>\n<meta property=\"og:site_name\" content=\"Rafa Zimbaldi\" \/>\n<meta property=\"article:published_time\" content=\"2021-08-24T20:11:37+00:00\" \/>\n<meta property=\"article:modified_time\" content=\"2021-08-25T13:41:12+00:00\" \/>\n<meta property=\"og:image\" content=\"https:\/\/rafazimbaldi.com.br\/novo\/wp-content\/uploads\/2021\/08\/Site-Rafa-941X501-1.png\" \/>\n\t<meta property=\"og:image:width\" content=\"941\" \/>\n\t<meta property=\"og:image:height\" content=\"501\" \/>\n<meta name=\"twitter:card\" content=\"summary_large_image\" \/>\n<meta name=\"twitter:label1\" content=\"Est. tempo de leitura\" \/>\n\t<meta name=\"twitter:data1\" content=\"3 minutos\" \/>\n<script type=\"application\/ld+json\" class=\"yoast-schema-graph\">{\"@context\":\"https:\/\/schema.org\",\"@graph\":[{\"@type\":\"WebSite\",\"@id\":\"https:\/\/rafazimbaldi.com.br\/novo\/#website\",\"url\":\"https:\/\/rafazimbaldi.com.br\/novo\/\",\"name\":\"Rafa Zimbaldi\",\"description\":\"Deputado Estadual \",\"potentialAction\":[{\"@type\":\"SearchAction\",\"target\":\"https:\/\/rafazimbaldi.com.br\/novo\/?s={search_term_string}\",\"query-input\":\"required name=search_term_string\"}],\"inLanguage\":\"pt-BR\"},{\"@type\":\"ImageObject\",\"@id\":\"https:\/\/rafazimbaldi.com.br\/novo\/artigo-como-construir-a-regiao-metropolitana-de-piracicaba\/#primaryimage\",\"inLanguage\":\"pt-BR\",\"url\":\"https:\/\/rafazimbaldi.com.br\/novo\/wp-content\/uploads\/2021\/08\/Site-Rafa-941X501-1.png\",\"contentUrl\":\"https:\/\/rafazimbaldi.com.br\/novo\/wp-content\/uploads\/2021\/08\/Site-Rafa-941X501-1.png\",\"width\":941,\"height\":501},{\"@type\":\"WebPage\",\"@id\":\"https:\/\/rafazimbaldi.com.br\/novo\/artigo-como-construir-a-regiao-metropolitana-de-piracicaba\/#webpage\",\"url\":\"https:\/\/rafazimbaldi.com.br\/novo\/artigo-como-construir-a-regiao-metropolitana-de-piracicaba\/\",\"name\":\"A Gazeta de Piracicaba publica artigo de Rafa Zimbaldi: Como construir a Regi\\u00e3o Metropolitana - Rafa Zimbaldi\",\"isPartOf\":{\"@id\":\"https:\/\/rafazimbaldi.com.br\/novo\/#website\"},\"primaryImageOfPage\":{\"@id\":\"https:\/\/rafazimbaldi.com.br\/novo\/artigo-como-construir-a-regiao-metropolitana-de-piracicaba\/#primaryimage\"},\"datePublished\":\"2021-08-24T20:11:37+00:00\",\"dateModified\":\"2021-08-25T13:41:12+00:00\",\"author\":{\"@id\":\"https:\/\/rafazimbaldi.com.br\/novo\/#\/schema\/person\/4e56a44c106beb5b266f5ad8f6cb4fdc\"},\"description\":\"A nova Regi\\u00e3o Metropolitana de Piracicaba \\u00e9 uma conquista que vai espelhar a grandeza da cidade e de todos os demais munic\\u00edpios ao redor. E neste caso quero compartilhar a minha experi\\u00eancia no assunto e disposi\\u00e7\\u00e3o a auxiliar a RMP na Assembleia Legislativa para que possamos aperfei\\u00e7oar as decis\\u00f5es que precisar\\u00e3o ser tomadas por Piracicaba para que se consolide como a espinha dorsal dessa nova macrorregi\\u00e3o, assim como ocorreu, por exemplo, com Campinas, onde fui vereador por quatro mandatos, em dois deles sendo presidente da C\\u00e2mara Municipal.\",\"breadcrumb\":{\"@id\":\"https:\/\/rafazimbaldi.com.br\/novo\/artigo-como-construir-a-regiao-metropolitana-de-piracicaba\/#breadcrumb\"},\"inLanguage\":\"pt-BR\",\"potentialAction\":[{\"@type\":\"ReadAction\",\"target\":[\"https:\/\/rafazimbaldi.com.br\/novo\/artigo-como-construir-a-regiao-metropolitana-de-piracicaba\/\"]}]},{\"@type\":\"BreadcrumbList\",\"@id\":\"https:\/\/rafazimbaldi.com.br\/novo\/artigo-como-construir-a-regiao-metropolitana-de-piracicaba\/#breadcrumb\",\"itemListElement\":[{\"@type\":\"ListItem\",\"position\":1,\"name\":\"In\\u00edcio\",\"item\":\"https:\/\/rafazimbaldi.com.br\/novo\/\"},{\"@type\":\"ListItem\",\"position\":2,\"name\":\"A Gazeta de Piracicaba publica artigo de Rafa Zimbaldi: Como construir a Regi\\u00e3o Metropolitana\"}]},{\"@type\":\"Person\",\"@id\":\"https:\/\/rafazimbaldi.com.br\/novo\/#\/schema\/person\/4e56a44c106beb5b266f5ad8f6cb4fdc\",\"name\":\"Equipe Rafa Zimbaldi\",\"image\":{\"@type\":\"ImageObject\",\"@id\":\"https:\/\/rafazimbaldi.com.br\/novo\/#personlogo\",\"inLanguage\":\"pt-BR\",\"url\":\"https:\/\/secure.gravatar.com\/avatar\/2801ef563aa18df3a7cdfd19794cfeea?s=96&d=blank&r=g\",\"contentUrl\":\"https:\/\/secure.gravatar.com\/avatar\/2801ef563aa18df3a7cdfd19794cfeea?s=96&d=blank&r=g\",\"caption\":\"Equipe Rafa Zimbaldi\"},\"sameAs\":[\"http:\/\/rafazimbaldi.com.br\/novo\"],\"url\":\"https:\/\/rafazimbaldi.com.br\/novo\/author\/equiperz2018\/\"}]}<\/script>\n<!-- \/ Yoast SEO plugin. -->","_links":{"self":[{"href":"https:\/\/rafazimbaldi.com.br\/novo\/wp-json\/wp\/v2\/posts\/4771"}],"collection":[{"href":"https:\/\/rafazimbaldi.com.br\/novo\/wp-json\/wp\/v2\/posts"}],"about":[{"href":"https:\/\/rafazimbaldi.com.br\/novo\/wp-json\/wp\/v2\/types\/post"}],"author":[{"embeddable":true,"href":"https:\/\/rafazimbaldi.com.br\/novo\/wp-json\/wp\/v2\/users\/2"}],"replies":[{"embeddable":true,"href":"https:\/\/rafazimbaldi.com.br\/novo\/wp-json\/wp\/v2\/comments?post=4771"}],"version-history":[{"count":2,"href":"https:\/\/rafazimbaldi.com.br\/novo\/wp-json\/wp\/v2\/posts\/4771\/revisions"}],"predecessor-version":[{"id":4784,"href":"https:\/\/rafazimbaldi.com.br\/novo\/wp-json\/wp\/v2\/posts\/4771\/revisions\/4784"}],"wp:featuredmedia":[{"embeddable":true,"href":"https:\/\/rafazimbaldi.com.br\/novo\/wp-json\/wp\/v2\/media\/4772"}],"wp:attachment":[{"href":"https:\/\/rafazimbaldi.com.br\/novo\/wp-json\/wp\/v2\/media?parent=4771"}],"wp:term":[{"taxonomy":"category","embeddable":true,"href":"https:\/\/rafazimbaldi.com.br\/novo\/wp-json\/wp\/v2\/categories?post=4771"},{"taxonomy":"post_tag","embeddable":true,"href":"https:\/\/rafazimbaldi.com.br\/novo\/wp-json\/wp\/v2\/tags?post=4771"}],"curies":[{"name":"wp","href":"https:\/\/api.w.org\/{rel}","templated":true}]}}