{"id":487,"date":"2016-11-02T17:46:03","date_gmt":"2016-11-02T19:46:03","guid":{"rendered":"http:\/\/www.rafazimbaldi.com\/?p=487"},"modified":"2016-11-02T17:46:03","modified_gmt":"2016-11-02T19:46:03","slug":"cinemaitaliano","status":"publish","type":"post","link":"https:\/\/rafazimbaldi.com.br\/novo\/cinemaitaliano\/","title":{"rendered":"Em visita a Rafa, italianos anunciam festival de cinema em Campinas para o ano que vem"},"content":{"rendered":"<p>O vereador Rafa Zimbaldi recebeu na presid\u00eancia da C\u00e2mara, na \u00faltima semana de outubro, visita de uma comitiva de pol\u00edticos italianos que veio visitar a cidade: o deputado F\u00e1bio Porta, do Partido Democrata Italiano, e Eug\u00eanio Marino, membro da Coordena\u00e7\u00e3o Nacional Democr\u00e1tica para Italianos no Mundo. Os dois anunciaram a Rafa \u2013 e aos vereadores Luiz Rossini e Z\u00e9 Carlos, que tamb\u00e9m acompanharam o encontro, que em abril do ano que vem dever\u00e1 ser realizado na cidade \u00a0um Festival de Cinema com a presen\u00e7a de atores e diretores italianos.<\/p>\n<p>\u201cVamos organizar um grande festival de cinema aqui e debatemos tamb\u00e9m de um projeto para a valoriza\u00e7\u00e3o da figura de Carlos Gomes na It\u00e1lia, e de uma parceria da Unicamp com a Universidade de Perugia, que \u00e9 conhecida mundialmente pela promo\u00e7\u00e3o da l\u00edngua italiana no mundo\u201d, disse o deputado Porta.<\/p>\n<p>Segundo o deputado, os projetos visam a colocar Campinas no centro das rela\u00e7\u00f5es entre It\u00e1lia e Am\u00e9rica do Sul. Os visitantes receberam duas medalhas da C\u00e2mara de Campinas, como forma de agradecimento e lembran\u00e7a pelo encontro. \u201cAl\u00e9m das boas not\u00edcias, \u00e9 muito bom trocar experi\u00eancias e saber um pouco mais da pol\u00edtica de outro pa\u00eds: sempre aparecem boas ideias e exemplos de um lado que podem ser usados pelo outro\u201d, enfatiza Rafa.<\/p>\n","protected":false},"excerpt":{"rendered":"<p>O vereador Rafa Zimbaldi recebeu na presid\u00eancia da C\u00e2mara, na \u00faltima semana de outubro, visita de uma comitiva de pol\u00edticos italianos que veio visitar a cidade: o deputado F\u00e1bio Porta, do Partido Democrata Italiano, e Eug\u00eanio Marino, membro da Coordena\u00e7\u00e3o Nacional Democr\u00e1tica para Italianos no Mundo. Os dois anunciaram a Rafa \u2013 e aos vereadores [&hellip;]<\/p>\n","protected":false},"author":2,"featured_media":488,"comment_status":"open","ping_status":"open","sticky":false,"template":"","format":"standard","meta":{"_monsterinsights_skip_tracking":false,"_monsterinsights_sitenote_active":false,"_monsterinsights_sitenote_note":"","_monsterinsights_sitenote_category":0},"categories":[1,3],"tags":[129,130,131],"yoast_head":"<!-- This site is optimized with the Yoast SEO plugin v16.5 - https:\/\/yoast.com\/wordpress\/plugins\/seo\/ -->\n<title>Em visita a Rafa, italianos anunciam festival de cinema em Campinas para o ano que vem - Rafa Zimbaldi<\/title>\n<meta name=\"robots\" content=\"index, follow, max-snippet:-1, max-image-preview:large, max-video-preview:-1\" \/>\n<link rel=\"canonical\" href=\"https:\/\/rafazimbaldi.com.br\/novo\/cinemaitaliano\/\" \/>\n<meta property=\"og:locale\" content=\"pt_BR\" \/>\n<meta property=\"og:type\" content=\"article\" \/>\n<meta property=\"og:title\" content=\"Em visita a Rafa, italianos anunciam festival de cinema em Campinas para o ano que vem - Rafa Zimbaldi\" \/>\n<meta property=\"og:description\" content=\"O vereador Rafa Zimbaldi recebeu na presid\u00eancia da C\u00e2mara, na \u00faltima semana de outubro, visita de uma comitiva de pol\u00edticos italianos que veio visitar a cidade: o deputado F\u00e1bio Porta, do Partido Democrata Italiano, e Eug\u00eanio Marino, membro da Coordena\u00e7\u00e3o Nacional Democr\u00e1tica para Italianos no Mundo. Os dois anunciaram a Rafa \u2013 e aos vereadores [&hellip;]\" \/>\n<meta property=\"og:url\" content=\"https:\/\/rafazimbaldi.com.br\/novo\/cinemaitaliano\/\" \/>\n<meta property=\"og:site_name\" content=\"Rafa Zimbaldi\" \/>\n<meta property=\"article:published_time\" content=\"2016-11-02T19:46:03+00:00\" \/>\n<meta property=\"og:image\" content=\"https:\/\/rafazimbaldi.com.br\/novo\/wp-content\/uploads\/2016\/11\/20161102_italianos_int_RZ.jpg\" \/>\n\t<meta property=\"og:image:width\" content=\"800\" \/>\n\t<meta property=\"og:image:height\" content=\"502\" \/>\n<meta name=\"twitter:card\" content=\"summary_large_image\" \/>\n<meta name=\"twitter:label1\" content=\"Est. tempo de leitura\" \/>\n\t<meta name=\"twitter:data1\" content=\"1 minuto\" \/>\n<script type=\"application\/ld+json\" class=\"yoast-schema-graph\">{\"@context\":\"https:\/\/schema.org\",\"@graph\":[{\"@type\":\"WebSite\",\"@id\":\"https:\/\/rafazimbaldi.com.br\/novo\/#website\",\"url\":\"https:\/\/rafazimbaldi.com.br\/novo\/\",\"name\":\"Rafa Zimbaldi\",\"description\":\"Deputado Estadual \",\"potentialAction\":[{\"@type\":\"SearchAction\",\"target\":\"https:\/\/rafazimbaldi.com.br\/novo\/?s={search_term_string}\",\"query-input\":\"required name=search_term_string\"}],\"inLanguage\":\"pt-BR\"},{\"@type\":\"ImageObject\",\"@id\":\"https:\/\/rafazimbaldi.com.br\/novo\/cinemaitaliano\/#primaryimage\",\"inLanguage\":\"pt-BR\",\"url\":\"https:\/\/rafazimbaldi.com.br\/novo\/wp-content\/uploads\/2016\/11\/20161102_italianos_int_RZ.jpg\",\"contentUrl\":\"https:\/\/rafazimbaldi.com.br\/novo\/wp-content\/uploads\/2016\/11\/20161102_italianos_int_RZ.jpg\",\"width\":800,\"height\":502},{\"@type\":\"WebPage\",\"@id\":\"https:\/\/rafazimbaldi.com.br\/novo\/cinemaitaliano\/#webpage\",\"url\":\"https:\/\/rafazimbaldi.com.br\/novo\/cinemaitaliano\/\",\"name\":\"Em visita a Rafa, italianos anunciam festival de cinema em Campinas para o ano que vem - Rafa Zimbaldi\",\"isPartOf\":{\"@id\":\"https:\/\/rafazimbaldi.com.br\/novo\/#website\"},\"primaryImageOfPage\":{\"@id\":\"https:\/\/rafazimbaldi.com.br\/novo\/cinemaitaliano\/#primaryimage\"},\"datePublished\":\"2016-11-02T19:46:03+00:00\",\"dateModified\":\"2016-11-02T19:46:03+00:00\",\"author\":{\"@id\":\"https:\/\/rafazimbaldi.com.br\/novo\/#\/schema\/person\/4e56a44c106beb5b266f5ad8f6cb4fdc\"},\"breadcrumb\":{\"@id\":\"https:\/\/rafazimbaldi.com.br\/novo\/cinemaitaliano\/#breadcrumb\"},\"inLanguage\":\"pt-BR\",\"potentialAction\":[{\"@type\":\"ReadAction\",\"target\":[\"https:\/\/rafazimbaldi.com.br\/novo\/cinemaitaliano\/\"]}]},{\"@type\":\"BreadcrumbList\",\"@id\":\"https:\/\/rafazimbaldi.com.br\/novo\/cinemaitaliano\/#breadcrumb\",\"itemListElement\":[{\"@type\":\"ListItem\",\"position\":1,\"name\":\"In\\u00edcio\",\"item\":\"https:\/\/rafazimbaldi.com.br\/novo\/\"},{\"@type\":\"ListItem\",\"position\":2,\"name\":\"Em visita a Rafa, italianos anunciam festival de cinema em Campinas para o ano que vem\"}]},{\"@type\":\"Person\",\"@id\":\"https:\/\/rafazimbaldi.com.br\/novo\/#\/schema\/person\/4e56a44c106beb5b266f5ad8f6cb4fdc\",\"name\":\"Equipe Rafa Zimbaldi\",\"image\":{\"@type\":\"ImageObject\",\"@id\":\"https:\/\/rafazimbaldi.com.br\/novo\/#personlogo\",\"inLanguage\":\"pt-BR\",\"url\":\"https:\/\/secure.gravatar.com\/avatar\/2801ef563aa18df3a7cdfd19794cfeea?s=96&d=blank&r=g\",\"contentUrl\":\"https:\/\/secure.gravatar.com\/avatar\/2801ef563aa18df3a7cdfd19794cfeea?s=96&d=blank&r=g\",\"caption\":\"Equipe Rafa Zimbaldi\"},\"sameAs\":[\"http:\/\/rafazimbaldi.com.br\/novo\"],\"url\":\"https:\/\/rafazimbaldi.com.br\/novo\/author\/equiperz2018\/\"}]}<\/script>\n<!-- \/ Yoast SEO plugin. -->","_links":{"self":[{"href":"https:\/\/rafazimbaldi.com.br\/novo\/wp-json\/wp\/v2\/posts\/487"}],"collection":[{"href":"https:\/\/rafazimbaldi.com.br\/novo\/wp-json\/wp\/v2\/posts"}],"about":[{"href":"https:\/\/rafazimbaldi.com.br\/novo\/wp-json\/wp\/v2\/types\/post"}],"author":[{"embeddable":true,"href":"https:\/\/rafazimbaldi.com.br\/novo\/wp-json\/wp\/v2\/users\/2"}],"replies":[{"embeddable":true,"href":"https:\/\/rafazimbaldi.com.br\/novo\/wp-json\/wp\/v2\/comments?post=487"}],"version-history":[{"count":0,"href":"https:\/\/rafazimbaldi.com.br\/novo\/wp-json\/wp\/v2\/posts\/487\/revisions"}],"wp:featuredmedia":[{"embeddable":true,"href":"https:\/\/rafazimbaldi.com.br\/novo\/wp-json\/wp\/v2\/media\/488"}],"wp:attachment":[{"href":"https:\/\/rafazimbaldi.com.br\/novo\/wp-json\/wp\/v2\/media?parent=487"}],"wp:term":[{"taxonomy":"category","embeddable":true,"href":"https:\/\/rafazimbaldi.com.br\/novo\/wp-json\/wp\/v2\/categories?post=487"},{"taxonomy":"post_tag","embeddable":true,"href":"https:\/\/rafazimbaldi.com.br\/novo\/wp-json\/wp\/v2\/tags?post=487"}],"curies":[{"name":"wp","href":"https:\/\/api.w.org\/{rel}","templated":true}]}}