{"id":4937,"date":"2022-02-08T23:19:16","date_gmt":"2022-02-09T02:19:16","guid":{"rendered":"https:\/\/rafazimbaldi.com.br\/novo\/?p=4937"},"modified":"2022-02-08T23:22:25","modified_gmt":"2022-02-09T02:22:25","slug":"vicinal-entre-descalvado-e-santa-rita-do-passa-quatro-tera-investimentos-de-r-115-milhoes","status":"publish","type":"post","link":"https:\/\/rafazimbaldi.com.br\/novo\/vicinal-entre-descalvado-e-santa-rita-do-passa-quatro-tera-investimentos-de-r-115-milhoes\/","title":{"rendered":"Vicinal entre Descalvado e Santa Rita do Passa Quatro ter\u00e1 investimentos de R$ 11,5 milh\u00f5es"},"content":{"rendered":"\n<p>A estrada vicinal que liga os munic\u00edpios de Descalvado e Santa Rita do Passo Quatro receber\u00e1 investimento estadual de R$ 11,5 milh\u00f5es em obras de recupera\u00e7\u00e3o. O deputado estadual Rafa Zimbaldi, presidente da Comiss\u00e3o de Transportes da Assembleia Legislativa do Estado de S\u00e3o Paulo (Alesp), enviou mensagem ao prefeito Bec\u00e3o Reschini, ao vice-prefeito Diego da Global, de Descalvado, e ao prefeito de Santa Rita, Marcelo Sim\u00e3o sobre a libera\u00e7\u00e3o do recurso. &#8220;Defendi junto ao governo do Estado essa importante obra de recupera\u00e7\u00e3o da estrada, que far\u00e1 muita diferen\u00e7a para o transporte e log\u00edstica para escoar a produ\u00e7\u00e3o das usinas sucroalcooleiras da regi\u00e3o&#8221;, afirma Rafa Zimbaldi.&nbsp;<\/p>\n\n\n\n<p>Nesta fase, o programa Novas Estradas Vicinais destinar\u00e1 R$ 788 milh\u00f5es na recupera\u00e7\u00e3o e moderniza\u00e7\u00e3o de 95 estradas paulistas, totalizando mais de 800 quil\u00f4metros. Ao todo ser\u00e3o 641 obras em 6 mil quil\u00f4metros de vicinais, que v\u00e3o gerar mais de 40 mil empregos entre vagas diretas e indiretas.&nbsp;<\/p>\n\n\n\n<p><strong>Regi\u00e3o Metropolitana de Campinas <br><\/strong><br>Rafa Zimbaldi lembrou ainda as obras nas estradas vicinais nos munic\u00edpios de Campinas, Monte Mor, Sumar\u00e9, Valinhos, Paul\u00ednia e Pedreira. Na regi\u00e3o, ao todos ser\u00e3o 39 quil\u00f4metros de novas rodovias vicinais nos seis munic\u00edpios: Estrada do Rio Acima, em Campinas (7,9 km), Estrada do Rio Acima, em Monte Mor (13,2 km ), Estrada Mineko Ito, em Sumar\u00e9 (4,3 km), Estrada VLH-374, em Valinhos (3,8 km), Vicinal Fioravante Carlotti, em Pedreira (5,3 km) e Vicinal Constante Pavan, em Paul\u00ednia (4,6 km).<\/p>\n\n\n\n<p>&#8220;As nossas estradas vicinais s\u00e3o de suma import\u00e2ncia para garantirmos o escoamento da produ\u00e7\u00e3o agr\u00edcola e com isso movimentamos a economia do nosso Estado e dos munic\u00edpios&#8221;, disse Rafa Zimbaldi, destacando ainda o deslocamento das pessoas entre as cidades da regi\u00e3o e a conex\u00e3o entre os centros urbanos, que d\u00e3o acesso a servi\u00e7os importantes como sa\u00fade e educa\u00e7\u00e3o.<\/p>\n","protected":false},"excerpt":{"rendered":"<p>A estrada vicinal que liga os munic\u00edpios de Descalvado e Santa Rita do Passo Quatro receber\u00e1 investimento estadual de R$ 11,5 milh\u00f5es em obras de recupera\u00e7\u00e3o. O deputado estadual Rafa Zimbaldi, presidente da Comiss\u00e3o de Transportes da Assembleia Legislativa do Estado de S\u00e3o Paulo (Alesp), enviou mensagem ao prefeito Bec\u00e3o Reschini, ao vice-prefeito Diego da [&hellip;]<\/p>\n","protected":false},"author":2,"featured_media":4938,"comment_status":"open","ping_status":"open","sticky":false,"template":"","format":"standard","meta":{"_monsterinsights_skip_tracking":false,"_monsterinsights_sitenote_active":false,"_monsterinsights_sitenote_note":"","_monsterinsights_sitenote_category":0},"categories":[1],"tags":[362,364,15,363],"yoast_head":"<!-- This site is optimized with the Yoast SEO plugin v16.5 - https:\/\/yoast.com\/wordpress\/plugins\/seo\/ -->\n<title>Vicinal entre Descalvado e Santa Rita do Passa Quatro ter\u00e1 investimentos de R$ 11,5 milh\u00f5es - Rafa Zimbaldi<\/title>\n<meta name=\"robots\" content=\"index, follow, max-snippet:-1, max-image-preview:large, max-video-preview:-1\" \/>\n<link rel=\"canonical\" href=\"https:\/\/rafazimbaldi.com.br\/novo\/vicinal-entre-descalvado-e-santa-rita-do-passa-quatro-tera-investimentos-de-r-115-milhoes\/\" \/>\n<meta property=\"og:locale\" content=\"pt_BR\" \/>\n<meta property=\"og:type\" content=\"article\" \/>\n<meta property=\"og:title\" content=\"Vicinal entre Descalvado e Santa Rita do Passa Quatro ter\u00e1 investimentos de R$ 11,5 milh\u00f5es - Rafa Zimbaldi\" \/>\n<meta property=\"og:description\" content=\"A estrada vicinal que liga os munic\u00edpios de Descalvado e Santa Rita do Passo Quatro receber\u00e1 investimento estadual de R$ 11,5 milh\u00f5es em obras de recupera\u00e7\u00e3o. O deputado estadual Rafa Zimbaldi, presidente da Comiss\u00e3o de Transportes da Assembleia Legislativa do Estado de S\u00e3o Paulo (Alesp), enviou mensagem ao prefeito Bec\u00e3o Reschini, ao vice-prefeito Diego da [&hellip;]\" \/>\n<meta property=\"og:url\" content=\"https:\/\/rafazimbaldi.com.br\/novo\/vicinal-entre-descalvado-e-santa-rita-do-passa-quatro-tera-investimentos-de-r-115-milhoes\/\" \/>\n<meta property=\"og:site_name\" content=\"Rafa Zimbaldi\" \/>\n<meta property=\"article:published_time\" content=\"2022-02-09T02:19:16+00:00\" \/>\n<meta property=\"article:modified_time\" content=\"2022-02-09T02:22:25+00:00\" \/>\n<meta property=\"og:image\" content=\"https:\/\/rafazimbaldi.com.br\/novo\/wp-content\/uploads\/2022\/02\/estrada-descalvado.png\" \/>\n\t<meta property=\"og:image:width\" content=\"941\" \/>\n\t<meta property=\"og:image:height\" content=\"501\" \/>\n<meta name=\"twitter:card\" content=\"summary_large_image\" \/>\n<meta name=\"twitter:label1\" content=\"Est. tempo de leitura\" \/>\n\t<meta name=\"twitter:data1\" content=\"2 minutos\" \/>\n<script type=\"application\/ld+json\" class=\"yoast-schema-graph\">{\"@context\":\"https:\/\/schema.org\",\"@graph\":[{\"@type\":\"WebSite\",\"@id\":\"https:\/\/rafazimbaldi.com.br\/novo\/#website\",\"url\":\"https:\/\/rafazimbaldi.com.br\/novo\/\",\"name\":\"Rafa Zimbaldi\",\"description\":\"Deputado Estadual \",\"potentialAction\":[{\"@type\":\"SearchAction\",\"target\":\"https:\/\/rafazimbaldi.com.br\/novo\/?s={search_term_string}\",\"query-input\":\"required name=search_term_string\"}],\"inLanguage\":\"pt-BR\"},{\"@type\":\"ImageObject\",\"@id\":\"https:\/\/rafazimbaldi.com.br\/novo\/vicinal-entre-descalvado-e-santa-rita-do-passa-quatro-tera-investimentos-de-r-115-milhoes\/#primaryimage\",\"inLanguage\":\"pt-BR\",\"url\":\"https:\/\/rafazimbaldi.com.br\/novo\/wp-content\/uploads\/2022\/02\/estrada-descalvado.png\",\"contentUrl\":\"https:\/\/rafazimbaldi.com.br\/novo\/wp-content\/uploads\/2022\/02\/estrada-descalvado.png\",\"width\":941,\"height\":501},{\"@type\":\"WebPage\",\"@id\":\"https:\/\/rafazimbaldi.com.br\/novo\/vicinal-entre-descalvado-e-santa-rita-do-passa-quatro-tera-investimentos-de-r-115-milhoes\/#webpage\",\"url\":\"https:\/\/rafazimbaldi.com.br\/novo\/vicinal-entre-descalvado-e-santa-rita-do-passa-quatro-tera-investimentos-de-r-115-milhoes\/\",\"name\":\"Vicinal entre Descalvado e Santa Rita do Passa Quatro ter\\u00e1 investimentos de R$ 11,5 milh\\u00f5es - Rafa Zimbaldi\",\"isPartOf\":{\"@id\":\"https:\/\/rafazimbaldi.com.br\/novo\/#website\"},\"primaryImageOfPage\":{\"@id\":\"https:\/\/rafazimbaldi.com.br\/novo\/vicinal-entre-descalvado-e-santa-rita-do-passa-quatro-tera-investimentos-de-r-115-milhoes\/#primaryimage\"},\"datePublished\":\"2022-02-09T02:19:16+00:00\",\"dateModified\":\"2022-02-09T02:22:25+00:00\",\"author\":{\"@id\":\"https:\/\/rafazimbaldi.com.br\/novo\/#\/schema\/person\/4e56a44c106beb5b266f5ad8f6cb4fdc\"},\"breadcrumb\":{\"@id\":\"https:\/\/rafazimbaldi.com.br\/novo\/vicinal-entre-descalvado-e-santa-rita-do-passa-quatro-tera-investimentos-de-r-115-milhoes\/#breadcrumb\"},\"inLanguage\":\"pt-BR\",\"potentialAction\":[{\"@type\":\"ReadAction\",\"target\":[\"https:\/\/rafazimbaldi.com.br\/novo\/vicinal-entre-descalvado-e-santa-rita-do-passa-quatro-tera-investimentos-de-r-115-milhoes\/\"]}]},{\"@type\":\"BreadcrumbList\",\"@id\":\"https:\/\/rafazimbaldi.com.br\/novo\/vicinal-entre-descalvado-e-santa-rita-do-passa-quatro-tera-investimentos-de-r-115-milhoes\/#breadcrumb\",\"itemListElement\":[{\"@type\":\"ListItem\",\"position\":1,\"name\":\"In\\u00edcio\",\"item\":\"https:\/\/rafazimbaldi.com.br\/novo\/\"},{\"@type\":\"ListItem\",\"position\":2,\"name\":\"Vicinal entre Descalvado e Santa Rita do Passa Quatro ter\\u00e1 investimentos de R$ 11,5 milh\\u00f5es\"}]},{\"@type\":\"Person\",\"@id\":\"https:\/\/rafazimbaldi.com.br\/novo\/#\/schema\/person\/4e56a44c106beb5b266f5ad8f6cb4fdc\",\"name\":\"Equipe Rafa Zimbaldi\",\"image\":{\"@type\":\"ImageObject\",\"@id\":\"https:\/\/rafazimbaldi.com.br\/novo\/#personlogo\",\"inLanguage\":\"pt-BR\",\"url\":\"https:\/\/secure.gravatar.com\/avatar\/2801ef563aa18df3a7cdfd19794cfeea?s=96&d=blank&r=g\",\"contentUrl\":\"https:\/\/secure.gravatar.com\/avatar\/2801ef563aa18df3a7cdfd19794cfeea?s=96&d=blank&r=g\",\"caption\":\"Equipe Rafa Zimbaldi\"},\"sameAs\":[\"http:\/\/rafazimbaldi.com.br\/novo\"],\"url\":\"https:\/\/rafazimbaldi.com.br\/novo\/author\/equiperz2018\/\"}]}<\/script>\n<!-- \/ Yoast SEO plugin. -->","_links":{"self":[{"href":"https:\/\/rafazimbaldi.com.br\/novo\/wp-json\/wp\/v2\/posts\/4937"}],"collection":[{"href":"https:\/\/rafazimbaldi.com.br\/novo\/wp-json\/wp\/v2\/posts"}],"about":[{"href":"https:\/\/rafazimbaldi.com.br\/novo\/wp-json\/wp\/v2\/types\/post"}],"author":[{"embeddable":true,"href":"https:\/\/rafazimbaldi.com.br\/novo\/wp-json\/wp\/v2\/users\/2"}],"replies":[{"embeddable":true,"href":"https:\/\/rafazimbaldi.com.br\/novo\/wp-json\/wp\/v2\/comments?post=4937"}],"version-history":[{"count":3,"href":"https:\/\/rafazimbaldi.com.br\/novo\/wp-json\/wp\/v2\/posts\/4937\/revisions"}],"predecessor-version":[{"id":4942,"href":"https:\/\/rafazimbaldi.com.br\/novo\/wp-json\/wp\/v2\/posts\/4937\/revisions\/4942"}],"wp:featuredmedia":[{"embeddable":true,"href":"https:\/\/rafazimbaldi.com.br\/novo\/wp-json\/wp\/v2\/media\/4938"}],"wp:attachment":[{"href":"https:\/\/rafazimbaldi.com.br\/novo\/wp-json\/wp\/v2\/media?parent=4937"}],"wp:term":[{"taxonomy":"category","embeddable":true,"href":"https:\/\/rafazimbaldi.com.br\/novo\/wp-json\/wp\/v2\/categories?post=4937"},{"taxonomy":"post_tag","embeddable":true,"href":"https:\/\/rafazimbaldi.com.br\/novo\/wp-json\/wp\/v2\/tags?post=4937"}],"curies":[{"name":"wp","href":"https:\/\/api.w.org\/{rel}","templated":true}]}}