{"id":4943,"date":"2022-02-08T23:53:50","date_gmt":"2022-02-09T02:53:50","guid":{"rendered":"https:\/\/rafazimbaldi.com.br\/novo\/?p=4943"},"modified":"2022-02-09T00:00:43","modified_gmt":"2022-02-09T03:00:43","slug":"rafa-zimbaldi-conquista-veiculo-para-ong-de-campinas","status":"publish","type":"post","link":"https:\/\/rafazimbaldi.com.br\/novo\/rafa-zimbaldi-conquista-veiculo-para-ong-de-campinas\/","title":{"rendered":"Rafa Zimbaldi conquista ve\u00edculo para ONG de Campinas"},"content":{"rendered":"\n<p>O deputado estadual Rafa Zimbaldi conquistou para o COF Campinas (Centro de Orienta\u00e7\u00e3o Familiar) de Campinas, institui\u00e7\u00e3o que presta um trabalho essencial para quem mais precisa de apoio, um novo ve\u00edculo que servir\u00e1 aos servi\u00e7os prestados pela institui\u00e7\u00e3o na cidade. &#8220;Parab\u00e9ns a todos os volunt\u00e1rios e volunt\u00e1rias do COF Campinas e ao presidente Reuber\u00a0Luiz Boschini e Paulo Roberto Vieira pelo trabalho. Tamb\u00e9m quero agradecer o apoio do padre Luiz Roberto Teixeira Di Lascio e do vereador da nossa cidade, Jorge Schneider&#8221;, disse Rafa.<br><br>O COF \u00e9 uma Organiza\u00e7\u00e3o da Sociedade Civil de Campinas que trabalha ativamente em diversas frentes para promover o bem estar f\u00edsico, e mental dos cidad\u00e3os junto \u00e0 suas fam\u00edlias, pilares fundamentais de nossa sociedade. <br><br>Fundado em 1968, o COF atua nos \u00e2mbitos social e religioso a fim de fortalecer v\u00ednculos s\u00f3cio-afetivos, a entidade \u00e9 ligada \u00e0 igreja cat\u00f3lica em a\u00e7\u00f5es religiosas, como Encontros de Casais com Cristo (ECC) e Encontro de Jovens (Joca).<\/p>\n\n\n\n<p>No COF todos os servi\u00e7os e atividades s\u00e3o ofertados gratuitamente e por trabalhar nas causas sociais. A institui\u00e7\u00e3o tem a certifica\u00e7\u00e3o do CMAS (Conselho Municipal da Assist\u00eancia Social) e CMDCA (Conselho Municipal da Crian\u00e7a e do Adolescente) e o reconhecimento de utilidade p\u00fablica, conforme leis municipal n\u00ba 4381 de 27\/03\/1974, estadual n\u00ba 720 de 24\/10\/1975 e federal n\u00ba 95618 de 18\/01\/1988.<\/p>\n","protected":false},"excerpt":{"rendered":"<p>O deputado estadual Rafa Zimbaldi conquistou para o COF Campinas (Centro de Orienta\u00e7\u00e3o Familiar) de Campinas, institui\u00e7\u00e3o que presta um trabalho essencial para quem mais precisa de apoio, um novo ve\u00edculo que servir\u00e1 aos servi\u00e7os prestados pela institui\u00e7\u00e3o na cidade. &#8220;Parab\u00e9ns a todos os volunt\u00e1rios e volunt\u00e1rias do COF Campinas e ao presidente Reuber\u00a0Luiz Boschini [&hellip;]<\/p>\n","protected":false},"author":2,"featured_media":4944,"comment_status":"open","ping_status":"open","sticky":false,"template":"","format":"standard","meta":{"_monsterinsights_skip_tracking":false,"_monsterinsights_sitenote_active":false,"_monsterinsights_sitenote_note":"","_monsterinsights_sitenote_category":0},"categories":[1],"tags":[365],"yoast_head":"<!-- This site is optimized with the Yoast SEO plugin v16.5 - https:\/\/yoast.com\/wordpress\/plugins\/seo\/ -->\n<title>Rafa Zimbaldi conquista ve\u00edculo para ONG de Campinas - Rafa Zimbaldi<\/title>\n<meta name=\"robots\" content=\"index, follow, max-snippet:-1, max-image-preview:large, max-video-preview:-1\" \/>\n<link rel=\"canonical\" href=\"https:\/\/rafazimbaldi.com.br\/novo\/rafa-zimbaldi-conquista-veiculo-para-ong-de-campinas\/\" \/>\n<meta property=\"og:locale\" content=\"pt_BR\" \/>\n<meta property=\"og:type\" content=\"article\" \/>\n<meta property=\"og:title\" content=\"Rafa Zimbaldi conquista ve\u00edculo para ONG de Campinas - Rafa Zimbaldi\" \/>\n<meta property=\"og:description\" content=\"O deputado estadual Rafa Zimbaldi conquistou para o COF Campinas (Centro de Orienta\u00e7\u00e3o Familiar) de Campinas, institui\u00e7\u00e3o que presta um trabalho essencial para quem mais precisa de apoio, um novo ve\u00edculo que servir\u00e1 aos servi\u00e7os prestados pela institui\u00e7\u00e3o na cidade. &#8220;Parab\u00e9ns a todos os volunt\u00e1rios e volunt\u00e1rias do COF Campinas e ao presidente Reuber\u00a0Luiz Boschini [&hellip;]\" \/>\n<meta property=\"og:url\" content=\"https:\/\/rafazimbaldi.com.br\/novo\/rafa-zimbaldi-conquista-veiculo-para-ong-de-campinas\/\" \/>\n<meta property=\"og:site_name\" content=\"Rafa Zimbaldi\" \/>\n<meta property=\"article:published_time\" content=\"2022-02-09T02:53:50+00:00\" \/>\n<meta property=\"article:modified_time\" content=\"2022-02-09T03:00:43+00:00\" \/>\n<meta property=\"og:image\" content=\"https:\/\/rafazimbaldi.com.br\/novo\/wp-content\/uploads\/2022\/02\/cof.png\" \/>\n\t<meta property=\"og:image:width\" content=\"941\" \/>\n\t<meta property=\"og:image:height\" content=\"501\" \/>\n<meta name=\"twitter:card\" content=\"summary_large_image\" \/>\n<meta name=\"twitter:label1\" content=\"Est. tempo de leitura\" \/>\n\t<meta name=\"twitter:data1\" content=\"1 minuto\" \/>\n<script type=\"application\/ld+json\" class=\"yoast-schema-graph\">{\"@context\":\"https:\/\/schema.org\",\"@graph\":[{\"@type\":\"WebSite\",\"@id\":\"https:\/\/rafazimbaldi.com.br\/novo\/#website\",\"url\":\"https:\/\/rafazimbaldi.com.br\/novo\/\",\"name\":\"Rafa Zimbaldi\",\"description\":\"Deputado Estadual \",\"potentialAction\":[{\"@type\":\"SearchAction\",\"target\":\"https:\/\/rafazimbaldi.com.br\/novo\/?s={search_term_string}\",\"query-input\":\"required name=search_term_string\"}],\"inLanguage\":\"pt-BR\"},{\"@type\":\"ImageObject\",\"@id\":\"https:\/\/rafazimbaldi.com.br\/novo\/rafa-zimbaldi-conquista-veiculo-para-ong-de-campinas\/#primaryimage\",\"inLanguage\":\"pt-BR\",\"url\":\"https:\/\/rafazimbaldi.com.br\/novo\/wp-content\/uploads\/2022\/02\/cof.png\",\"contentUrl\":\"https:\/\/rafazimbaldi.com.br\/novo\/wp-content\/uploads\/2022\/02\/cof.png\",\"width\":941,\"height\":501},{\"@type\":\"WebPage\",\"@id\":\"https:\/\/rafazimbaldi.com.br\/novo\/rafa-zimbaldi-conquista-veiculo-para-ong-de-campinas\/#webpage\",\"url\":\"https:\/\/rafazimbaldi.com.br\/novo\/rafa-zimbaldi-conquista-veiculo-para-ong-de-campinas\/\",\"name\":\"Rafa Zimbaldi conquista ve\\u00edculo para ONG de Campinas - Rafa Zimbaldi\",\"isPartOf\":{\"@id\":\"https:\/\/rafazimbaldi.com.br\/novo\/#website\"},\"primaryImageOfPage\":{\"@id\":\"https:\/\/rafazimbaldi.com.br\/novo\/rafa-zimbaldi-conquista-veiculo-para-ong-de-campinas\/#primaryimage\"},\"datePublished\":\"2022-02-09T02:53:50+00:00\",\"dateModified\":\"2022-02-09T03:00:43+00:00\",\"author\":{\"@id\":\"https:\/\/rafazimbaldi.com.br\/novo\/#\/schema\/person\/4e56a44c106beb5b266f5ad8f6cb4fdc\"},\"breadcrumb\":{\"@id\":\"https:\/\/rafazimbaldi.com.br\/novo\/rafa-zimbaldi-conquista-veiculo-para-ong-de-campinas\/#breadcrumb\"},\"inLanguage\":\"pt-BR\",\"potentialAction\":[{\"@type\":\"ReadAction\",\"target\":[\"https:\/\/rafazimbaldi.com.br\/novo\/rafa-zimbaldi-conquista-veiculo-para-ong-de-campinas\/\"]}]},{\"@type\":\"BreadcrumbList\",\"@id\":\"https:\/\/rafazimbaldi.com.br\/novo\/rafa-zimbaldi-conquista-veiculo-para-ong-de-campinas\/#breadcrumb\",\"itemListElement\":[{\"@type\":\"ListItem\",\"position\":1,\"name\":\"In\\u00edcio\",\"item\":\"https:\/\/rafazimbaldi.com.br\/novo\/\"},{\"@type\":\"ListItem\",\"position\":2,\"name\":\"Rafa Zimbaldi conquista ve\\u00edculo para ONG de Campinas\"}]},{\"@type\":\"Person\",\"@id\":\"https:\/\/rafazimbaldi.com.br\/novo\/#\/schema\/person\/4e56a44c106beb5b266f5ad8f6cb4fdc\",\"name\":\"Equipe Rafa Zimbaldi\",\"image\":{\"@type\":\"ImageObject\",\"@id\":\"https:\/\/rafazimbaldi.com.br\/novo\/#personlogo\",\"inLanguage\":\"pt-BR\",\"url\":\"https:\/\/secure.gravatar.com\/avatar\/2801ef563aa18df3a7cdfd19794cfeea?s=96&d=blank&r=g\",\"contentUrl\":\"https:\/\/secure.gravatar.com\/avatar\/2801ef563aa18df3a7cdfd19794cfeea?s=96&d=blank&r=g\",\"caption\":\"Equipe Rafa Zimbaldi\"},\"sameAs\":[\"http:\/\/rafazimbaldi.com.br\/novo\"],\"url\":\"https:\/\/rafazimbaldi.com.br\/novo\/author\/equiperz2018\/\"}]}<\/script>\n<!-- \/ Yoast SEO plugin. -->","_links":{"self":[{"href":"https:\/\/rafazimbaldi.com.br\/novo\/wp-json\/wp\/v2\/posts\/4943"}],"collection":[{"href":"https:\/\/rafazimbaldi.com.br\/novo\/wp-json\/wp\/v2\/posts"}],"about":[{"href":"https:\/\/rafazimbaldi.com.br\/novo\/wp-json\/wp\/v2\/types\/post"}],"author":[{"embeddable":true,"href":"https:\/\/rafazimbaldi.com.br\/novo\/wp-json\/wp\/v2\/users\/2"}],"replies":[{"embeddable":true,"href":"https:\/\/rafazimbaldi.com.br\/novo\/wp-json\/wp\/v2\/comments?post=4943"}],"version-history":[{"count":3,"href":"https:\/\/rafazimbaldi.com.br\/novo\/wp-json\/wp\/v2\/posts\/4943\/revisions"}],"predecessor-version":[{"id":4948,"href":"https:\/\/rafazimbaldi.com.br\/novo\/wp-json\/wp\/v2\/posts\/4943\/revisions\/4948"}],"wp:featuredmedia":[{"embeddable":true,"href":"https:\/\/rafazimbaldi.com.br\/novo\/wp-json\/wp\/v2\/media\/4944"}],"wp:attachment":[{"href":"https:\/\/rafazimbaldi.com.br\/novo\/wp-json\/wp\/v2\/media?parent=4943"}],"wp:term":[{"taxonomy":"category","embeddable":true,"href":"https:\/\/rafazimbaldi.com.br\/novo\/wp-json\/wp\/v2\/categories?post=4943"},{"taxonomy":"post_tag","embeddable":true,"href":"https:\/\/rafazimbaldi.com.br\/novo\/wp-json\/wp\/v2\/tags?post=4943"}],"curies":[{"name":"wp","href":"https:\/\/api.w.org\/{rel}","templated":true}]}}