{"id":4949,"date":"2022-02-09T02:03:41","date_gmt":"2022-02-09T05:03:41","guid":{"rendered":"https:\/\/rafazimbaldi.com.br\/novo\/?p=4949"},"modified":"2022-02-09T02:03:43","modified_gmt":"2022-02-09T05:03:43","slug":"rafa-repudia-decisao-da-prefeitura-de-campinas-sobre-distribuicao-de-alimentos","status":"publish","type":"post","link":"https:\/\/rafazimbaldi.com.br\/novo\/rafa-repudia-decisao-da-prefeitura-de-campinas-sobre-distribuicao-de-alimentos\/","title":{"rendered":"Rafa repudia decis\u00e3o da Prefeitura de Campinas sobre distribui\u00e7\u00e3o de alimentos"},"content":{"rendered":"\n<p>O deputado estadual Rafa Zimbaldi (PL) se manifestou nesta ter\u00e7a-feira (8) <a href=\"https:\/\/www.instagram.com\/p\/CZuSth5gnAQ\/\">em suas redes sociais<\/a> com v\u00eddeo de rep\u00fadio \u00e0 decis\u00e3o do prefeito de Campinas de burocratizar a distribui\u00e7\u00e3o de alimentos por volunt\u00e1rios \u00e0 popula\u00e7\u00e3o em situa\u00e7\u00e3o de rua da cidade.\u00a0<br><br>&#8220;Ao inv\u00e9s da Secretaria de Assist\u00eancia Social fazer um trabalho de resgate a essas pessoas, a Prefeitura simplesmente pro\u00edbe entidades, sejam elas religiosas ou n\u00e3o de fazer o benef\u00edcio a essas pessoas, o m\u00ednimo a essas pessoas, que \u00e9 levar um prato de alimento. Fica aqui o meu rep\u00fadio a essa administra\u00e7\u00e3o e ao prefeito&#8221;, disse Rafa no v\u00eddeo.<\/p>\n\n\n\n<p>No post publicado nas suas redes, o deputado completou: &#8220;J\u00e1 n\u00e3o basta a luta di\u00e1ria dessas pessoas contra a fome? O decreto publicado chega ao absurdo e o Minist\u00e9rio P\u00fablico em S\u00e3o Paulo (MP-SP) abriu um inqu\u00e9rito para apurar poss\u00edvel viola\u00e7\u00e3o de direitos humanos. A Defensoria P\u00fablica em S\u00e3o Paulo tamb\u00e9m foi acionada para analisar o caso.&#8221;<\/p>\n\n\n\n<figure class=\"wp-block-embed is-type-video is-provider-youtube wp-block-embed-youtube wp-embed-aspect-16-9 wp-has-aspect-ratio\"><div class=\"wp-block-embed__wrapper\">\n<iframe loading=\"lazy\" title=\"Rafa Zimbaldi repudia decis\u00e3o da Prefeitura de Campinas sobre distribui\u00e7\u00e3o de alimentos\" width=\"500\" height=\"281\" src=\"https:\/\/www.youtube.com\/embed\/8fi4U8ihhuc?feature=oembed&amp;wmode=opaque\" frameborder=\"0\" allow=\"accelerometer; autoplay; clipboard-write; encrypted-media; gyroscope; picture-in-picture\" allowfullscreen><\/iframe>\n<\/div><\/figure>\n","protected":false},"excerpt":{"rendered":"<p>O deputado estadual Rafa Zimbaldi (PL) se manifestou nesta ter\u00e7a-feira (8) em suas redes sociais com v\u00eddeo de rep\u00fadio \u00e0 decis\u00e3o do prefeito de Campinas de burocratizar a distribui\u00e7\u00e3o de alimentos por volunt\u00e1rios \u00e0 popula\u00e7\u00e3o em situa\u00e7\u00e3o de rua da cidade.\u00a0 &#8220;Ao inv\u00e9s da Secretaria de Assist\u00eancia Social fazer um trabalho de resgate a essas [&hellip;]<\/p>\n","protected":false},"author":2,"featured_media":4950,"comment_status":"open","ping_status":"open","sticky":false,"template":"","format":"standard","meta":{"_monsterinsights_skip_tracking":false,"_monsterinsights_sitenote_active":false,"_monsterinsights_sitenote_note":"","_monsterinsights_sitenote_category":0},"categories":[1],"tags":[366,28,368,367],"yoast_head":"<!-- This site is optimized with the Yoast SEO plugin v16.5 - https:\/\/yoast.com\/wordpress\/plugins\/seo\/ -->\n<title>Rafa repudia decis\u00e3o da Prefeitura de Campinas sobre distribui\u00e7\u00e3o de alimentos - Rafa Zimbaldi<\/title>\n<meta name=\"robots\" content=\"index, follow, max-snippet:-1, max-image-preview:large, max-video-preview:-1\" \/>\n<link rel=\"canonical\" href=\"https:\/\/rafazimbaldi.com.br\/novo\/rafa-repudia-decisao-da-prefeitura-de-campinas-sobre-distribuicao-de-alimentos\/\" \/>\n<meta property=\"og:locale\" content=\"pt_BR\" \/>\n<meta property=\"og:type\" content=\"article\" \/>\n<meta property=\"og:title\" content=\"Rafa repudia decis\u00e3o da Prefeitura de Campinas sobre distribui\u00e7\u00e3o de alimentos - Rafa Zimbaldi\" \/>\n<meta property=\"og:description\" content=\"O deputado estadual Rafa Zimbaldi (PL) se manifestou nesta ter\u00e7a-feira (8) em suas redes sociais com v\u00eddeo de rep\u00fadio \u00e0 decis\u00e3o do prefeito de Campinas de burocratizar a distribui\u00e7\u00e3o de alimentos por volunt\u00e1rios \u00e0 popula\u00e7\u00e3o em situa\u00e7\u00e3o de rua da cidade.\u00a0 &#8220;Ao inv\u00e9s da Secretaria de Assist\u00eancia Social fazer um trabalho de resgate a essas [&hellip;]\" \/>\n<meta property=\"og:url\" content=\"https:\/\/rafazimbaldi.com.br\/novo\/rafa-repudia-decisao-da-prefeitura-de-campinas-sobre-distribuicao-de-alimentos\/\" \/>\n<meta property=\"og:site_name\" content=\"Rafa Zimbaldi\" \/>\n<meta property=\"article:published_time\" content=\"2022-02-09T05:03:41+00:00\" \/>\n<meta property=\"article:modified_time\" content=\"2022-02-09T05:03:43+00:00\" \/>\n<meta property=\"og:image\" content=\"https:\/\/rafazimbaldi.com.br\/novo\/wp-content\/uploads\/2022\/02\/video-vertical-Video.png\" \/>\n\t<meta property=\"og:image:width\" content=\"1920\" \/>\n\t<meta property=\"og:image:height\" content=\"1080\" \/>\n<meta name=\"twitter:card\" content=\"summary_large_image\" \/>\n<meta name=\"twitter:label1\" content=\"Est. tempo de leitura\" \/>\n\t<meta name=\"twitter:data1\" content=\"1 minuto\" \/>\n<script type=\"application\/ld+json\" class=\"yoast-schema-graph\">{\"@context\":\"https:\/\/schema.org\",\"@graph\":[{\"@type\":\"WebSite\",\"@id\":\"https:\/\/rafazimbaldi.com.br\/novo\/#website\",\"url\":\"https:\/\/rafazimbaldi.com.br\/novo\/\",\"name\":\"Rafa Zimbaldi\",\"description\":\"Deputado Estadual \",\"potentialAction\":[{\"@type\":\"SearchAction\",\"target\":\"https:\/\/rafazimbaldi.com.br\/novo\/?s={search_term_string}\",\"query-input\":\"required name=search_term_string\"}],\"inLanguage\":\"pt-BR\"},{\"@type\":\"ImageObject\",\"@id\":\"https:\/\/rafazimbaldi.com.br\/novo\/rafa-repudia-decisao-da-prefeitura-de-campinas-sobre-distribuicao-de-alimentos\/#primaryimage\",\"inLanguage\":\"pt-BR\",\"url\":\"https:\/\/rafazimbaldi.com.br\/novo\/wp-content\/uploads\/2022\/02\/video-vertical-Video.png\",\"contentUrl\":\"https:\/\/rafazimbaldi.com.br\/novo\/wp-content\/uploads\/2022\/02\/video-vertical-Video.png\",\"width\":1920,\"height\":1080},{\"@type\":\"WebPage\",\"@id\":\"https:\/\/rafazimbaldi.com.br\/novo\/rafa-repudia-decisao-da-prefeitura-de-campinas-sobre-distribuicao-de-alimentos\/#webpage\",\"url\":\"https:\/\/rafazimbaldi.com.br\/novo\/rafa-repudia-decisao-da-prefeitura-de-campinas-sobre-distribuicao-de-alimentos\/\",\"name\":\"Rafa repudia decis\\u00e3o da Prefeitura de Campinas sobre distribui\\u00e7\\u00e3o de alimentos - Rafa Zimbaldi\",\"isPartOf\":{\"@id\":\"https:\/\/rafazimbaldi.com.br\/novo\/#website\"},\"primaryImageOfPage\":{\"@id\":\"https:\/\/rafazimbaldi.com.br\/novo\/rafa-repudia-decisao-da-prefeitura-de-campinas-sobre-distribuicao-de-alimentos\/#primaryimage\"},\"datePublished\":\"2022-02-09T05:03:41+00:00\",\"dateModified\":\"2022-02-09T05:03:43+00:00\",\"author\":{\"@id\":\"https:\/\/rafazimbaldi.com.br\/novo\/#\/schema\/person\/4e56a44c106beb5b266f5ad8f6cb4fdc\"},\"breadcrumb\":{\"@id\":\"https:\/\/rafazimbaldi.com.br\/novo\/rafa-repudia-decisao-da-prefeitura-de-campinas-sobre-distribuicao-de-alimentos\/#breadcrumb\"},\"inLanguage\":\"pt-BR\",\"potentialAction\":[{\"@type\":\"ReadAction\",\"target\":[\"https:\/\/rafazimbaldi.com.br\/novo\/rafa-repudia-decisao-da-prefeitura-de-campinas-sobre-distribuicao-de-alimentos\/\"]}]},{\"@type\":\"BreadcrumbList\",\"@id\":\"https:\/\/rafazimbaldi.com.br\/novo\/rafa-repudia-decisao-da-prefeitura-de-campinas-sobre-distribuicao-de-alimentos\/#breadcrumb\",\"itemListElement\":[{\"@type\":\"ListItem\",\"position\":1,\"name\":\"In\\u00edcio\",\"item\":\"https:\/\/rafazimbaldi.com.br\/novo\/\"},{\"@type\":\"ListItem\",\"position\":2,\"name\":\"Rafa repudia decis\\u00e3o da Prefeitura de Campinas sobre distribui\\u00e7\\u00e3o de alimentos\"}]},{\"@type\":\"Person\",\"@id\":\"https:\/\/rafazimbaldi.com.br\/novo\/#\/schema\/person\/4e56a44c106beb5b266f5ad8f6cb4fdc\",\"name\":\"Equipe Rafa Zimbaldi\",\"image\":{\"@type\":\"ImageObject\",\"@id\":\"https:\/\/rafazimbaldi.com.br\/novo\/#personlogo\",\"inLanguage\":\"pt-BR\",\"url\":\"https:\/\/secure.gravatar.com\/avatar\/2801ef563aa18df3a7cdfd19794cfeea?s=96&d=blank&r=g\",\"contentUrl\":\"https:\/\/secure.gravatar.com\/avatar\/2801ef563aa18df3a7cdfd19794cfeea?s=96&d=blank&r=g\",\"caption\":\"Equipe Rafa Zimbaldi\"},\"sameAs\":[\"http:\/\/rafazimbaldi.com.br\/novo\"],\"url\":\"https:\/\/rafazimbaldi.com.br\/novo\/author\/equiperz2018\/\"}]}<\/script>\n<!-- \/ Yoast SEO plugin. -->","_links":{"self":[{"href":"https:\/\/rafazimbaldi.com.br\/novo\/wp-json\/wp\/v2\/posts\/4949"}],"collection":[{"href":"https:\/\/rafazimbaldi.com.br\/novo\/wp-json\/wp\/v2\/posts"}],"about":[{"href":"https:\/\/rafazimbaldi.com.br\/novo\/wp-json\/wp\/v2\/types\/post"}],"author":[{"embeddable":true,"href":"https:\/\/rafazimbaldi.com.br\/novo\/wp-json\/wp\/v2\/users\/2"}],"replies":[{"embeddable":true,"href":"https:\/\/rafazimbaldi.com.br\/novo\/wp-json\/wp\/v2\/comments?post=4949"}],"version-history":[{"count":1,"href":"https:\/\/rafazimbaldi.com.br\/novo\/wp-json\/wp\/v2\/posts\/4949\/revisions"}],"predecessor-version":[{"id":4951,"href":"https:\/\/rafazimbaldi.com.br\/novo\/wp-json\/wp\/v2\/posts\/4949\/revisions\/4951"}],"wp:featuredmedia":[{"embeddable":true,"href":"https:\/\/rafazimbaldi.com.br\/novo\/wp-json\/wp\/v2\/media\/4950"}],"wp:attachment":[{"href":"https:\/\/rafazimbaldi.com.br\/novo\/wp-json\/wp\/v2\/media?parent=4949"}],"wp:term":[{"taxonomy":"category","embeddable":true,"href":"https:\/\/rafazimbaldi.com.br\/novo\/wp-json\/wp\/v2\/categories?post=4949"},{"taxonomy":"post_tag","embeddable":true,"href":"https:\/\/rafazimbaldi.com.br\/novo\/wp-json\/wp\/v2\/tags?post=4949"}],"curies":[{"name":"wp","href":"https:\/\/api.w.org\/{rel}","templated":true}]}}