{"id":4952,"date":"2022-02-09T02:20:50","date_gmt":"2022-02-09T05:20:50","guid":{"rendered":"https:\/\/rafazimbaldi.com.br\/novo\/?p=4952"},"modified":"2022-02-09T02:20:53","modified_gmt":"2022-02-09T05:20:53","slug":"rafa-zimbaldi-faz-denuncia-no-mp-contra-o-prefeito-de-campinas","status":"publish","type":"post","link":"https:\/\/rafazimbaldi.com.br\/novo\/rafa-zimbaldi-faz-denuncia-no-mp-contra-o-prefeito-de-campinas\/","title":{"rendered":"Rafa Zimbaldi faz den\u00fancia no MP contra o prefeito de Campinas"},"content":{"rendered":"\n<p>O deputado estadual Rafa Zimbaldi protocolou na segunda-feira (24), no Minist\u00e9rio P\u00fablico de Campinas, uma representa\u00e7\u00e3o contra o prefeito D\u00e1rio Saadi e o diretor municipal do Departamento de Moderniza\u00e7\u00e3o da Gest\u00e3o, Cl\u00e1udio Qu\u00e9rcia Soares.<br><br>Rafa Zimbaldi afirma no documento que o prefeito e o diretor devem esclarecer \u00e0 Justi\u00e7a porque a Prefeitura est\u00e1 pagando valores mensais de R$ 100 mil pelo aluguel do espa\u00e7o do antigo Hospital Metropolitano de Campinas.<\/p>\n\n\n\n<p>Rafa Zimbaldi destaca que a decis\u00e3o do prefeito da cidade de arcar com aluguel de cerca de R$ 100 mil, gerando R$ 1,2 milh\u00e3o por ano de custos extras para a Prefeitura causa espanto. &#8220;Obtive junto ao governo do Estado a libera\u00e7\u00e3o de verba p\u00fablica e condi\u00e7\u00f5es para viabilizar outro im\u00f3vel sem custos para a Prefeitura. Infelizmente o prefeito preferiu gerar mais d\u00edvida para a cidade com o aluguel de R$ 100 mil por m\u00eas. Isso \u00e9 inexplic\u00e1vel&#8221;, afirma.<br><br>Em v\u00eddeo divulgado em suas redes sociais, Rafa Zimbaldi afirma que a Prefeitura tentou fazer com que ele assinasse um termo de confidencialidade para que tivesse acesso aos documentos relacionados \u00e0 loca\u00e7\u00e3o. &#8220;Eu n\u00e3o assinei porque n\u00e3o poderia divulgar para a popula\u00e7\u00e3o o teor dos documentos. O dinheiro p\u00fablico n\u00e3o pertence ao prefeito, pertence \u00e0 popula\u00e7\u00e3o&#8221;, disse Rafa.<br><br>&#8220;Os dois tamb\u00e9m s\u00e3o obrigados a explicar porque estranhamente os meus pedidos de informa\u00e7\u00e3o sobre o contrato de aluguel n\u00e3o foram respondidos. Tamb\u00e9m pe\u00e7o ao Minist\u00e9rio P\u00fablico que todas as medidas de puni\u00e7\u00e3o sejam adotadas imediatamente caso as suspeitas de irregularidades sejam comprovadas&#8221;.\u00a0<\/p>\n\n\n\n<figure class=\"wp-block-embed is-type-video is-provider-youtube wp-block-embed-youtube wp-embed-aspect-16-9 wp-has-aspect-ratio\"><div class=\"wp-block-embed__wrapper\">\n<iframe loading=\"lazy\" title=\"Rafa Zimbaldi faz den\u00fancia no MP contra o prefeito de Campinas\" width=\"500\" height=\"281\" src=\"https:\/\/www.youtube.com\/embed\/TXjHZyRMviI?feature=oembed&amp;wmode=opaque\" frameborder=\"0\" allow=\"accelerometer; autoplay; clipboard-write; encrypted-media; gyroscope; picture-in-picture\" allowfullscreen><\/iframe>\n<\/div><\/figure>\n","protected":false},"excerpt":{"rendered":"<p>O deputado estadual Rafa Zimbaldi protocolou na segunda-feira (24), no Minist\u00e9rio P\u00fablico de Campinas, uma representa\u00e7\u00e3o contra o prefeito D\u00e1rio Saadi e o diretor municipal do Departamento de Moderniza\u00e7\u00e3o da Gest\u00e3o, Cl\u00e1udio Qu\u00e9rcia Soares. Rafa Zimbaldi afirma no documento que o prefeito e o diretor devem esclarecer \u00e0 Justi\u00e7a porque a Prefeitura est\u00e1 pagando valores [&hellip;]<\/p>\n","protected":false},"author":2,"featured_media":4953,"comment_status":"open","ping_status":"open","sticky":false,"template":"","format":"standard","meta":{"_monsterinsights_skip_tracking":false,"_monsterinsights_sitenote_active":false,"_monsterinsights_sitenote_note":"","_monsterinsights_sitenote_category":0},"categories":[1],"tags":[370,369,15],"yoast_head":"<!-- This site is optimized with the Yoast SEO plugin v16.5 - https:\/\/yoast.com\/wordpress\/plugins\/seo\/ -->\n<title>Rafa Zimbaldi faz den\u00fancia no MP contra o prefeito de Campinas - Rafa Zimbaldi<\/title>\n<meta name=\"robots\" content=\"index, follow, max-snippet:-1, max-image-preview:large, max-video-preview:-1\" \/>\n<link rel=\"canonical\" href=\"https:\/\/rafazimbaldi.com.br\/novo\/rafa-zimbaldi-faz-denuncia-no-mp-contra-o-prefeito-de-campinas\/\" \/>\n<meta property=\"og:locale\" content=\"pt_BR\" \/>\n<meta property=\"og:type\" content=\"article\" \/>\n<meta property=\"og:title\" content=\"Rafa Zimbaldi faz den\u00fancia no MP contra o prefeito de Campinas - Rafa Zimbaldi\" \/>\n<meta property=\"og:description\" content=\"O deputado estadual Rafa Zimbaldi protocolou na segunda-feira (24), no Minist\u00e9rio P\u00fablico de Campinas, uma representa\u00e7\u00e3o contra o prefeito D\u00e1rio Saadi e o diretor municipal do Departamento de Moderniza\u00e7\u00e3o da Gest\u00e3o, Cl\u00e1udio Qu\u00e9rcia Soares. Rafa Zimbaldi afirma no documento que o prefeito e o diretor devem esclarecer \u00e0 Justi\u00e7a porque a Prefeitura est\u00e1 pagando valores [&hellip;]\" \/>\n<meta property=\"og:url\" content=\"https:\/\/rafazimbaldi.com.br\/novo\/rafa-zimbaldi-faz-denuncia-no-mp-contra-o-prefeito-de-campinas\/\" \/>\n<meta property=\"og:site_name\" content=\"Rafa Zimbaldi\" \/>\n<meta property=\"article:published_time\" content=\"2022-02-09T05:20:50+00:00\" \/>\n<meta property=\"article:modified_time\" content=\"2022-02-09T05:20:53+00:00\" \/>\n<meta property=\"og:image\" content=\"https:\/\/rafazimbaldi.com.br\/novo\/wp-content\/uploads\/2022\/02\/RAFA-ENTRA-NO-MINISTERIO-PUBLICO-CONTRA-PREFEITO-Video.jpg\" \/>\n\t<meta property=\"og:image:width\" content=\"1920\" \/>\n\t<meta property=\"og:image:height\" content=\"1080\" \/>\n<meta name=\"twitter:card\" content=\"summary_large_image\" \/>\n<meta name=\"twitter:label1\" content=\"Est. tempo de leitura\" \/>\n\t<meta name=\"twitter:data1\" content=\"2 minutos\" \/>\n<script type=\"application\/ld+json\" class=\"yoast-schema-graph\">{\"@context\":\"https:\/\/schema.org\",\"@graph\":[{\"@type\":\"WebSite\",\"@id\":\"https:\/\/rafazimbaldi.com.br\/novo\/#website\",\"url\":\"https:\/\/rafazimbaldi.com.br\/novo\/\",\"name\":\"Rafa Zimbaldi\",\"description\":\"Deputado Estadual \",\"potentialAction\":[{\"@type\":\"SearchAction\",\"target\":\"https:\/\/rafazimbaldi.com.br\/novo\/?s={search_term_string}\",\"query-input\":\"required name=search_term_string\"}],\"inLanguage\":\"pt-BR\"},{\"@type\":\"ImageObject\",\"@id\":\"https:\/\/rafazimbaldi.com.br\/novo\/rafa-zimbaldi-faz-denuncia-no-mp-contra-o-prefeito-de-campinas\/#primaryimage\",\"inLanguage\":\"pt-BR\",\"url\":\"https:\/\/rafazimbaldi.com.br\/novo\/wp-content\/uploads\/2022\/02\/RAFA-ENTRA-NO-MINISTERIO-PUBLICO-CONTRA-PREFEITO-Video.jpg\",\"contentUrl\":\"https:\/\/rafazimbaldi.com.br\/novo\/wp-content\/uploads\/2022\/02\/RAFA-ENTRA-NO-MINISTERIO-PUBLICO-CONTRA-PREFEITO-Video.jpg\",\"width\":1920,\"height\":1080},{\"@type\":\"WebPage\",\"@id\":\"https:\/\/rafazimbaldi.com.br\/novo\/rafa-zimbaldi-faz-denuncia-no-mp-contra-o-prefeito-de-campinas\/#webpage\",\"url\":\"https:\/\/rafazimbaldi.com.br\/novo\/rafa-zimbaldi-faz-denuncia-no-mp-contra-o-prefeito-de-campinas\/\",\"name\":\"Rafa Zimbaldi faz den\\u00fancia no MP contra o prefeito de Campinas - Rafa Zimbaldi\",\"isPartOf\":{\"@id\":\"https:\/\/rafazimbaldi.com.br\/novo\/#website\"},\"primaryImageOfPage\":{\"@id\":\"https:\/\/rafazimbaldi.com.br\/novo\/rafa-zimbaldi-faz-denuncia-no-mp-contra-o-prefeito-de-campinas\/#primaryimage\"},\"datePublished\":\"2022-02-09T05:20:50+00:00\",\"dateModified\":\"2022-02-09T05:20:53+00:00\",\"author\":{\"@id\":\"https:\/\/rafazimbaldi.com.br\/novo\/#\/schema\/person\/4e56a44c106beb5b266f5ad8f6cb4fdc\"},\"breadcrumb\":{\"@id\":\"https:\/\/rafazimbaldi.com.br\/novo\/rafa-zimbaldi-faz-denuncia-no-mp-contra-o-prefeito-de-campinas\/#breadcrumb\"},\"inLanguage\":\"pt-BR\",\"potentialAction\":[{\"@type\":\"ReadAction\",\"target\":[\"https:\/\/rafazimbaldi.com.br\/novo\/rafa-zimbaldi-faz-denuncia-no-mp-contra-o-prefeito-de-campinas\/\"]}]},{\"@type\":\"BreadcrumbList\",\"@id\":\"https:\/\/rafazimbaldi.com.br\/novo\/rafa-zimbaldi-faz-denuncia-no-mp-contra-o-prefeito-de-campinas\/#breadcrumb\",\"itemListElement\":[{\"@type\":\"ListItem\",\"position\":1,\"name\":\"In\\u00edcio\",\"item\":\"https:\/\/rafazimbaldi.com.br\/novo\/\"},{\"@type\":\"ListItem\",\"position\":2,\"name\":\"Rafa Zimbaldi faz den\\u00fancia no MP contra o prefeito de Campinas\"}]},{\"@type\":\"Person\",\"@id\":\"https:\/\/rafazimbaldi.com.br\/novo\/#\/schema\/person\/4e56a44c106beb5b266f5ad8f6cb4fdc\",\"name\":\"Equipe Rafa Zimbaldi\",\"image\":{\"@type\":\"ImageObject\",\"@id\":\"https:\/\/rafazimbaldi.com.br\/novo\/#personlogo\",\"inLanguage\":\"pt-BR\",\"url\":\"https:\/\/secure.gravatar.com\/avatar\/2801ef563aa18df3a7cdfd19794cfeea?s=96&d=blank&r=g\",\"contentUrl\":\"https:\/\/secure.gravatar.com\/avatar\/2801ef563aa18df3a7cdfd19794cfeea?s=96&d=blank&r=g\",\"caption\":\"Equipe Rafa Zimbaldi\"},\"sameAs\":[\"http:\/\/rafazimbaldi.com.br\/novo\"],\"url\":\"https:\/\/rafazimbaldi.com.br\/novo\/author\/equiperz2018\/\"}]}<\/script>\n<!-- \/ Yoast SEO plugin. -->","_links":{"self":[{"href":"https:\/\/rafazimbaldi.com.br\/novo\/wp-json\/wp\/v2\/posts\/4952"}],"collection":[{"href":"https:\/\/rafazimbaldi.com.br\/novo\/wp-json\/wp\/v2\/posts"}],"about":[{"href":"https:\/\/rafazimbaldi.com.br\/novo\/wp-json\/wp\/v2\/types\/post"}],"author":[{"embeddable":true,"href":"https:\/\/rafazimbaldi.com.br\/novo\/wp-json\/wp\/v2\/users\/2"}],"replies":[{"embeddable":true,"href":"https:\/\/rafazimbaldi.com.br\/novo\/wp-json\/wp\/v2\/comments?post=4952"}],"version-history":[{"count":1,"href":"https:\/\/rafazimbaldi.com.br\/novo\/wp-json\/wp\/v2\/posts\/4952\/revisions"}],"predecessor-version":[{"id":4954,"href":"https:\/\/rafazimbaldi.com.br\/novo\/wp-json\/wp\/v2\/posts\/4952\/revisions\/4954"}],"wp:featuredmedia":[{"embeddable":true,"href":"https:\/\/rafazimbaldi.com.br\/novo\/wp-json\/wp\/v2\/media\/4953"}],"wp:attachment":[{"href":"https:\/\/rafazimbaldi.com.br\/novo\/wp-json\/wp\/v2\/media?parent=4952"}],"wp:term":[{"taxonomy":"category","embeddable":true,"href":"https:\/\/rafazimbaldi.com.br\/novo\/wp-json\/wp\/v2\/categories?post=4952"},{"taxonomy":"post_tag","embeddable":true,"href":"https:\/\/rafazimbaldi.com.br\/novo\/wp-json\/wp\/v2\/tags?post=4952"}],"curies":[{"name":"wp","href":"https:\/\/api.w.org\/{rel}","templated":true}]}}