{"id":4976,"date":"2022-04-02T02:29:02","date_gmt":"2022-04-02T05:29:02","guid":{"rendered":"https:\/\/rafazimbaldi.com.br\/novo\/?p=4976"},"modified":"2022-04-02T02:29:05","modified_gmt":"2022-04-02T05:29:05","slug":"populacao-do-sao-quirino-pede-socorro-por-mais-medicos-em-centro-de-saude","status":"publish","type":"post","link":"https:\/\/rafazimbaldi.com.br\/novo\/populacao-do-sao-quirino-pede-socorro-por-mais-medicos-em-centro-de-saude\/","title":{"rendered":"Popula\u00e7\u00e3o do S\u00e3o Quirino pede socorro por mais m\u00e9dicos em Centro de Sa\u00fade"},"content":{"rendered":"\n<figure class=\"wp-block-embed is-type-video is-provider-youtube wp-block-embed-youtube wp-embed-aspect-16-9 wp-has-aspect-ratio\"><div class=\"wp-block-embed__wrapper\">\n<iframe loading=\"lazy\" title=\"S\u00e3o Quirino em Campinas pede socorro por mais m\u00e9dicos\" width=\"500\" height=\"281\" src=\"https:\/\/www.youtube.com\/embed\/NtQDsUlAXF0?feature=oembed&amp;wmode=opaque\" frameborder=\"0\" allow=\"accelerometer; autoplay; clipboard-write; encrypted-media; gyroscope; picture-in-picture\" allowfullscreen><\/iframe>\n<\/div><\/figure>\n\n\n\n<p>Os moradores do S\u00e3o Quirino, em Campinas, sofrem com a falta de m\u00e9dicos no Centro de Sa\u00fade do bairro. Mais uma vez a Prefeitura peca na gest\u00e3o da sa\u00fade p\u00fablica da cidade.<\/p>\n\n\n\n<p>Cerca de 25 mil pessoas dependem da unidade. A popula\u00e7\u00e3o reivindica que a Unicamp volte a administrar o Centro de Sa\u00fade.<\/p>\n\n\n\n<p>J\u00e1 fiz contato com o secret\u00e1rio da Sa\u00fade do Estado para comunicar o fato e para encontrarmos uma sa\u00edda para este grave problema. Tamb\u00e9m estou enviando of\u00edcio para a Unicamp para pedir ajuda nesta quest\u00e3o.<\/p>\n","protected":false},"excerpt":{"rendered":"<p>Os moradores do S\u00e3o Quirino, em Campinas, sofrem com a falta de m\u00e9dicos no Centro de Sa\u00fade do bairro. Mais uma vez a Prefeitura peca na gest\u00e3o da sa\u00fade p\u00fablica da cidade. Cerca de 25 mil pessoas dependem da unidade. A popula\u00e7\u00e3o reivindica que a Unicamp volte a administrar o Centro de Sa\u00fade. J\u00e1 fiz [&hellip;]<\/p>\n","protected":false},"author":2,"featured_media":4977,"comment_status":"open","ping_status":"open","sticky":false,"template":"","format":"standard","meta":{"_monsterinsights_skip_tracking":false,"_monsterinsights_sitenote_active":false,"_monsterinsights_sitenote_note":"","_monsterinsights_sitenote_category":0},"categories":[1],"tags":[385],"yoast_head":"<!-- This site is optimized with the Yoast SEO plugin v16.5 - https:\/\/yoast.com\/wordpress\/plugins\/seo\/ -->\n<title>Popula\u00e7\u00e3o do S\u00e3o Quirino pede socorro por mais m\u00e9dicos em Centro de Sa\u00fade - Rafa Zimbaldi<\/title>\n<meta name=\"robots\" content=\"index, follow, max-snippet:-1, max-image-preview:large, max-video-preview:-1\" \/>\n<link rel=\"canonical\" href=\"https:\/\/rafazimbaldi.com.br\/novo\/populacao-do-sao-quirino-pede-socorro-por-mais-medicos-em-centro-de-saude\/\" \/>\n<meta property=\"og:locale\" content=\"pt_BR\" \/>\n<meta property=\"og:type\" content=\"article\" \/>\n<meta property=\"og:title\" content=\"Popula\u00e7\u00e3o do S\u00e3o Quirino pede socorro por mais m\u00e9dicos em Centro de Sa\u00fade - Rafa Zimbaldi\" \/>\n<meta property=\"og:description\" content=\"Os moradores do S\u00e3o Quirino, em Campinas, sofrem com a falta de m\u00e9dicos no Centro de Sa\u00fade do bairro. Mais uma vez a Prefeitura peca na gest\u00e3o da sa\u00fade p\u00fablica da cidade. Cerca de 25 mil pessoas dependem da unidade. A popula\u00e7\u00e3o reivindica que a Unicamp volte a administrar o Centro de Sa\u00fade. J\u00e1 fiz [&hellip;]\" \/>\n<meta property=\"og:url\" content=\"https:\/\/rafazimbaldi.com.br\/novo\/populacao-do-sao-quirino-pede-socorro-por-mais-medicos-em-centro-de-saude\/\" \/>\n<meta property=\"og:site_name\" content=\"Rafa Zimbaldi\" \/>\n<meta property=\"article:published_time\" content=\"2022-04-02T05:29:02+00:00\" \/>\n<meta property=\"article:modified_time\" content=\"2022-04-02T05:29:05+00:00\" \/>\n<meta property=\"og:image\" content=\"https:\/\/rafazimbaldi.com.br\/novo\/wp-content\/uploads\/2022\/04\/Copia-de-Copia-de-dia-internacional-da-sindrome-de-down-1366-px-\u00d7-768-px-1.png\" \/>\n\t<meta property=\"og:image:width\" content=\"1366\" \/>\n\t<meta property=\"og:image:height\" content=\"768\" \/>\n<meta name=\"twitter:card\" content=\"summary_large_image\" \/>\n<meta name=\"twitter:label1\" content=\"Est. tempo de leitura\" \/>\n\t<meta name=\"twitter:data1\" content=\"1 minuto\" \/>\n<script type=\"application\/ld+json\" class=\"yoast-schema-graph\">{\"@context\":\"https:\/\/schema.org\",\"@graph\":[{\"@type\":\"WebSite\",\"@id\":\"https:\/\/rafazimbaldi.com.br\/novo\/#website\",\"url\":\"https:\/\/rafazimbaldi.com.br\/novo\/\",\"name\":\"Rafa Zimbaldi\",\"description\":\"Deputado Estadual \",\"potentialAction\":[{\"@type\":\"SearchAction\",\"target\":\"https:\/\/rafazimbaldi.com.br\/novo\/?s={search_term_string}\",\"query-input\":\"required name=search_term_string\"}],\"inLanguage\":\"pt-BR\"},{\"@type\":\"ImageObject\",\"@id\":\"https:\/\/rafazimbaldi.com.br\/novo\/populacao-do-sao-quirino-pede-socorro-por-mais-medicos-em-centro-de-saude\/#primaryimage\",\"inLanguage\":\"pt-BR\",\"url\":\"https:\/\/rafazimbaldi.com.br\/novo\/wp-content\/uploads\/2022\/04\/Copia-de-Copia-de-dia-internacional-da-sindrome-de-down-1366-px-\\u00d7-768-px-1.png\",\"contentUrl\":\"https:\/\/rafazimbaldi.com.br\/novo\/wp-content\/uploads\/2022\/04\/Copia-de-Copia-de-dia-internacional-da-sindrome-de-down-1366-px-\\u00d7-768-px-1.png\",\"width\":1366,\"height\":768},{\"@type\":\"WebPage\",\"@id\":\"https:\/\/rafazimbaldi.com.br\/novo\/populacao-do-sao-quirino-pede-socorro-por-mais-medicos-em-centro-de-saude\/#webpage\",\"url\":\"https:\/\/rafazimbaldi.com.br\/novo\/populacao-do-sao-quirino-pede-socorro-por-mais-medicos-em-centro-de-saude\/\",\"name\":\"Popula\\u00e7\\u00e3o do S\\u00e3o Quirino pede socorro por mais m\\u00e9dicos em Centro de Sa\\u00fade - Rafa Zimbaldi\",\"isPartOf\":{\"@id\":\"https:\/\/rafazimbaldi.com.br\/novo\/#website\"},\"primaryImageOfPage\":{\"@id\":\"https:\/\/rafazimbaldi.com.br\/novo\/populacao-do-sao-quirino-pede-socorro-por-mais-medicos-em-centro-de-saude\/#primaryimage\"},\"datePublished\":\"2022-04-02T05:29:02+00:00\",\"dateModified\":\"2022-04-02T05:29:05+00:00\",\"author\":{\"@id\":\"https:\/\/rafazimbaldi.com.br\/novo\/#\/schema\/person\/4e56a44c106beb5b266f5ad8f6cb4fdc\"},\"breadcrumb\":{\"@id\":\"https:\/\/rafazimbaldi.com.br\/novo\/populacao-do-sao-quirino-pede-socorro-por-mais-medicos-em-centro-de-saude\/#breadcrumb\"},\"inLanguage\":\"pt-BR\",\"potentialAction\":[{\"@type\":\"ReadAction\",\"target\":[\"https:\/\/rafazimbaldi.com.br\/novo\/populacao-do-sao-quirino-pede-socorro-por-mais-medicos-em-centro-de-saude\/\"]}]},{\"@type\":\"BreadcrumbList\",\"@id\":\"https:\/\/rafazimbaldi.com.br\/novo\/populacao-do-sao-quirino-pede-socorro-por-mais-medicos-em-centro-de-saude\/#breadcrumb\",\"itemListElement\":[{\"@type\":\"ListItem\",\"position\":1,\"name\":\"In\\u00edcio\",\"item\":\"https:\/\/rafazimbaldi.com.br\/novo\/\"},{\"@type\":\"ListItem\",\"position\":2,\"name\":\"Popula\\u00e7\\u00e3o do S\\u00e3o Quirino pede socorro por mais m\\u00e9dicos em Centro de Sa\\u00fade\"}]},{\"@type\":\"Person\",\"@id\":\"https:\/\/rafazimbaldi.com.br\/novo\/#\/schema\/person\/4e56a44c106beb5b266f5ad8f6cb4fdc\",\"name\":\"Equipe Rafa Zimbaldi\",\"image\":{\"@type\":\"ImageObject\",\"@id\":\"https:\/\/rafazimbaldi.com.br\/novo\/#personlogo\",\"inLanguage\":\"pt-BR\",\"url\":\"https:\/\/secure.gravatar.com\/avatar\/2801ef563aa18df3a7cdfd19794cfeea?s=96&d=blank&r=g\",\"contentUrl\":\"https:\/\/secure.gravatar.com\/avatar\/2801ef563aa18df3a7cdfd19794cfeea?s=96&d=blank&r=g\",\"caption\":\"Equipe Rafa Zimbaldi\"},\"sameAs\":[\"http:\/\/rafazimbaldi.com.br\/novo\"],\"url\":\"https:\/\/rafazimbaldi.com.br\/novo\/author\/equiperz2018\/\"}]}<\/script>\n<!-- \/ Yoast SEO plugin. -->","_links":{"self":[{"href":"https:\/\/rafazimbaldi.com.br\/novo\/wp-json\/wp\/v2\/posts\/4976"}],"collection":[{"href":"https:\/\/rafazimbaldi.com.br\/novo\/wp-json\/wp\/v2\/posts"}],"about":[{"href":"https:\/\/rafazimbaldi.com.br\/novo\/wp-json\/wp\/v2\/types\/post"}],"author":[{"embeddable":true,"href":"https:\/\/rafazimbaldi.com.br\/novo\/wp-json\/wp\/v2\/users\/2"}],"replies":[{"embeddable":true,"href":"https:\/\/rafazimbaldi.com.br\/novo\/wp-json\/wp\/v2\/comments?post=4976"}],"version-history":[{"count":1,"href":"https:\/\/rafazimbaldi.com.br\/novo\/wp-json\/wp\/v2\/posts\/4976\/revisions"}],"predecessor-version":[{"id":4978,"href":"https:\/\/rafazimbaldi.com.br\/novo\/wp-json\/wp\/v2\/posts\/4976\/revisions\/4978"}],"wp:featuredmedia":[{"embeddable":true,"href":"https:\/\/rafazimbaldi.com.br\/novo\/wp-json\/wp\/v2\/media\/4977"}],"wp:attachment":[{"href":"https:\/\/rafazimbaldi.com.br\/novo\/wp-json\/wp\/v2\/media?parent=4976"}],"wp:term":[{"taxonomy":"category","embeddable":true,"href":"https:\/\/rafazimbaldi.com.br\/novo\/wp-json\/wp\/v2\/categories?post=4976"},{"taxonomy":"post_tag","embeddable":true,"href":"https:\/\/rafazimbaldi.com.br\/novo\/wp-json\/wp\/v2\/tags?post=4976"}],"curies":[{"name":"wp","href":"https:\/\/api.w.org\/{rel}","templated":true}]}}