{"id":503,"date":"2017-04-10T12:04:49","date_gmt":"2017-04-10T14:04:49","guid":{"rendered":"http:\/\/www.rafazimbaldi.com\/?p=503"},"modified":"2017-04-10T12:04:49","modified_gmt":"2017-04-10T14:04:49","slug":"mostra-italiana","status":"publish","type":"post","link":"https:\/\/rafazimbaldi.com.br\/novo\/mostra-italiana\/","title":{"rendered":"Mostra italiana antecipada a Rafa pode ser conferida at\u00e9 o dia 13 deste m\u00eas e organizadores j\u00e1 preveem novo evento em 2018"},"content":{"rendered":"<p>Em novembro de 2016, uma comitiuva de pol\u00edticos italianos anunciou em primeira m\u00e3o ao vereador Rafa Zimbaldi, durante reuni\u00e3o na presid\u00eancia da C\u00e2mara, que promoveriam um Festival de Cinema Italiano em Campinas. Dito e feito: o festival est\u00e1 ocorrendo e quem n\u00e3o teve a chance de assistir aos filmes ou participar dos debates tem at\u00e9 esta quinta-feira, dia 13, para conferir de perto o melhor do cinema italiano.<\/p>\n<p>\u201c\u00c9 muito bom quando algo que foi planejado ocorre, ainda mais quando se trata de uma a\u00e7\u00e3o de cultura e gratuita. Quando\u00a0 o\u00a0deputado F\u00e1bio Porta, do Partido Democrata Italiano, e Eug\u00eanio Marino, membro da Coordena\u00e7\u00e3o Nacional Democr\u00e1tica para Italianos no Mundo, nos contaram sobre a inten\u00e7\u00e3o de fazer o evento, est\u00e1vamos convictos de que ele daria certo e por isso \u00e9 um prazer imenso saber que n\u00e3o s\u00f3 isso ocorreu como j\u00e1 se fala em uma nova mostra\u201d, diz Rafa.<\/p>\n<p>De fato, os organizadores da Mostra \u00a0j\u00e1 planejam nova edi\u00e7\u00e3o para 2018, que deve conter inclusive uma esp\u00e9cie de concurso para que universit\u00e1rios das institui\u00e7\u00f5es de Campinas produzam v\u00eddeos sobre a It\u00e1lia, que seriam exibidos no novo festival. Na edi\u00e7\u00e3o atual o grande destaque ficou por conta do filme \u00a0\u201cA verdade\u201d (Le Verit\u00e0), do cineasta Giuseppe Alessio Nuzzo, que inclusive veio a Campinas junto com o documentarista italiano Gianfranco Pannone, duas vezes premiado no Festival de Torino, em 1998 e 2001.<\/p>\n<p>A programa\u00e7\u00e3o do festival at\u00e9 esta quinta pode ser conferida no site do evento (<a href=\"https:\/\/cinemaitaliano.campinas.sp.gov.br\/programacao\">https:\/\/cinemaitaliano.campinas.sp.gov.br\/programacao<\/a>\u00a0) e inclui n\u00e3o apenas os filmes como tamb\u00e9m debates sobre cinema.<\/p>\n","protected":false},"excerpt":{"rendered":"<p>Em novembro de 2016, uma comitiuva de pol\u00edticos italianos anunciou em primeira m\u00e3o ao vereador Rafa Zimbaldi, durante reuni\u00e3o na presid\u00eancia da C\u00e2mara, que promoveriam um Festival de Cinema Italiano em Campinas. Dito e feito: o festival est\u00e1 ocorrendo e quem n\u00e3o teve a chance de assistir aos filmes ou participar dos debates tem at\u00e9 [&hellip;]<\/p>\n","protected":false},"author":2,"featured_media":504,"comment_status":"open","ping_status":"open","sticky":false,"template":"","format":"standard","meta":{"_monsterinsights_skip_tracking":false,"_monsterinsights_sitenote_active":false,"_monsterinsights_sitenote_note":"","_monsterinsights_sitenote_category":0},"categories":[1],"tags":[135,136,137],"yoast_head":"<!-- This site is optimized with the Yoast SEO plugin v16.5 - https:\/\/yoast.com\/wordpress\/plugins\/seo\/ -->\n<title>Mostra italiana antecipada a Rafa pode ser conferida at\u00e9 o dia 13 deste m\u00eas e organizadores j\u00e1 preveem novo evento em 2018 - Rafa Zimbaldi<\/title>\n<meta name=\"robots\" content=\"index, follow, max-snippet:-1, max-image-preview:large, max-video-preview:-1\" \/>\n<link rel=\"canonical\" href=\"https:\/\/rafazimbaldi.com.br\/novo\/mostra-italiana\/\" \/>\n<meta property=\"og:locale\" content=\"pt_BR\" \/>\n<meta property=\"og:type\" content=\"article\" \/>\n<meta property=\"og:title\" content=\"Mostra italiana antecipada a Rafa pode ser conferida at\u00e9 o dia 13 deste m\u00eas e organizadores j\u00e1 preveem novo evento em 2018 - Rafa Zimbaldi\" \/>\n<meta property=\"og:description\" content=\"Em novembro de 2016, uma comitiuva de pol\u00edticos italianos anunciou em primeira m\u00e3o ao vereador Rafa Zimbaldi, durante reuni\u00e3o na presid\u00eancia da C\u00e2mara, que promoveriam um Festival de Cinema Italiano em Campinas. Dito e feito: o festival est\u00e1 ocorrendo e quem n\u00e3o teve a chance de assistir aos filmes ou participar dos debates tem at\u00e9 [&hellip;]\" \/>\n<meta property=\"og:url\" content=\"https:\/\/rafazimbaldi.com.br\/novo\/mostra-italiana\/\" \/>\n<meta property=\"og:site_name\" content=\"Rafa Zimbaldi\" \/>\n<meta property=\"article:published_time\" content=\"2017-04-10T14:04:49+00:00\" \/>\n<meta property=\"og:image\" content=\"https:\/\/rafazimbaldi.com.br\/novo\/wp-content\/uploads\/2017\/04\/20170406_Italianos_int_RZ.jpg\" \/>\n\t<meta property=\"og:image:width\" content=\"800\" \/>\n\t<meta property=\"og:image:height\" content=\"502\" \/>\n<meta name=\"twitter:card\" content=\"summary_large_image\" \/>\n<meta name=\"twitter:label1\" content=\"Est. tempo de leitura\" \/>\n\t<meta name=\"twitter:data1\" content=\"1 minuto\" \/>\n<script type=\"application\/ld+json\" class=\"yoast-schema-graph\">{\"@context\":\"https:\/\/schema.org\",\"@graph\":[{\"@type\":\"WebSite\",\"@id\":\"https:\/\/rafazimbaldi.com.br\/novo\/#website\",\"url\":\"https:\/\/rafazimbaldi.com.br\/novo\/\",\"name\":\"Rafa Zimbaldi\",\"description\":\"Deputado Estadual \",\"potentialAction\":[{\"@type\":\"SearchAction\",\"target\":\"https:\/\/rafazimbaldi.com.br\/novo\/?s={search_term_string}\",\"query-input\":\"required name=search_term_string\"}],\"inLanguage\":\"pt-BR\"},{\"@type\":\"ImageObject\",\"@id\":\"https:\/\/rafazimbaldi.com.br\/novo\/mostra-italiana\/#primaryimage\",\"inLanguage\":\"pt-BR\",\"url\":\"https:\/\/rafazimbaldi.com.br\/novo\/wp-content\/uploads\/2017\/04\/20170406_Italianos_int_RZ.jpg\",\"contentUrl\":\"https:\/\/rafazimbaldi.com.br\/novo\/wp-content\/uploads\/2017\/04\/20170406_Italianos_int_RZ.jpg\",\"width\":800,\"height\":502},{\"@type\":\"WebPage\",\"@id\":\"https:\/\/rafazimbaldi.com.br\/novo\/mostra-italiana\/#webpage\",\"url\":\"https:\/\/rafazimbaldi.com.br\/novo\/mostra-italiana\/\",\"name\":\"Mostra italiana antecipada a Rafa pode ser conferida at\\u00e9 o dia 13 deste m\\u00eas e organizadores j\\u00e1 preveem novo evento em 2018 - Rafa Zimbaldi\",\"isPartOf\":{\"@id\":\"https:\/\/rafazimbaldi.com.br\/novo\/#website\"},\"primaryImageOfPage\":{\"@id\":\"https:\/\/rafazimbaldi.com.br\/novo\/mostra-italiana\/#primaryimage\"},\"datePublished\":\"2017-04-10T14:04:49+00:00\",\"dateModified\":\"2017-04-10T14:04:49+00:00\",\"author\":{\"@id\":\"https:\/\/rafazimbaldi.com.br\/novo\/#\/schema\/person\/4e56a44c106beb5b266f5ad8f6cb4fdc\"},\"breadcrumb\":{\"@id\":\"https:\/\/rafazimbaldi.com.br\/novo\/mostra-italiana\/#breadcrumb\"},\"inLanguage\":\"pt-BR\",\"potentialAction\":[{\"@type\":\"ReadAction\",\"target\":[\"https:\/\/rafazimbaldi.com.br\/novo\/mostra-italiana\/\"]}]},{\"@type\":\"BreadcrumbList\",\"@id\":\"https:\/\/rafazimbaldi.com.br\/novo\/mostra-italiana\/#breadcrumb\",\"itemListElement\":[{\"@type\":\"ListItem\",\"position\":1,\"name\":\"In\\u00edcio\",\"item\":\"https:\/\/rafazimbaldi.com.br\/novo\/\"},{\"@type\":\"ListItem\",\"position\":2,\"name\":\"Mostra italiana antecipada a Rafa pode ser conferida at\\u00e9 o dia 13 deste m\\u00eas e organizadores j\\u00e1 preveem novo evento em 2018\"}]},{\"@type\":\"Person\",\"@id\":\"https:\/\/rafazimbaldi.com.br\/novo\/#\/schema\/person\/4e56a44c106beb5b266f5ad8f6cb4fdc\",\"name\":\"Equipe Rafa Zimbaldi\",\"image\":{\"@type\":\"ImageObject\",\"@id\":\"https:\/\/rafazimbaldi.com.br\/novo\/#personlogo\",\"inLanguage\":\"pt-BR\",\"url\":\"https:\/\/secure.gravatar.com\/avatar\/2801ef563aa18df3a7cdfd19794cfeea?s=96&d=blank&r=g\",\"contentUrl\":\"https:\/\/secure.gravatar.com\/avatar\/2801ef563aa18df3a7cdfd19794cfeea?s=96&d=blank&r=g\",\"caption\":\"Equipe Rafa Zimbaldi\"},\"sameAs\":[\"http:\/\/rafazimbaldi.com.br\/novo\"],\"url\":\"https:\/\/rafazimbaldi.com.br\/novo\/author\/equiperz2018\/\"}]}<\/script>\n<!-- \/ Yoast SEO plugin. -->","_links":{"self":[{"href":"https:\/\/rafazimbaldi.com.br\/novo\/wp-json\/wp\/v2\/posts\/503"}],"collection":[{"href":"https:\/\/rafazimbaldi.com.br\/novo\/wp-json\/wp\/v2\/posts"}],"about":[{"href":"https:\/\/rafazimbaldi.com.br\/novo\/wp-json\/wp\/v2\/types\/post"}],"author":[{"embeddable":true,"href":"https:\/\/rafazimbaldi.com.br\/novo\/wp-json\/wp\/v2\/users\/2"}],"replies":[{"embeddable":true,"href":"https:\/\/rafazimbaldi.com.br\/novo\/wp-json\/wp\/v2\/comments?post=503"}],"version-history":[{"count":0,"href":"https:\/\/rafazimbaldi.com.br\/novo\/wp-json\/wp\/v2\/posts\/503\/revisions"}],"wp:featuredmedia":[{"embeddable":true,"href":"https:\/\/rafazimbaldi.com.br\/novo\/wp-json\/wp\/v2\/media\/504"}],"wp:attachment":[{"href":"https:\/\/rafazimbaldi.com.br\/novo\/wp-json\/wp\/v2\/media?parent=503"}],"wp:term":[{"taxonomy":"category","embeddable":true,"href":"https:\/\/rafazimbaldi.com.br\/novo\/wp-json\/wp\/v2\/categories?post=503"},{"taxonomy":"post_tag","embeddable":true,"href":"https:\/\/rafazimbaldi.com.br\/novo\/wp-json\/wp\/v2\/tags?post=503"}],"curies":[{"name":"wp","href":"https:\/\/api.w.org\/{rel}","templated":true}]}}