{"id":506,"date":"2017-04-10T12:09:47","date_gmt":"2017-04-10T14:09:47","guid":{"rendered":"http:\/\/www.rafazimbaldi.com\/?p=506"},"modified":"2017-04-10T12:09:47","modified_gmt":"2017-04-10T14:09:47","slug":"byd-em-campinas","status":"publish","type":"post","link":"https:\/\/rafazimbaldi.com.br\/novo\/byd-em-campinas\/","title":{"rendered":"BYD em Campinas: Rafa participa de inaugura\u00e7\u00e3o da empresa de pain\u00e9is solares e chassis de \u00f4nibus el\u00e9tricos que ir\u00e1 gerar mais de 300 empregos"},"content":{"rendered":"<p>&nbsp;<\/p>\n<p>O vereador Rafa Zimbaldi foi conferir de perto, no dia 6 de abril, a abertura da f\u00e1brica da BYD em Campinas. A empresa multinacional de origem chinesa fabrica pain\u00e9is solares e chassis de \u00f4nibus el\u00e9trico, e vai gerar mais de 300 empregos na cidade de Campinas. \u201cNossa fun\u00e7\u00e3o como C\u00e2mara, como poder p\u00fablico , \u00e9 incentivar a vinda de multinacionais para que gere mais emprego na regi\u00e3o metropolitana de Campinas. Al\u00e9m disso, a BYD em espec\u00edfico \u00e9 uma empresa que trabalha no ramo de sustentabilidade, de energia limpa. Eles acreditam e querem fazer de Campinas uma cidade sustent\u00e1vel, o que \u00e9 extremamente positivo\u201d, pontua Rafa.<\/p>\n<p>A BYD est\u00e1 presente em 45 pa\u00edses e 170 cidades do mundo. Al\u00e9m dos pain\u00e9is el\u00e9tricos e chassis de \u00f4nibus, a empresa tamb\u00e9m pretende, no futuro, produzir baterias recarreg\u00e1veis e carros e caminh\u00f5es el\u00e9tricos. A empresa tamb\u00e9m atua na \u00e1rea de monotrilhos. \u201cHoje j\u00e1 temos 12 \u00f4nibus 100% el\u00e9tricos rodando na cidade, s\u00e3o \u00f4nibus que n\u00e3o geram poluentes, s\u00e3o mais econ\u00f4micos e n\u00e3o fazem barulho. A meta da prefeitura \u00e9 que em breve Campinas tenha 150 \u00f4nibus deste tipo e a C\u00e2mara vai auxiliar no que puder para que esta meta seja cumprida\u201d, diz Rafa.<\/p>\n<p><a href=\"http:\/\/rafazimbaldi.com\/novo\/wp-content\/uploads\/2017\/04\/20170410_BYD_bus_CMC.jpg\"><img loading=\"lazy\" class=\"alignnone size-medium wp-image-508\" src=\"http:\/\/rafazimbaldi.com\/novo\/wp-content\/uploads\/2017\/04\/20170410_BYD_bus_CMC-300x200.jpg\" alt=\"20170410_BYD_bus_CMC\" width=\"300\" height=\"200\" srcset=\"https:\/\/rafazimbaldi.com.br\/novo\/wp-content\/uploads\/2017\/04\/20170410_BYD_bus_CMC-300x200.jpg 300w, https:\/\/rafazimbaldi.com.br\/novo\/wp-content\/uploads\/2017\/04\/20170410_BYD_bus_CMC-768x513.jpg 768w, https:\/\/rafazimbaldi.com.br\/novo\/wp-content\/uploads\/2017\/04\/20170410_BYD_bus_CMC.jpg 800w\" sizes=\"(max-width: 300px) 100vw, 300px\" \/><\/a><\/p>\n","protected":false},"excerpt":{"rendered":"<p>&nbsp; O vereador Rafa Zimbaldi foi conferir de perto, no dia 6 de abril, a abertura da f\u00e1brica da BYD em Campinas. A empresa multinacional de origem chinesa fabrica pain\u00e9is solares e chassis de \u00f4nibus el\u00e9trico, e vai gerar mais de 300 empregos na cidade de Campinas. \u201cNossa fun\u00e7\u00e3o como C\u00e2mara, como poder p\u00fablico , [&hellip;]<\/p>\n","protected":false},"author":2,"featured_media":507,"comment_status":"open","ping_status":"open","sticky":false,"template":"","format":"standard","meta":{"_monsterinsights_skip_tracking":false,"_monsterinsights_sitenote_active":false,"_monsterinsights_sitenote_note":"","_monsterinsights_sitenote_category":0},"categories":[1],"tags":[138,139,140,141,142,143],"yoast_head":"<!-- This site is optimized with the Yoast SEO plugin v16.5 - https:\/\/yoast.com\/wordpress\/plugins\/seo\/ -->\n<title>BYD em Campinas: Rafa participa de inaugura\u00e7\u00e3o da empresa de pain\u00e9is solares e chassis de \u00f4nibus el\u00e9tricos que ir\u00e1 gerar mais de 300 empregos - Rafa Zimbaldi<\/title>\n<meta name=\"robots\" content=\"index, follow, max-snippet:-1, max-image-preview:large, max-video-preview:-1\" \/>\n<link rel=\"canonical\" href=\"https:\/\/rafazimbaldi.com.br\/novo\/byd-em-campinas\/\" \/>\n<meta property=\"og:locale\" content=\"pt_BR\" \/>\n<meta property=\"og:type\" content=\"article\" \/>\n<meta property=\"og:title\" content=\"BYD em Campinas: Rafa participa de inaugura\u00e7\u00e3o da empresa de pain\u00e9is solares e chassis de \u00f4nibus el\u00e9tricos que ir\u00e1 gerar mais de 300 empregos - Rafa Zimbaldi\" \/>\n<meta property=\"og:description\" content=\"&nbsp; O vereador Rafa Zimbaldi foi conferir de perto, no dia 6 de abril, a abertura da f\u00e1brica da BYD em Campinas. A empresa multinacional de origem chinesa fabrica pain\u00e9is solares e chassis de \u00f4nibus el\u00e9trico, e vai gerar mais de 300 empregos na cidade de Campinas. \u201cNossa fun\u00e7\u00e3o como C\u00e2mara, como poder p\u00fablico , [&hellip;]\" \/>\n<meta property=\"og:url\" content=\"https:\/\/rafazimbaldi.com.br\/novo\/byd-em-campinas\/\" \/>\n<meta property=\"og:site_name\" content=\"Rafa Zimbaldi\" \/>\n<meta property=\"article:published_time\" content=\"2017-04-10T14:09:47+00:00\" \/>\n<meta property=\"og:image\" content=\"https:\/\/rafazimbaldi.com.br\/novo\/wp-content\/uploads\/2017\/04\/20170410_BYD_int_RZ.jpg\" \/>\n\t<meta property=\"og:image:width\" content=\"800\" \/>\n\t<meta property=\"og:image:height\" content=\"502\" \/>\n<meta name=\"twitter:card\" content=\"summary_large_image\" \/>\n<meta name=\"twitter:label1\" content=\"Est. tempo de leitura\" \/>\n\t<meta name=\"twitter:data1\" content=\"1 minuto\" \/>\n<script type=\"application\/ld+json\" class=\"yoast-schema-graph\">{\"@context\":\"https:\/\/schema.org\",\"@graph\":[{\"@type\":\"WebSite\",\"@id\":\"https:\/\/rafazimbaldi.com.br\/novo\/#website\",\"url\":\"https:\/\/rafazimbaldi.com.br\/novo\/\",\"name\":\"Rafa Zimbaldi\",\"description\":\"Deputado Estadual \",\"potentialAction\":[{\"@type\":\"SearchAction\",\"target\":\"https:\/\/rafazimbaldi.com.br\/novo\/?s={search_term_string}\",\"query-input\":\"required name=search_term_string\"}],\"inLanguage\":\"pt-BR\"},{\"@type\":\"ImageObject\",\"@id\":\"https:\/\/rafazimbaldi.com.br\/novo\/byd-em-campinas\/#primaryimage\",\"inLanguage\":\"pt-BR\",\"url\":\"https:\/\/rafazimbaldi.com.br\/novo\/wp-content\/uploads\/2017\/04\/20170410_BYD_int_RZ.jpg\",\"contentUrl\":\"https:\/\/rafazimbaldi.com.br\/novo\/wp-content\/uploads\/2017\/04\/20170410_BYD_int_RZ.jpg\",\"width\":800,\"height\":502},{\"@type\":\"WebPage\",\"@id\":\"https:\/\/rafazimbaldi.com.br\/novo\/byd-em-campinas\/#webpage\",\"url\":\"https:\/\/rafazimbaldi.com.br\/novo\/byd-em-campinas\/\",\"name\":\"BYD em Campinas: Rafa participa de inaugura\\u00e7\\u00e3o da empresa de pain\\u00e9is solares e chassis de \\u00f4nibus el\\u00e9tricos que ir\\u00e1 gerar mais de 300 empregos - Rafa Zimbaldi\",\"isPartOf\":{\"@id\":\"https:\/\/rafazimbaldi.com.br\/novo\/#website\"},\"primaryImageOfPage\":{\"@id\":\"https:\/\/rafazimbaldi.com.br\/novo\/byd-em-campinas\/#primaryimage\"},\"datePublished\":\"2017-04-10T14:09:47+00:00\",\"dateModified\":\"2017-04-10T14:09:47+00:00\",\"author\":{\"@id\":\"https:\/\/rafazimbaldi.com.br\/novo\/#\/schema\/person\/4e56a44c106beb5b266f5ad8f6cb4fdc\"},\"breadcrumb\":{\"@id\":\"https:\/\/rafazimbaldi.com.br\/novo\/byd-em-campinas\/#breadcrumb\"},\"inLanguage\":\"pt-BR\",\"potentialAction\":[{\"@type\":\"ReadAction\",\"target\":[\"https:\/\/rafazimbaldi.com.br\/novo\/byd-em-campinas\/\"]}]},{\"@type\":\"BreadcrumbList\",\"@id\":\"https:\/\/rafazimbaldi.com.br\/novo\/byd-em-campinas\/#breadcrumb\",\"itemListElement\":[{\"@type\":\"ListItem\",\"position\":1,\"name\":\"In\\u00edcio\",\"item\":\"https:\/\/rafazimbaldi.com.br\/novo\/\"},{\"@type\":\"ListItem\",\"position\":2,\"name\":\"BYD em Campinas: Rafa participa de inaugura\\u00e7\\u00e3o da empresa de pain\\u00e9is solares e chassis de \\u00f4nibus el\\u00e9tricos que ir\\u00e1 gerar mais de 300 empregos\"}]},{\"@type\":\"Person\",\"@id\":\"https:\/\/rafazimbaldi.com.br\/novo\/#\/schema\/person\/4e56a44c106beb5b266f5ad8f6cb4fdc\",\"name\":\"Equipe Rafa Zimbaldi\",\"image\":{\"@type\":\"ImageObject\",\"@id\":\"https:\/\/rafazimbaldi.com.br\/novo\/#personlogo\",\"inLanguage\":\"pt-BR\",\"url\":\"https:\/\/secure.gravatar.com\/avatar\/2801ef563aa18df3a7cdfd19794cfeea?s=96&d=blank&r=g\",\"contentUrl\":\"https:\/\/secure.gravatar.com\/avatar\/2801ef563aa18df3a7cdfd19794cfeea?s=96&d=blank&r=g\",\"caption\":\"Equipe Rafa Zimbaldi\"},\"sameAs\":[\"http:\/\/rafazimbaldi.com.br\/novo\"],\"url\":\"https:\/\/rafazimbaldi.com.br\/novo\/author\/equiperz2018\/\"}]}<\/script>\n<!-- \/ Yoast SEO plugin. -->","_links":{"self":[{"href":"https:\/\/rafazimbaldi.com.br\/novo\/wp-json\/wp\/v2\/posts\/506"}],"collection":[{"href":"https:\/\/rafazimbaldi.com.br\/novo\/wp-json\/wp\/v2\/posts"}],"about":[{"href":"https:\/\/rafazimbaldi.com.br\/novo\/wp-json\/wp\/v2\/types\/post"}],"author":[{"embeddable":true,"href":"https:\/\/rafazimbaldi.com.br\/novo\/wp-json\/wp\/v2\/users\/2"}],"replies":[{"embeddable":true,"href":"https:\/\/rafazimbaldi.com.br\/novo\/wp-json\/wp\/v2\/comments?post=506"}],"version-history":[{"count":0,"href":"https:\/\/rafazimbaldi.com.br\/novo\/wp-json\/wp\/v2\/posts\/506\/revisions"}],"wp:featuredmedia":[{"embeddable":true,"href":"https:\/\/rafazimbaldi.com.br\/novo\/wp-json\/wp\/v2\/media\/507"}],"wp:attachment":[{"href":"https:\/\/rafazimbaldi.com.br\/novo\/wp-json\/wp\/v2\/media?parent=506"}],"wp:term":[{"taxonomy":"category","embeddable":true,"href":"https:\/\/rafazimbaldi.com.br\/novo\/wp-json\/wp\/v2\/categories?post=506"},{"taxonomy":"post_tag","embeddable":true,"href":"https:\/\/rafazimbaldi.com.br\/novo\/wp-json\/wp\/v2\/tags?post=506"}],"curies":[{"name":"wp","href":"https:\/\/api.w.org\/{rel}","templated":true}]}}