{"id":512,"date":"2017-04-10T13:04:04","date_gmt":"2017-04-10T15:04:04","guid":{"rendered":"http:\/\/www.rafazimbaldi.com\/?p=512"},"modified":"2017-04-10T13:04:04","modified_gmt":"2017-04-10T15:04:04","slug":"parlamentormc","status":"publish","type":"post","link":"https:\/\/rafazimbaldi.com.br\/novo\/parlamentormc\/","title":{"rendered":"Ap\u00f3s dois anos de um \u00f3timo trabalho, Rafa Zimbaldi passa a presid\u00eancia do Parlamento da RMC ao presidente da C\u00e2mara de Indaiatuba"},"content":{"rendered":"<p>Ap\u00f3s dois anos de um trabalho avaliado como \u00f3timo por seus pares, o vereador Rafa Zimbaldi passou a presid\u00eancia do Parlamento Metropolitano da RMC \u2013 que reine as 20 C\u00e2maras Municipais da regi\u00e3o &#8211; no dia 7 de abril. \u00a0\u00a0Uma das maiores marcas da gest\u00e3o de Rafa foi a democratiza\u00e7\u00e3o do PRMC. Antes, apenas os presidentes de Legislativo podiam participar dele. Agora, os presidentes comp\u00f5em a mesa, mas qualquer vereador eleito das cidades participantes pode se fazer presente no \u00f3rg\u00e3o. \u00a0\u201cAbrimos o Parlamento para participa\u00e7\u00e3o dos quase 300 vereadores da RMC, o que trouxe mais di\u00e1logo e forma a ele\u201d, acredita.<\/p>\n<p>Rafa passou oficialmente a presid\u00eancia ao vereador H\u00e9lio Ribeiro (PSB), que preside a C\u00e2mara de Indaiatuba. \u201cPasso o bast\u00e3o ao H\u00e9lio, com desejo de muito sucesso e a certeza de que far\u00e1 um bom trabalho. Trabalhamos forte nestes dois anos, lutando para trazer bons projetos e verbas para as cidades nas \u00e1reas de Educa\u00e7\u00e3o, Transporte e Sa\u00fade. Ali\u00e1s, criamos a Frente Parlamentar em prol das Santas Casas e Hospitais Filantr\u00f3picos e, assim como o pr\u00f3prio Parlamento, continuarei empenhado na atua\u00e7\u00e3o desta frente\u201d, diz.<\/p>\n<p>H\u00e9lio Ribeiro, agora presidente do Parlamento, assume com proposta de continuar o bom trabalho e fortalecer ainda mais o \u00f3rg\u00e3o. \u201cSinto uma vontade dos vereadores em atuar de maneira mais contundente pelas necessidades das cidades que comp\u00f5e o parlamento e vamos trabalhar forte neste sentido\u201d, pontua.<\/p>\n<p>O presidente de honra do Parlamento, Lorival Messias de Oliveira, de Valinhos, destaca a import\u00e2ncia dos trabalhos do \u00f3rg\u00e3o. \u201cO trabalho do Parlamento \u00a0vem crescendo, Rafa fez um excelente trabalho e com certeza o H\u00e9lio far\u00e1 o mesmo, e teremos ainda mais for\u00e7a com a participa\u00e7\u00e3o que temos hoje de todos vereadores e presidentes, de uma forma transparente\u201d, diz.<\/p>\n<p><a href=\"http:\/\/rafazimbaldi.com\/novo\/wp-content\/uploads\/2017\/04\/20170410_PArlamentoRMC_int_RZ.jpg\"><img loading=\"lazy\" class=\"alignnone size-medium wp-image-514\" src=\"http:\/\/rafazimbaldi.com\/novo\/wp-content\/uploads\/2017\/04\/20170410_PArlamentoRMC_int_RZ-300x188.jpg\" alt=\"20170410_PArlamentoRMC_int_RZ\" width=\"300\" height=\"188\" srcset=\"https:\/\/rafazimbaldi.com.br\/novo\/wp-content\/uploads\/2017\/04\/20170410_PArlamentoRMC_int_RZ-300x188.jpg 300w, https:\/\/rafazimbaldi.com.br\/novo\/wp-content\/uploads\/2017\/04\/20170410_PArlamentoRMC_int_RZ-768x482.jpg 768w, https:\/\/rafazimbaldi.com.br\/novo\/wp-content\/uploads\/2017\/04\/20170410_PArlamentoRMC_int_RZ.jpg 800w\" sizes=\"(max-width: 300px) 100vw, 300px\" \/><\/a><\/p>\n<p>&nbsp;<\/p>\n","protected":false},"excerpt":{"rendered":"<p>Ap\u00f3s dois anos de um trabalho avaliado como \u00f3timo por seus pares, o vereador Rafa Zimbaldi passou a presid\u00eancia do Parlamento Metropolitano da RMC \u2013 que reine as 20 C\u00e2maras Municipais da regi\u00e3o &#8211; no dia 7 de abril. \u00a0\u00a0Uma das maiores marcas da gest\u00e3o de Rafa foi a democratiza\u00e7\u00e3o do PRMC. Antes, apenas os [&hellip;]<\/p>\n","protected":false},"author":2,"featured_media":513,"comment_status":"open","ping_status":"open","sticky":false,"template":"","format":"standard","meta":{"_monsterinsights_skip_tracking":false,"_monsterinsights_sitenote_active":false,"_monsterinsights_sitenote_note":"","_monsterinsights_sitenote_category":0},"categories":[55],"tags":[144,145,146,147,148],"yoast_head":"<!-- This site is optimized with the Yoast SEO plugin v16.5 - https:\/\/yoast.com\/wordpress\/plugins\/seo\/ -->\n<title>Ap\u00f3s dois anos de um \u00f3timo trabalho, Rafa Zimbaldi passa a presid\u00eancia do Parlamento da RMC ao presidente da C\u00e2mara de Indaiatuba - Rafa Zimbaldi<\/title>\n<meta name=\"robots\" content=\"index, follow, max-snippet:-1, max-image-preview:large, max-video-preview:-1\" \/>\n<link rel=\"canonical\" href=\"https:\/\/rafazimbaldi.com.br\/novo\/parlamentormc\/\" \/>\n<meta property=\"og:locale\" content=\"pt_BR\" \/>\n<meta property=\"og:type\" content=\"article\" \/>\n<meta property=\"og:title\" content=\"Ap\u00f3s dois anos de um \u00f3timo trabalho, Rafa Zimbaldi passa a presid\u00eancia do Parlamento da RMC ao presidente da C\u00e2mara de Indaiatuba - Rafa Zimbaldi\" \/>\n<meta property=\"og:description\" content=\"Ap\u00f3s dois anos de um trabalho avaliado como \u00f3timo por seus pares, o vereador Rafa Zimbaldi passou a presid\u00eancia do Parlamento Metropolitano da RMC \u2013 que reine as 20 C\u00e2maras Municipais da regi\u00e3o &#8211; no dia 7 de abril. \u00a0\u00a0Uma das maiores marcas da gest\u00e3o de Rafa foi a democratiza\u00e7\u00e3o do PRMC. Antes, apenas os [&hellip;]\" \/>\n<meta property=\"og:url\" content=\"https:\/\/rafazimbaldi.com.br\/novo\/parlamentormc\/\" \/>\n<meta property=\"og:site_name\" content=\"Rafa Zimbaldi\" \/>\n<meta property=\"article:published_time\" content=\"2017-04-10T15:04:04+00:00\" \/>\n<meta property=\"og:image\" content=\"https:\/\/rafazimbaldi.com.br\/novo\/wp-content\/uploads\/2017\/04\/20170410_ParlamentoRMC_p_int_RZ.jpg\" \/>\n\t<meta property=\"og:image:width\" content=\"800\" \/>\n\t<meta property=\"og:image:height\" content=\"502\" \/>\n<meta name=\"twitter:card\" content=\"summary_large_image\" \/>\n<meta name=\"twitter:label1\" content=\"Est. tempo de leitura\" \/>\n\t<meta name=\"twitter:data1\" content=\"2 minutos\" \/>\n<script type=\"application\/ld+json\" class=\"yoast-schema-graph\">{\"@context\":\"https:\/\/schema.org\",\"@graph\":[{\"@type\":\"WebSite\",\"@id\":\"https:\/\/rafazimbaldi.com.br\/novo\/#website\",\"url\":\"https:\/\/rafazimbaldi.com.br\/novo\/\",\"name\":\"Rafa Zimbaldi\",\"description\":\"Deputado Estadual \",\"potentialAction\":[{\"@type\":\"SearchAction\",\"target\":\"https:\/\/rafazimbaldi.com.br\/novo\/?s={search_term_string}\",\"query-input\":\"required name=search_term_string\"}],\"inLanguage\":\"pt-BR\"},{\"@type\":\"ImageObject\",\"@id\":\"https:\/\/rafazimbaldi.com.br\/novo\/parlamentormc\/#primaryimage\",\"inLanguage\":\"pt-BR\",\"url\":\"https:\/\/rafazimbaldi.com.br\/novo\/wp-content\/uploads\/2017\/04\/20170410_ParlamentoRMC_p_int_RZ.jpg\",\"contentUrl\":\"https:\/\/rafazimbaldi.com.br\/novo\/wp-content\/uploads\/2017\/04\/20170410_ParlamentoRMC_p_int_RZ.jpg\",\"width\":800,\"height\":502},{\"@type\":\"WebPage\",\"@id\":\"https:\/\/rafazimbaldi.com.br\/novo\/parlamentormc\/#webpage\",\"url\":\"https:\/\/rafazimbaldi.com.br\/novo\/parlamentormc\/\",\"name\":\"Ap\\u00f3s dois anos de um \\u00f3timo trabalho, Rafa Zimbaldi passa a presid\\u00eancia do Parlamento da RMC ao presidente da C\\u00e2mara de Indaiatuba - Rafa Zimbaldi\",\"isPartOf\":{\"@id\":\"https:\/\/rafazimbaldi.com.br\/novo\/#website\"},\"primaryImageOfPage\":{\"@id\":\"https:\/\/rafazimbaldi.com.br\/novo\/parlamentormc\/#primaryimage\"},\"datePublished\":\"2017-04-10T15:04:04+00:00\",\"dateModified\":\"2017-04-10T15:04:04+00:00\",\"author\":{\"@id\":\"https:\/\/rafazimbaldi.com.br\/novo\/#\/schema\/person\/4e56a44c106beb5b266f5ad8f6cb4fdc\"},\"breadcrumb\":{\"@id\":\"https:\/\/rafazimbaldi.com.br\/novo\/parlamentormc\/#breadcrumb\"},\"inLanguage\":\"pt-BR\",\"potentialAction\":[{\"@type\":\"ReadAction\",\"target\":[\"https:\/\/rafazimbaldi.com.br\/novo\/parlamentormc\/\"]}]},{\"@type\":\"BreadcrumbList\",\"@id\":\"https:\/\/rafazimbaldi.com.br\/novo\/parlamentormc\/#breadcrumb\",\"itemListElement\":[{\"@type\":\"ListItem\",\"position\":1,\"name\":\"In\\u00edcio\",\"item\":\"https:\/\/rafazimbaldi.com.br\/novo\/\"},{\"@type\":\"ListItem\",\"position\":2,\"name\":\"Ap\\u00f3s dois anos de um \\u00f3timo trabalho, Rafa Zimbaldi passa a presid\\u00eancia do Parlamento da RMC ao presidente da C\\u00e2mara de Indaiatuba\"}]},{\"@type\":\"Person\",\"@id\":\"https:\/\/rafazimbaldi.com.br\/novo\/#\/schema\/person\/4e56a44c106beb5b266f5ad8f6cb4fdc\",\"name\":\"Equipe Rafa Zimbaldi\",\"image\":{\"@type\":\"ImageObject\",\"@id\":\"https:\/\/rafazimbaldi.com.br\/novo\/#personlogo\",\"inLanguage\":\"pt-BR\",\"url\":\"https:\/\/secure.gravatar.com\/avatar\/2801ef563aa18df3a7cdfd19794cfeea?s=96&d=blank&r=g\",\"contentUrl\":\"https:\/\/secure.gravatar.com\/avatar\/2801ef563aa18df3a7cdfd19794cfeea?s=96&d=blank&r=g\",\"caption\":\"Equipe Rafa Zimbaldi\"},\"sameAs\":[\"http:\/\/rafazimbaldi.com.br\/novo\"],\"url\":\"https:\/\/rafazimbaldi.com.br\/novo\/author\/equiperz2018\/\"}]}<\/script>\n<!-- \/ Yoast SEO plugin. -->","_links":{"self":[{"href":"https:\/\/rafazimbaldi.com.br\/novo\/wp-json\/wp\/v2\/posts\/512"}],"collection":[{"href":"https:\/\/rafazimbaldi.com.br\/novo\/wp-json\/wp\/v2\/posts"}],"about":[{"href":"https:\/\/rafazimbaldi.com.br\/novo\/wp-json\/wp\/v2\/types\/post"}],"author":[{"embeddable":true,"href":"https:\/\/rafazimbaldi.com.br\/novo\/wp-json\/wp\/v2\/users\/2"}],"replies":[{"embeddable":true,"href":"https:\/\/rafazimbaldi.com.br\/novo\/wp-json\/wp\/v2\/comments?post=512"}],"version-history":[{"count":0,"href":"https:\/\/rafazimbaldi.com.br\/novo\/wp-json\/wp\/v2\/posts\/512\/revisions"}],"wp:featuredmedia":[{"embeddable":true,"href":"https:\/\/rafazimbaldi.com.br\/novo\/wp-json\/wp\/v2\/media\/513"}],"wp:attachment":[{"href":"https:\/\/rafazimbaldi.com.br\/novo\/wp-json\/wp\/v2\/media?parent=512"}],"wp:term":[{"taxonomy":"category","embeddable":true,"href":"https:\/\/rafazimbaldi.com.br\/novo\/wp-json\/wp\/v2\/categories?post=512"},{"taxonomy":"post_tag","embeddable":true,"href":"https:\/\/rafazimbaldi.com.br\/novo\/wp-json\/wp\/v2\/tags?post=512"}],"curies":[{"name":"wp","href":"https:\/\/api.w.org\/{rel}","templated":true}]}}