{"id":5443,"date":"2024-02-23T11:45:06","date_gmt":"2024-02-23T14:45:06","guid":{"rendered":"https:\/\/rafazimbaldi.com.br\/novo\/?p=5443"},"modified":"2024-02-23T11:45:09","modified_gmt":"2024-02-23T14:45:09","slug":"artigo-saidinha-de-presos-menos-ideologia-mais-racionalidade","status":"publish","type":"post","link":"https:\/\/rafazimbaldi.com.br\/novo\/artigo-saidinha-de-presos-menos-ideologia-mais-racionalidade\/","title":{"rendered":"Artigo: &#8220;Saidinha&#8221; de presos: menos ideologia, mais racionalidade"},"content":{"rendered":"\n<!--more-->\n\n\n\n<p>O Senado votou e aprovou, nesta semana, o Projeto de Lei (PL) 2.253\/2022, que acaba com a sa\u00edda tempor\u00e1ria de presos condenados em datas comemorativas e feriados, a &#8220;saidinha&#8221;. Ficam mantidas apenas as libera\u00e7\u00f5es, com per\u00edodo determinado, para detentos inscritos em cursos profissionalizantes ou nos ensinos m\u00e9dio e superior, e, ainda assim, somente pelo tempo necess\u00e1rio para a realiza\u00e7\u00e3o destas atividades.<\/p>\n\n\n\n<p>A quest\u00e3o, no entanto, ainda n\u00e3o est\u00e1 encerrada. Como o PL passou por altera\u00e7\u00f5es no Senado Federal, voltar\u00e1 para nova an\u00e1lise na C\u00e2mara dos Deputados. Trata-se de tema extremamente relevante, com aten\u00e7\u00e3o polarizada, tal qual futebol, com dois times, os contr\u00e1rios e os favor\u00e1veis.<\/p>\n\n\n\n<p><strong>LEIA+<\/strong> <a href=\"https:\/\/rafazimbaldi.com.br\/novo\/projeto-de-lei-pretende-transformar-guarda-civil-municipal-em-policia-municipal\/\" target=\"_blank\" rel=\"noreferrer noopener\">Projeto de lei pretende transformar Guarda Civil Municipal em Pol\u00edcia Municipal<\/a><br><strong>LEIA+<\/strong> <a href=\"https:\/\/rafazimbaldi.com.br\/novo\/category\/noticias\/\" target=\"_blank\" rel=\"noreferrer noopener\">Outras not\u00edcias do mandato do deputado Rafa Zimbaldi<\/a><br><strong>SIGA+<\/strong> <a href=\"https:\/\/whatsapp.com\/channel\/0029VaD4nZEFMqrSag9ZQr3M\" target=\"_blank\" rel=\"noreferrer noopener\">Canal de Not\u00edcias no Whatsapp<\/a><\/p>\n\n\n\n<p>Em que pese o apelo popular e a polariza\u00e7\u00e3o, n\u00e3o \u00e9 produtivo que o tema se torne uma agenda pol\u00edtica e ideol\u00f3gica de direita ou da esquerda. A quest\u00e3o \u00e9 social e muito mais importante e ampla. Fato \u00e9 que, o poder p\u00fablico n\u00e3o pode ter o mesmo olhar para todos os presos.<\/p>\n\n\n\n<p>A sociedade vinha clamando h\u00e1 tempos por mudan\u00e7as urgentes em torno deste tema. Por\u00e9m, apenas extinguir a sa\u00edda de presos n\u00e3o garante a redu\u00e7\u00e3o da viol\u00eancia, embora haja claro registro de crimes por parte dos beneficiados pelas sa\u00eddas tempor\u00e1rias, e n\u00e3o de hoje.<\/p>\n\n\n\n<p>Em S\u00e3o Paulo, de 23 de dezembro de 2023 at\u00e9 a primeira semana de janeiro de 2024, cerca de 700 detentos beneficiados pela sa\u00edda tempor\u00e1ria foram presos, novamente, cometendo crimes. Em 2023, aqui no estado, no total, 33 mil detentos foram favorecidos pela &#8220;saidinha&#8221;.<\/p>\n\n\n\n<p>Como deputado estadual e membro da Comiss\u00e3o de Seguran\u00e7a P\u00fablica e Assuntos Penitenci\u00e1rios da Assembleia Legislativa do Estado de S\u00e3o Paulo (Alesp), destaco que, al\u00e9m das estat\u00edsticas sobre o tema, o que n\u00e3o pode ser negligenciado \u00e9 o fato de que existem, sim, os presos que desejam, de fato, se ressocializar, e valorizam a oportunidade das &#8220;saidinhas&#8221; para conviverem por alguns dias com os seus familiares; ou ainda se dedicarem aos estudos e cursos profissionalizantes.<\/p>\n\n\n\n<p>Evidentemente, tamb\u00e9m h\u00e1 presos mais perigosos e mal intencionados, que usam o direito \u00e0 sa\u00edda tempor\u00e1ria para cometerem crimes, e, justamente em raz\u00e3o disso, n\u00e3o voltam \u00e0 deten\u00e7\u00e3o, desobedecendo, assim, a lei.<\/p>\n\n\n\n<p>A partir da an\u00e1lise sobre todo o espectro que engloba a legisla\u00e7\u00e3o, oportunidade de reconstru\u00e7\u00e3o da vida, direito da sociedade de viver em seguran\u00e7a e crit\u00e9rio para que haja libera\u00e7\u00e3o das sa\u00eddas tempor\u00e1rias de presos, \u00e9 que a discuss\u00e3o do PL 2.253\/2022 se torna de extrema urg\u00eancia.<\/p>\n\n\n\n<p>Com o texto votado no Senado, o preso s\u00f3 ter\u00e1 direito \u00e0 &#8220;saidinha&#8221;, para os estudos, se comprovar, por meio de exame criminol\u00f3gico, ter autodisciplina, baixa periculosidade e senso de responsabilidade.<\/p>\n\n\n\n<p>O benef\u00edcio, afinal, precisa estar condizente com o comportamento de cada um e o exame criminol\u00f3gico ter\u00e1 papel fundamental. Desta forma, com base em crit\u00e9rios t\u00e9cnicos, cada preso ser\u00e1 respons\u00e1vel pela perda ou merecimento da &#8220;saidinha&#8221;. Assim, nos afastamos do julgamento ideol\u00f3gico tendencioso que tem permeado este debate, indiscutivelmente importante e urgente para a sociedade brasileira.<\/p>\n","protected":false},"excerpt":{"rendered":"","protected":false},"author":2,"featured_media":5444,"comment_status":"open","ping_status":"open","sticky":false,"template":"","format":"standard","meta":{"_monsterinsights_skip_tracking":false,"_monsterinsights_sitenote_active":false,"_monsterinsights_sitenote_note":"","_monsterinsights_sitenote_category":0},"categories":[1],"tags":[],"yoast_head":"<!-- This site is optimized with the Yoast SEO plugin v16.5 - https:\/\/yoast.com\/wordpress\/plugins\/seo\/ -->\n<title>Artigo: &quot;Saidinha&quot; de presos: menos ideologia, mais racionalidade - Rafa Zimbaldi<\/title>\n<meta name=\"robots\" content=\"index, follow, max-snippet:-1, max-image-preview:large, max-video-preview:-1\" \/>\n<link rel=\"canonical\" href=\"https:\/\/rafazimbaldi.com.br\/novo\/artigo-saidinha-de-presos-menos-ideologia-mais-racionalidade\/\" \/>\n<meta property=\"og:locale\" content=\"pt_BR\" \/>\n<meta property=\"og:type\" content=\"article\" \/>\n<meta property=\"og:title\" content=\"Artigo: &quot;Saidinha&quot; de presos: menos ideologia, mais racionalidade - Rafa Zimbaldi\" \/>\n<meta property=\"og:url\" content=\"https:\/\/rafazimbaldi.com.br\/novo\/artigo-saidinha-de-presos-menos-ideologia-mais-racionalidade\/\" \/>\n<meta property=\"og:site_name\" content=\"Rafa Zimbaldi\" \/>\n<meta property=\"article:published_time\" content=\"2024-02-23T14:45:06+00:00\" \/>\n<meta property=\"article:modified_time\" content=\"2024-02-23T14:45:09+00:00\" \/>\n<meta property=\"og:image\" content=\"https:\/\/rafazimbaldi.com.br\/novo\/wp-content\/uploads\/2024\/02\/fg319373.jpeg\" \/>\n\t<meta property=\"og:image:width\" content=\"1600\" \/>\n\t<meta property=\"og:image:height\" content=\"1066\" \/>\n<meta name=\"twitter:card\" content=\"summary_large_image\" \/>\n<meta name=\"twitter:label1\" content=\"Est. tempo de leitura\" \/>\n\t<meta name=\"twitter:data1\" content=\"3 minutos\" \/>\n<script type=\"application\/ld+json\" class=\"yoast-schema-graph\">{\"@context\":\"https:\/\/schema.org\",\"@graph\":[{\"@type\":\"WebSite\",\"@id\":\"https:\/\/rafazimbaldi.com.br\/novo\/#website\",\"url\":\"https:\/\/rafazimbaldi.com.br\/novo\/\",\"name\":\"Rafa Zimbaldi\",\"description\":\"Deputado Estadual \",\"potentialAction\":[{\"@type\":\"SearchAction\",\"target\":\"https:\/\/rafazimbaldi.com.br\/novo\/?s={search_term_string}\",\"query-input\":\"required name=search_term_string\"}],\"inLanguage\":\"pt-BR\"},{\"@type\":\"ImageObject\",\"@id\":\"https:\/\/rafazimbaldi.com.br\/novo\/artigo-saidinha-de-presos-menos-ideologia-mais-racionalidade\/#primaryimage\",\"inLanguage\":\"pt-BR\",\"url\":\"https:\/\/rafazimbaldi.com.br\/novo\/wp-content\/uploads\/2024\/02\/fg319373.jpeg\",\"contentUrl\":\"https:\/\/rafazimbaldi.com.br\/novo\/wp-content\/uploads\/2024\/02\/fg319373.jpeg\",\"width\":1600,\"height\":1066},{\"@type\":\"WebPage\",\"@id\":\"https:\/\/rafazimbaldi.com.br\/novo\/artigo-saidinha-de-presos-menos-ideologia-mais-racionalidade\/#webpage\",\"url\":\"https:\/\/rafazimbaldi.com.br\/novo\/artigo-saidinha-de-presos-menos-ideologia-mais-racionalidade\/\",\"name\":\"Artigo: \\\"Saidinha\\\" de presos: menos ideologia, mais racionalidade - Rafa Zimbaldi\",\"isPartOf\":{\"@id\":\"https:\/\/rafazimbaldi.com.br\/novo\/#website\"},\"primaryImageOfPage\":{\"@id\":\"https:\/\/rafazimbaldi.com.br\/novo\/artigo-saidinha-de-presos-menos-ideologia-mais-racionalidade\/#primaryimage\"},\"datePublished\":\"2024-02-23T14:45:06+00:00\",\"dateModified\":\"2024-02-23T14:45:09+00:00\",\"author\":{\"@id\":\"https:\/\/rafazimbaldi.com.br\/novo\/#\/schema\/person\/4e56a44c106beb5b266f5ad8f6cb4fdc\"},\"breadcrumb\":{\"@id\":\"https:\/\/rafazimbaldi.com.br\/novo\/artigo-saidinha-de-presos-menos-ideologia-mais-racionalidade\/#breadcrumb\"},\"inLanguage\":\"pt-BR\",\"potentialAction\":[{\"@type\":\"ReadAction\",\"target\":[\"https:\/\/rafazimbaldi.com.br\/novo\/artigo-saidinha-de-presos-menos-ideologia-mais-racionalidade\/\"]}]},{\"@type\":\"BreadcrumbList\",\"@id\":\"https:\/\/rafazimbaldi.com.br\/novo\/artigo-saidinha-de-presos-menos-ideologia-mais-racionalidade\/#breadcrumb\",\"itemListElement\":[{\"@type\":\"ListItem\",\"position\":1,\"name\":\"In\\u00edcio\",\"item\":\"https:\/\/rafazimbaldi.com.br\/novo\/\"},{\"@type\":\"ListItem\",\"position\":2,\"name\":\"Artigo: &#8220;Saidinha&#8221; de presos: menos ideologia, mais racionalidade\"}]},{\"@type\":\"Person\",\"@id\":\"https:\/\/rafazimbaldi.com.br\/novo\/#\/schema\/person\/4e56a44c106beb5b266f5ad8f6cb4fdc\",\"name\":\"Equipe Rafa Zimbaldi\",\"image\":{\"@type\":\"ImageObject\",\"@id\":\"https:\/\/rafazimbaldi.com.br\/novo\/#personlogo\",\"inLanguage\":\"pt-BR\",\"url\":\"https:\/\/secure.gravatar.com\/avatar\/2801ef563aa18df3a7cdfd19794cfeea?s=96&d=blank&r=g\",\"contentUrl\":\"https:\/\/secure.gravatar.com\/avatar\/2801ef563aa18df3a7cdfd19794cfeea?s=96&d=blank&r=g\",\"caption\":\"Equipe Rafa Zimbaldi\"},\"sameAs\":[\"http:\/\/rafazimbaldi.com.br\/novo\"],\"url\":\"https:\/\/rafazimbaldi.com.br\/novo\/author\/equiperz2018\/\"}]}<\/script>\n<!-- \/ Yoast SEO plugin. -->","_links":{"self":[{"href":"https:\/\/rafazimbaldi.com.br\/novo\/wp-json\/wp\/v2\/posts\/5443"}],"collection":[{"href":"https:\/\/rafazimbaldi.com.br\/novo\/wp-json\/wp\/v2\/posts"}],"about":[{"href":"https:\/\/rafazimbaldi.com.br\/novo\/wp-json\/wp\/v2\/types\/post"}],"author":[{"embeddable":true,"href":"https:\/\/rafazimbaldi.com.br\/novo\/wp-json\/wp\/v2\/users\/2"}],"replies":[{"embeddable":true,"href":"https:\/\/rafazimbaldi.com.br\/novo\/wp-json\/wp\/v2\/comments?post=5443"}],"version-history":[{"count":1,"href":"https:\/\/rafazimbaldi.com.br\/novo\/wp-json\/wp\/v2\/posts\/5443\/revisions"}],"predecessor-version":[{"id":5445,"href":"https:\/\/rafazimbaldi.com.br\/novo\/wp-json\/wp\/v2\/posts\/5443\/revisions\/5445"}],"wp:featuredmedia":[{"embeddable":true,"href":"https:\/\/rafazimbaldi.com.br\/novo\/wp-json\/wp\/v2\/media\/5444"}],"wp:attachment":[{"href":"https:\/\/rafazimbaldi.com.br\/novo\/wp-json\/wp\/v2\/media?parent=5443"}],"wp:term":[{"taxonomy":"category","embeddable":true,"href":"https:\/\/rafazimbaldi.com.br\/novo\/wp-json\/wp\/v2\/categories?post=5443"},{"taxonomy":"post_tag","embeddable":true,"href":"https:\/\/rafazimbaldi.com.br\/novo\/wp-json\/wp\/v2\/tags?post=5443"}],"curies":[{"name":"wp","href":"https:\/\/api.w.org\/{rel}","templated":true}]}}