{"id":5455,"date":"2024-04-04T15:26:24","date_gmt":"2024-04-04T18:26:24","guid":{"rendered":"https:\/\/rafazimbaldi.com.br\/novo\/?p=5455"},"modified":"2024-04-04T15:26:28","modified_gmt":"2024-04-04T18:26:28","slug":"policia-municipal-e-tema-de-audiencia-com-gcm-na-alesp","status":"publish","type":"post","link":"https:\/\/rafazimbaldi.com.br\/novo\/policia-municipal-e-tema-de-audiencia-com-gcm-na-alesp\/","title":{"rendered":"Pol\u00edcia Municipal \u00e9 tema de audi\u00eancia p\u00fablica no dia 10 de abril na Alesp, em SP"},"content":{"rendered":"\n<!--more-->\n\n\n\n<p>A Assembleia Legislativa do Estado de S\u00e3o Paulo (Alesp) sedia no pr\u00f3ximo dia 10 de abril uma audi\u00eancia p\u00fablica sobre o papel das guardas municipais como Pol\u00edcia Municipal e sua integra\u00e7\u00e3o como \u00f3rg\u00e3os de Seguran\u00e7a P\u00fablica.<br><br>Promovida pelo deputado estadual Rafa Zimbaldi, autor do &nbsp;<a href=\"https:\/\/www.al.sp.gov.br\/noticia\/?08\/01\/2024\/projeto-de-lei-pretende-transformar-guarda-civil-municipal-em-policia-municipal--\"><strong>PL 1702\/2023<\/strong><\/a> (que reconhece as guardas municipais como \u00f3rg\u00e3os de Seguran\u00e7a P\u00fablica), o encontro re\u00fane especialistas em seguran\u00e7a p\u00fablica e representantes da Associa\u00e7\u00e3o Nacional de Guardas Municipais, Instituto Sou da Paz e Conselho Nacional das Guardas Municipais. Tamb\u00e9m participa da audi\u00eancia p\u00fablica, o deputado federal Paulo Bilynskyj<strong>, <\/strong>relator do PL 1109\/23, que prop\u00f5e porte de armas aos guardas civis municipais em todo o Brasil.<br><br>Recentemente, em 2023, o STF chancelou a atua\u00e7\u00e3o policial das corpora\u00e7\u00f5es. Tamb\u00e9m a terceira turma do Superior Tribunal de Justi\u00e7a (STJ) reconheceu que a Guarda Municipal integra o sistema de Seguran\u00e7a P\u00fablica, embora sem deter as fun\u00e7\u00f5es ostensivas t\u00edpicas da Pol\u00edcia Militar (PM), nem as atividades investigativas pr\u00f3prias da Pol\u00edcia Civil.<br><br>\u201cAs guardas municipais executam atividade de seguran\u00e7a p\u00fablica essencial ao atendimento de necessidades da comunidade. Essas corpora\u00e7\u00f5es municipais inibem, previnem, e co\u00edbem infra\u00e7\u00f5es de natureza penal ou administrativas bem como atos infracionais que atentem contra patrim\u00f4nios municipais, por isso nada mais justo do que reconhecer as guardas municipais como \u00d3rg\u00e3o de Seguran\u00e7a P\u00fablica integrante do Sistema de Seguran\u00e7a P\u00fablica do Estado de S\u00e3o Paulo\u201d, destaca Rafa Zimbaldi.<\/p>\n\n\n\n<p>De acordo com o <a href=\"https:\/\/publicacoes.forumseguranca.org.br\/items\/6b3e3a1b-3bd2-40f7-b280-7419c8eb3b39\"><strong>17\u00ba Anu\u00e1rio Brasileiro de Seguran\u00e7a P\u00fablica 2023<\/strong><\/a>, produzido pelo F\u00f3rum Brasileiro de Seguran\u00e7a P\u00fablica, \u201cterceira esfera respons\u00e1vel pelo financiamento da seguran\u00e7a p\u00fablica s\u00e3o os munic\u00edpios, que apesar de n\u00e3o terem a responsabilidade de gest\u00e3o das pol\u00edcias, tem atua\u00e7\u00e3o fundamental na preven\u00e7\u00e3o da viol\u00eancia e na manuten\u00e7\u00e3o da sensa\u00e7\u00e3o de seguran\u00e7a nas cidades.\u201d<br><br>O levantamento do F\u00f3rum aponta ainda que as 1.256 cidades com guardas municipais no Brasil aumentaram suas despesas com seguran\u00e7a p\u00fablica em 10,4% em 2002 em compara\u00e7\u00e3o a 2021, chegando ao maior valor da d\u00e9cada, isto \u00e9, R$ 8, 6 bilh\u00f5es.<\/p>\n\n\n\n<p><strong>Palestrantes confirmados<\/strong><strong><br><\/strong><strong><br><\/strong><strong>Carolina Ricardo<\/strong><strong><br><\/strong>Diretora Executiva do Instituto Sou da Paz<\/p>\n\n\n\n<p><strong>Reinaldo Monteiro da Silva<\/strong><strong><br><\/strong>Presidente AGM BRASIL (Associa\u00e7\u00e3o Nacional de Guardas Municipais)<br>O papel constitucional das Guardas Municipais do Brasil e Fundo Nacional de Seguran\u00e7a P\u00fablica e o<strong> <\/strong><a href=\"https:\/\/www.camara.leg.br\/propostas-legislativas\/2314529\"><strong>PL 259\/2022<\/strong><\/a>.<\/p>\n\n\n\n<p><strong>Ramon Rodrigues Soares <br><\/strong>Vice-presidente AGM Brasil (Associa\u00e7\u00e3o Nacional de Guardas Municipais)<br>Guardas municipais integram o Sistema de Seguran\u00e7a P\u00fablica <a href=\"https:\/\/portal.stf.jus.br\/noticias\/verNoticiaDetalhe.asp?idConteudo=512996&amp;ori=1\"><strong>APDF 995<\/strong><\/a> e o <a href=\"https:\/\/www.al.sp.gov.br\/noticia\/?08\/01\/2024\/projeto-de-lei-pretende-transformar-guarda-civil-municipal-em-policia-municipal--\"><strong>PL 1702\/2023<\/strong><br><br><\/a><strong>Carlos Alexandre Braga<\/strong><br>Presidente do CNGM (Conselho Nacional das Guardas Municipais)<br>Contexto hist\u00f3rico das Guardas Municipais<br><br><strong>Deputado Federal Paulo Bilynskyj<\/strong><br>Relator do PL 1109\/23 que garantiu o porte de armas a todos CGMs do Brasil.<\/p>\n\n\n\n<ul><li><strong>RAIO-X DO EFETIVO DAS GCM<br><br><\/strong>De acordo com dados da AGM Brasil, dos 645 munic\u00edpios do Estado, apenas 222 possuem guardas municipais.<strong> <\/strong>A institui\u00e7\u00e3o concluiu neste m\u00eas de abril levantamento junto a 14 munic\u00edpios (Capital + 13 cidades) que se destacam em n\u00famero de efetivos em suas guardas municipais. <strong><br><\/strong><\/li><\/ul>\n\n\n\n<p><strong>1 &#8211; S\u00e3o Paulo<\/strong><br>7100, sendo 1700 mulheres aproximadamente (+500 em\u00a0 forma\u00e7\u00e3o)<br>7100+500= 7600<\/p>\n\n\n\n<p><strong>2 &#8211; S\u00e3o Bernardo do Campo<\/strong><br>867, sendo 300 mulheres (+150 em concurso)<br>867+150= 1017<\/p>\n\n\n\n<p><strong>3- Guarulhos <\/strong><strong><br><\/strong>850 agentes, sendo 280 mulheres.<\/p>\n\n\n\n<p><strong>4 &#8211; Campinas<\/strong><br>692 agentes, sendo 137 mulheres (+92 em forma\u00e7\u00e3o)<br>692+92 = 784<\/p>\n\n\n\n<p><strong>5 &#8211; Osasco <br><\/strong>600 agentes, sendo 126 mulheres<\/p>\n\n\n\n<p><strong>6 &#8211; Jundia\u00ed<br><\/strong>466 agentes, sendo 57 mulheres<\/p>\n\n\n\n<p><strong>7 &#8211; Barueri <br><\/strong>497, sendo\u00a0 40 mulheres (+45 em concurso)<br>497+45 =542<\/p>\n\n\n\n<p><strong>8 &#8211; Santana de Parna\u00edba<\/strong><strong><br><\/strong>403 agentes, sendo 35 mulheres.<\/p>\n\n\n\n<p><strong>9 &#8211; Cotia<\/strong><br>330 agentes, sendo 39 mulheres (+150 em concurso)<br>330+150= 480<\/p>\n\n\n\n<p><strong>10- Itapevi<br><\/strong>210 agentes, sendo 35 mulheres (+30 convocados)<br>210+30=240<\/p>\n\n\n\n<p><strong>11- Santo Andr\u00e9<br><\/strong>481 agentes, sendo 113 mulheres (+71 em forma\u00e7\u00e3o)<br>481+71=552<br><br><strong>12- Diadema <br><\/strong>314 agentes, sendo 35 mulheres<\/p>\n\n\n\n<p><strong>13- Cajamar <br><\/strong>237 agentes, sendo\u00a0 23 mulheres (+23 convocados)<br>237+23= 260<\/p>\n\n\n\n<p><strong>14- Mogi das Cruzes<\/strong><br>312 agentes, sendo 51 mulheres<\/p>\n\n\n\n<p><strong>Servi\u00e7o<br><\/strong>Audi\u00eancia P\u00fablica sobre o <a href=\"https:\/\/www.al.sp.gov.br\/noticia\/?08\/01\/2024\/projeto-de-lei-pretende-transformar-guarda-civil-municipal-em-policia-municipal--\"><strong>PL 1702\/2023<\/strong><\/a>, de autoria do deputado estadual Rafa Zimbaldi, que reconhece as guardas municipais como \u00f3rg\u00e3os de Seguran\u00e7a P\u00fablica.<br><strong><br>Data: <\/strong>10\/04\/2024<br><strong>In\u00edcio: <\/strong>10 horas<strong><br>Local: <\/strong>Assembleia Legislativa do Estado de S\u00e3o Paulo<br>Audit\u00f3rio Teot\u00f4nio Vilela<br><strong>Endere\u00e7o<\/strong>: Av. Pedro \u00c1lvares Cabral, 201 &#8211; Ibirapuera<\/p>\n","protected":false},"excerpt":{"rendered":"","protected":false},"author":2,"featured_media":5457,"comment_status":"open","ping_status":"open","sticky":false,"template":"","format":"standard","meta":{"_monsterinsights_skip_tracking":false,"_monsterinsights_sitenote_active":false,"_monsterinsights_sitenote_note":"","_monsterinsights_sitenote_category":0},"categories":[1],"tags":[426,427,428,429],"yoast_head":"<!-- This site is optimized with the Yoast SEO plugin v16.5 - https:\/\/yoast.com\/wordpress\/plugins\/seo\/ -->\n<title>Pol\u00edcia Municipal \u00e9 tema de audi\u00eancia p\u00fablica no dia 10 de abril na Alesp, em SP - Rafa Zimbaldi<\/title>\n<meta name=\"description\" content=\"A Assembleia Legislativa do Estado de S\u00e3o Paulo sedia no dia 10 de abril uma audi\u00eancia p\u00fablica sobre o papel das guardas municipais como Pol\u00edcia Municipal.\" \/>\n<meta name=\"robots\" content=\"index, follow, max-snippet:-1, max-image-preview:large, max-video-preview:-1\" \/>\n<link rel=\"canonical\" href=\"https:\/\/rafazimbaldi.com.br\/novo\/policia-municipal-e-tema-de-audiencia-com-gcm-na-alesp\/\" \/>\n<meta property=\"og:locale\" content=\"pt_BR\" \/>\n<meta property=\"og:type\" content=\"article\" \/>\n<meta property=\"og:title\" content=\"Pol\u00edcia Municipal \u00e9 tema de audi\u00eancia p\u00fablica no dia 10 de abril na Alesp, em SP - Rafa Zimbaldi\" \/>\n<meta property=\"og:description\" content=\"A Assembleia Legislativa do Estado de S\u00e3o Paulo sedia no dia 10 de abril uma audi\u00eancia p\u00fablica sobre o papel das guardas municipais como Pol\u00edcia Municipal.\" \/>\n<meta property=\"og:url\" content=\"https:\/\/rafazimbaldi.com.br\/novo\/policia-municipal-e-tema-de-audiencia-com-gcm-na-alesp\/\" \/>\n<meta property=\"og:site_name\" content=\"Rafa Zimbaldi\" \/>\n<meta property=\"article:published_time\" content=\"2024-04-04T18:26:24+00:00\" \/>\n<meta property=\"article:modified_time\" content=\"2024-04-04T18:26:28+00:00\" \/>\n<meta property=\"og:image\" content=\"https:\/\/rafazimbaldi.com.br\/novo\/wp-content\/uploads\/2024\/04\/audiencia.png\" \/>\n\t<meta property=\"og:image:width\" content=\"1200\" \/>\n\t<meta property=\"og:image:height\" content=\"675\" \/>\n<meta name=\"twitter:card\" content=\"summary_large_image\" \/>\n<meta name=\"twitter:label1\" content=\"Est. tempo de leitura\" \/>\n\t<meta name=\"twitter:data1\" content=\"3 minutos\" \/>\n<script type=\"application\/ld+json\" class=\"yoast-schema-graph\">{\"@context\":\"https:\/\/schema.org\",\"@graph\":[{\"@type\":\"WebSite\",\"@id\":\"https:\/\/rafazimbaldi.com.br\/novo\/#website\",\"url\":\"https:\/\/rafazimbaldi.com.br\/novo\/\",\"name\":\"Rafa Zimbaldi\",\"description\":\"Deputado Estadual \",\"potentialAction\":[{\"@type\":\"SearchAction\",\"target\":\"https:\/\/rafazimbaldi.com.br\/novo\/?s={search_term_string}\",\"query-input\":\"required name=search_term_string\"}],\"inLanguage\":\"pt-BR\"},{\"@type\":\"ImageObject\",\"@id\":\"https:\/\/rafazimbaldi.com.br\/novo\/policia-municipal-e-tema-de-audiencia-com-gcm-na-alesp\/#primaryimage\",\"inLanguage\":\"pt-BR\",\"url\":\"https:\/\/rafazimbaldi.com.br\/novo\/wp-content\/uploads\/2024\/04\/audiencia.png\",\"contentUrl\":\"https:\/\/rafazimbaldi.com.br\/novo\/wp-content\/uploads\/2024\/04\/audiencia.png\",\"width\":1200,\"height\":675},{\"@type\":\"WebPage\",\"@id\":\"https:\/\/rafazimbaldi.com.br\/novo\/policia-municipal-e-tema-de-audiencia-com-gcm-na-alesp\/#webpage\",\"url\":\"https:\/\/rafazimbaldi.com.br\/novo\/policia-municipal-e-tema-de-audiencia-com-gcm-na-alesp\/\",\"name\":\"Pol\\u00edcia Municipal \\u00e9 tema de audi\\u00eancia p\\u00fablica no dia 10 de abril na Alesp, em SP - Rafa Zimbaldi\",\"isPartOf\":{\"@id\":\"https:\/\/rafazimbaldi.com.br\/novo\/#website\"},\"primaryImageOfPage\":{\"@id\":\"https:\/\/rafazimbaldi.com.br\/novo\/policia-municipal-e-tema-de-audiencia-com-gcm-na-alesp\/#primaryimage\"},\"datePublished\":\"2024-04-04T18:26:24+00:00\",\"dateModified\":\"2024-04-04T18:26:28+00:00\",\"author\":{\"@id\":\"https:\/\/rafazimbaldi.com.br\/novo\/#\/schema\/person\/4e56a44c106beb5b266f5ad8f6cb4fdc\"},\"description\":\"A Assembleia Legislativa do Estado de S\\u00e3o Paulo sedia no dia 10 de abril uma audi\\u00eancia p\\u00fablica sobre o papel das guardas municipais como Pol\\u00edcia Municipal.\",\"breadcrumb\":{\"@id\":\"https:\/\/rafazimbaldi.com.br\/novo\/policia-municipal-e-tema-de-audiencia-com-gcm-na-alesp\/#breadcrumb\"},\"inLanguage\":\"pt-BR\",\"potentialAction\":[{\"@type\":\"ReadAction\",\"target\":[\"https:\/\/rafazimbaldi.com.br\/novo\/policia-municipal-e-tema-de-audiencia-com-gcm-na-alesp\/\"]}]},{\"@type\":\"BreadcrumbList\",\"@id\":\"https:\/\/rafazimbaldi.com.br\/novo\/policia-municipal-e-tema-de-audiencia-com-gcm-na-alesp\/#breadcrumb\",\"itemListElement\":[{\"@type\":\"ListItem\",\"position\":1,\"name\":\"In\\u00edcio\",\"item\":\"https:\/\/rafazimbaldi.com.br\/novo\/\"},{\"@type\":\"ListItem\",\"position\":2,\"name\":\"Pol\\u00edcia Municipal \\u00e9 tema de audi\\u00eancia p\\u00fablica no dia 10 de abril na Alesp, em SP\"}]},{\"@type\":\"Person\",\"@id\":\"https:\/\/rafazimbaldi.com.br\/novo\/#\/schema\/person\/4e56a44c106beb5b266f5ad8f6cb4fdc\",\"name\":\"Equipe Rafa Zimbaldi\",\"image\":{\"@type\":\"ImageObject\",\"@id\":\"https:\/\/rafazimbaldi.com.br\/novo\/#personlogo\",\"inLanguage\":\"pt-BR\",\"url\":\"https:\/\/secure.gravatar.com\/avatar\/2801ef563aa18df3a7cdfd19794cfeea?s=96&d=blank&r=g\",\"contentUrl\":\"https:\/\/secure.gravatar.com\/avatar\/2801ef563aa18df3a7cdfd19794cfeea?s=96&d=blank&r=g\",\"caption\":\"Equipe Rafa Zimbaldi\"},\"sameAs\":[\"http:\/\/rafazimbaldi.com.br\/novo\"],\"url\":\"https:\/\/rafazimbaldi.com.br\/novo\/author\/equiperz2018\/\"}]}<\/script>\n<!-- \/ Yoast SEO plugin. -->","_links":{"self":[{"href":"https:\/\/rafazimbaldi.com.br\/novo\/wp-json\/wp\/v2\/posts\/5455"}],"collection":[{"href":"https:\/\/rafazimbaldi.com.br\/novo\/wp-json\/wp\/v2\/posts"}],"about":[{"href":"https:\/\/rafazimbaldi.com.br\/novo\/wp-json\/wp\/v2\/types\/post"}],"author":[{"embeddable":true,"href":"https:\/\/rafazimbaldi.com.br\/novo\/wp-json\/wp\/v2\/users\/2"}],"replies":[{"embeddable":true,"href":"https:\/\/rafazimbaldi.com.br\/novo\/wp-json\/wp\/v2\/comments?post=5455"}],"version-history":[{"count":1,"href":"https:\/\/rafazimbaldi.com.br\/novo\/wp-json\/wp\/v2\/posts\/5455\/revisions"}],"predecessor-version":[{"id":5458,"href":"https:\/\/rafazimbaldi.com.br\/novo\/wp-json\/wp\/v2\/posts\/5455\/revisions\/5458"}],"wp:featuredmedia":[{"embeddable":true,"href":"https:\/\/rafazimbaldi.com.br\/novo\/wp-json\/wp\/v2\/media\/5457"}],"wp:attachment":[{"href":"https:\/\/rafazimbaldi.com.br\/novo\/wp-json\/wp\/v2\/media?parent=5455"}],"wp:term":[{"taxonomy":"category","embeddable":true,"href":"https:\/\/rafazimbaldi.com.br\/novo\/wp-json\/wp\/v2\/categories?post=5455"},{"taxonomy":"post_tag","embeddable":true,"href":"https:\/\/rafazimbaldi.com.br\/novo\/wp-json\/wp\/v2\/tags?post=5455"}],"curies":[{"name":"wp","href":"https:\/\/api.w.org\/{rel}","templated":true}]}}