{"id":5486,"date":"2024-04-12T10:03:41","date_gmt":"2024-04-12T13:03:41","guid":{"rendered":"https:\/\/rafazimbaldi.com.br\/novo\/?p=5486"},"modified":"2024-04-12T10:15:50","modified_gmt":"2024-04-12T13:15:50","slug":"imprensa-destaca-proposta-de-rafa-zimbaldi-para-guarda-municipal-ser-policia-municipal","status":"publish","type":"post","link":"https:\/\/rafazimbaldi.com.br\/novo\/imprensa-destaca-proposta-de-rafa-zimbaldi-para-guarda-municipal-ser-policia-municipal\/","title":{"rendered":"Imprensa destaca proposta de Rafa Zimbaldi para Guarda Municipal ser Pol\u00edcia Municipal"},"content":{"rendered":"\n<!--more-->\n\n\n\n<p>A imprensa de diferentes regi\u00f5es do Estado deu aten\u00e7\u00e3o \u00e0 nossa audi\u00eancia p\u00fablica sobre a valoriza\u00e7\u00e3o das guardas municipais nas cidades paulistas. O tema \u00e9 realmente importante porque diz respeito \u00e0 seguran\u00e7a p\u00fablica.<\/p>\n\n\n\n<p><strong><a href=\"https:\/\/whatsapp.com\/channel\/0029VaD4nZEFMqrSag9ZQr3M\" target=\"_blank\" rel=\"noreferrer noopener\">Siga o nosso Canal de Not\u00edcia no Whatsapp<\/a><\/strong><br><br><strong>Veja cada uma das publica\u00e7\u00f5es<\/strong><\/p>\n\n\n\n<figure class=\"wp-block-embed is-type-wp-embed is-provider-jornal-novo-sao-paulo-online wp-block-embed-jornal-novo-sao-paulo-online\"><div class=\"wp-block-embed__wrapper\">\n<blockquote class=\"wp-embedded-content\" data-secret=\"yM02B9pdOq\"><a href=\"https:\/\/novosaopaulo.com.br\/n1\/rafa-zimbaldi-discute-mudanca-de-gcm-para-policia-municipal-com-entidades-ligadas-a-seguranca-publica-na-alesp\/\">Rafa Zimbaldi discute mudan\u00e7a de GCM para Pol\u00edcia Municipal com entidades ligadas \u00e0 Seguran\u00e7a P\u00fablica na Alesp<\/a><\/blockquote><iframe class=\"wp-embedded-content\" sandbox=\"allow-scripts\" security=\"restricted\" style=\"position: absolute; clip: rect(1px, 1px, 1px, 1px);\" title=\"&#8220;Rafa Zimbaldi discute mudan\u00e7a de GCM para Pol\u00edcia Municipal com entidades ligadas \u00e0 Seguran\u00e7a P\u00fablica na Alesp&#8221; &#8212; Jornal Novo S\u00e3o Paulo Online\" src=\"https:\/\/novosaopaulo.com.br\/n1\/rafa-zimbaldi-discute-mudanca-de-gcm-para-policia-municipal-com-entidades-ligadas-a-seguranca-publica-na-alesp\/embed\/#?secret=nxAnOoEyPn#?secret=yM02B9pdOq\" data-secret=\"yM02B9pdOq\" width=\"500\" height=\"282\" frameborder=\"0\" marginwidth=\"0\" marginheight=\"0\" scrolling=\"no\"><\/iframe>\n<\/div><\/figure>\n\n\n\n<figure class=\"wp-block-embed is-type-wp-embed is-provider-em-noticia wp-block-embed-em-noticia\"><div class=\"wp-block-embed__wrapper\">\n<blockquote class=\"wp-embedded-content\" data-secret=\"3bQoIV7C5k\"><a href=\"https:\/\/emnoticia.com.br\/rafa-zimbaldi-discute-mudanca-de-gcm-para-policia-municipal-com-entidades-ligadas-a-seguranca-publica-na-alesp\/\">Rafa Zimbaldi discute mudan\u00e7a de GCM para Pol\u00edcia Municipal com entidades ligadas \u00e0 Seguran\u00e7a P\u00fablica na Alesp<\/a><\/blockquote><iframe class=\"wp-embedded-content\" sandbox=\"allow-scripts\" security=\"restricted\" style=\"position: absolute; clip: rect(1px, 1px, 1px, 1px);\" title=\"&#8220;Rafa Zimbaldi discute mudan\u00e7a de GCM para Pol\u00edcia Municipal com entidades ligadas \u00e0 Seguran\u00e7a P\u00fablica na Alesp&#8221; &#8212; EM NOT\u00cdCIA\" src=\"https:\/\/emnoticia.com.br\/rafa-zimbaldi-discute-mudanca-de-gcm-para-policia-municipal-com-entidades-ligadas-a-seguranca-publica-na-alesp\/embed\/#?secret=nMdfIbxHuc#?secret=3bQoIV7C5k\" data-secret=\"3bQoIV7C5k\" width=\"500\" height=\"282\" frameborder=\"0\" marginwidth=\"0\" marginheight=\"0\" scrolling=\"no\"><\/iframe>\n<\/div><\/figure>\n\n\n\n<figure class=\"wp-block-embed is-type-wp-embed is-provider-tamoios-news wp-block-embed-tamoios-news\"><div class=\"wp-block-embed__wrapper\">\n<blockquote class=\"wp-embedded-content\" data-secret=\"Wzrier0Gae\"><a href=\"https:\/\/www.tamoiosnews.com.br\/geral\/deputado-discute-mudanca-de-gcm-para-policia-municipal-com-entidades-ligadas-a-seguranca-publica-na-alesp\/\">Deputado discute mudan\u00e7a de GCM para Pol\u00edcia Municipal com entidades ligadas \u00e0 Seguran\u00e7a P\u00fablica na Alesp<\/a><\/blockquote><iframe class=\"wp-embedded-content\" sandbox=\"allow-scripts\" security=\"restricted\" style=\"position: absolute; clip: rect(1px, 1px, 1px, 1px);\" title=\"&#8220;Deputado discute mudan\u00e7a de GCM para Pol\u00edcia Municipal com entidades ligadas \u00e0 Seguran\u00e7a P\u00fablica na Alesp&#8221; &#8212; Tamoios News\" src=\"https:\/\/www.tamoiosnews.com.br\/geral\/deputado-discute-mudanca-de-gcm-para-policia-municipal-com-entidades-ligadas-a-seguranca-publica-na-alesp\/embed\/#?secret=07JlByWhgR#?secret=Wzrier0Gae\" data-secret=\"Wzrier0Gae\" width=\"500\" height=\"282\" frameborder=\"0\" marginwidth=\"0\" marginheight=\"0\" scrolling=\"no\"><\/iframe>\n<\/div><\/figure>\n\n\n\n<figure class=\"wp-block-embed is-type-wp-embed is-provider-rafa-zimbaldi wp-block-embed-rafa-zimbaldi\"><div class=\"wp-block-embed__wrapper\">\n<blockquote class=\"wp-embedded-content\" data-secret=\"HmJLUCj2x9\"><a href=\"https:\/\/rafazimbaldi.com.br\/novo\/em-sp-entidades-apoiam-reconhecimento-das-guardas-municipais-como-policia-municipal\/\">Em SP, entidades apoiam reconhecimento das Guardas Municipais como Pol\u00edcia Municipal<\/a><\/blockquote><iframe class=\"wp-embedded-content\" sandbox=\"allow-scripts\" security=\"restricted\" style=\"position: absolute; clip: rect(1px, 1px, 1px, 1px);\" title=\"&#8220;Em SP, entidades apoiam reconhecimento das Guardas Municipais como Pol\u00edcia Municipal&#8221; &#8212; Rafa Zimbaldi\" src=\"https:\/\/rafazimbaldi.com.br\/novo\/em-sp-entidades-apoiam-reconhecimento-das-guardas-municipais-como-policia-municipal\/embed\/#?secret=HmJLUCj2x9\" data-secret=\"HmJLUCj2x9\" width=\"500\" height=\"282\" frameborder=\"0\" marginwidth=\"0\" marginheight=\"0\" scrolling=\"no\"><\/iframe>\n<\/div><\/figure>\n\n\n\n<figure class=\"wp-block-embed is-type-wp-embed is-provider-expresso-222 wp-block-embed-expresso-222\"><div class=\"wp-block-embed__wrapper\">\n<blockquote class=\"wp-embedded-content\" data-secret=\"7viYouWsYI\"><a href=\"https:\/\/expresso222.com.br\/geral\/rafa-zimbaldi-discute-com-entidades-mudanca-de-gcm-para-policia-municipal\/\">Rafa Zimbaldi discute com entidades mudan\u00e7a de GCM para Pol\u00edcia Municipal<\/a><\/blockquote><iframe class=\"wp-embedded-content\" sandbox=\"allow-scripts\" security=\"restricted\" style=\"position: absolute; clip: rect(1px, 1px, 1px, 1px);\" title=\"&#8220;Rafa Zimbaldi discute com entidades mudan\u00e7a de GCM para Pol\u00edcia Municipal&#8221; &#8212; Expresso222\" src=\"https:\/\/expresso222.com.br\/geral\/rafa-zimbaldi-discute-com-entidades-mudanca-de-gcm-para-policia-municipal\/embed\/#?secret=uI7O8qfcjF#?secret=7viYouWsYI\" data-secret=\"7viYouWsYI\" width=\"500\" height=\"282\" frameborder=\"0\" marginwidth=\"0\" marginheight=\"0\" scrolling=\"no\"><\/iframe>\n<\/div><\/figure>\n\n\n\n<figure class=\"wp-block-embed is-type-wp-embed is-provider-suzano-tv-grupo-folha-12-de-comunicacao wp-block-embed-suzano-tv-grupo-folha-12-de-comunicacao\"><div class=\"wp-block-embed__wrapper\">\n<blockquote class=\"wp-embedded-content\" data-secret=\"PrC1zZXLGR\"><a href=\"https:\/\/suzano.tv\/2024\/04\/rafa-zimbaldi-discute-mudanca-de-gcm-para-policia-municipal-com-entidades-ligadas-a-seguranca-publica-na-alesp\/\">Rafa Zimbaldi discute mudan\u00e7a de GCM para Pol\u00edcia Municipal com entidades ligadas \u00e0 Seguran\u00e7a P\u00fablica na Alesp<\/a><\/blockquote><iframe class=\"wp-embedded-content\" sandbox=\"allow-scripts\" security=\"restricted\" style=\"position: absolute; clip: rect(1px, 1px, 1px, 1px);\" title=\"&#8220;Rafa Zimbaldi discute mudan\u00e7a de GCM para Pol\u00edcia Municipal com entidades ligadas \u00e0 Seguran\u00e7a P\u00fablica na Alesp&#8221; &#8212; Suzano TV - Grupo Folha 12 de Comunica\u00e7\u00e3o\" src=\"https:\/\/suzano.tv\/2024\/04\/rafa-zimbaldi-discute-mudanca-de-gcm-para-policia-municipal-com-entidades-ligadas-a-seguranca-publica-na-alesp\/embed\/#?secret=SoeKRxlIWe#?secret=PrC1zZXLGR\" data-secret=\"PrC1zZXLGR\" width=\"500\" height=\"282\" frameborder=\"0\" marginwidth=\"0\" marginheight=\"0\" scrolling=\"no\"><\/iframe>\n<\/div><\/figure>\n\n\n\n<figure class=\"wp-block-embed is-type-wp-embed is-provider-jornal-exata wp-block-embed-jornal-exata\"><div class=\"wp-block-embed__wrapper\">\n<blockquote class=\"wp-embedded-content\" data-secret=\"GjEe6xQawV\"><a href=\"https:\/\/jornalexata.com.br\/2024\/04\/09\/rafa-zimbaldi-discute-mudanca-de-gcm-para-policia-municipal-com-entidades-ligadas-a-seguranca-publica-na-alesp\/\">Rafa Zimbaldi discute mudan\u00e7a de GCM para Pol\u00edcia Municipal com entidades ligadas \u00e0 Seguran\u00e7a P\u00fablica na Alesp<\/a><\/blockquote><iframe class=\"wp-embedded-content\" sandbox=\"allow-scripts\" security=\"restricted\" style=\"position: absolute; clip: rect(1px, 1px, 1px, 1px);\" title=\"&#8220;Rafa Zimbaldi discute mudan\u00e7a de GCM para Pol\u00edcia Municipal com entidades ligadas \u00e0 Seguran\u00e7a P\u00fablica na Alesp&#8221; &#8212; Jornal Exata\" src=\"https:\/\/jornalexata.com.br\/2024\/04\/09\/rafa-zimbaldi-discute-mudanca-de-gcm-para-policia-municipal-com-entidades-ligadas-a-seguranca-publica-na-alesp\/embed\/#?secret=787LhMtXFm#?secret=GjEe6xQawV\" data-secret=\"GjEe6xQawV\" width=\"500\" height=\"282\" frameborder=\"0\" marginwidth=\"0\" marginheight=\"0\" scrolling=\"no\"><\/iframe>\n<\/div><\/figure>\n\n\n\n<figure class=\"wp-block-image size-large\"><img loading=\"lazy\" width=\"1024\" height=\"683\" src=\"https:\/\/rafazimbaldi.com.br\/novo\/wp-content\/uploads\/2024\/04\/53645667930_de25be4177_o-1024x683.jpg\" alt=\"\" class=\"wp-image-5474\" srcset=\"https:\/\/rafazimbaldi.com.br\/novo\/wp-content\/uploads\/2024\/04\/53645667930_de25be4177_o-1024x683.jpg 1024w, https:\/\/rafazimbaldi.com.br\/novo\/wp-content\/uploads\/2024\/04\/53645667930_de25be4177_o-300x200.jpg 300w, https:\/\/rafazimbaldi.com.br\/novo\/wp-content\/uploads\/2024\/04\/53645667930_de25be4177_o-768x512.jpg 768w, https:\/\/rafazimbaldi.com.br\/novo\/wp-content\/uploads\/2024\/04\/53645667930_de25be4177_o-1536x1024.jpg 1536w, https:\/\/rafazimbaldi.com.br\/novo\/wp-content\/uploads\/2024\/04\/53645667930_de25be4177_o-2048x1365.jpg 2048w\" sizes=\"(max-width: 1024px) 100vw, 1024px\" \/><\/figure>\n\n\n\n<p><strong><a href=\"https:\/\/sb24horas.com.br\/rafa-zimbaldi-discute-mudanca-de-gcm-para-policia-municipal-com-entidades-ligadas-a-seguranca-publica-na-alesp\/\" target=\"_blank\" rel=\"noreferrer noopener\">Rafa Zimbaldi discute mudan\u00e7a de GCM para Pol\u00edcia Municipal com entidades ligadas \u00e0 Seguran\u00e7a P\u00fablica na Alesp<\/a><\/strong><br><br><a href=\"https:\/\/www.regiaohoje.com.br\/noticia\/29800\/santa-barbara\/politica\/rafa-zimbaldi-discute-mudanca-de-gcm-para-policia-municipal-com-entidades-ligadas-a-seguranca-publica-na-alesp.html\" target=\"_blank\" rel=\"noreferrer noopener\"><strong>Rafa Zimbaldi discute mudan\u00e7a de GCM para Pol\u00edcia Municipal com entidades ligadas \u00e0 Seguran\u00e7a P\u00fablica na Alesp<\/strong><\/a><br><br><strong><a href=\"https:\/\/radiopalermo.com.br\/noticia\/1548800\/rafa-zimbaldi-discute-mudanca-de-gcm-para-policia-municipal-com-entidades-ligadas-a-seguranca-publica-na-alesp\" target=\"_blank\" rel=\"noreferrer noopener\">Rafa Zimbaldi discute mudan\u00e7a de GCM para Pol\u00edcia Municipal com entidades ligadas \u00e0 Seguran\u00e7a P\u00fablica na Alesp<\/a><\/strong><\/p>\n","protected":false},"excerpt":{"rendered":"","protected":false},"author":2,"featured_media":5467,"comment_status":"open","ping_status":"open","sticky":false,"template":"","format":"standard","meta":{"_monsterinsights_skip_tracking":false,"_monsterinsights_sitenote_active":false,"_monsterinsights_sitenote_note":"","_monsterinsights_sitenote_category":0},"categories":[1],"tags":[432,15,429],"yoast_head":"<!-- This site is optimized with the Yoast SEO plugin v16.5 - https:\/\/yoast.com\/wordpress\/plugins\/seo\/ -->\n<title>Imprensa destaca proposta de Rafa Zimbaldi para Guarda Municipal ser Pol\u00edcia Municipal - Rafa Zimbaldi<\/title>\n<meta name=\"description\" content=\"A imprensa de diferentes regi\u00f5es do Estado deu aten\u00e7\u00e3o \u00e0 audi\u00eancia p\u00fablica sobre a valoriza\u00e7\u00e3o das guardas municipais nas cidades paulistas.\" \/>\n<meta name=\"robots\" content=\"index, follow, max-snippet:-1, max-image-preview:large, max-video-preview:-1\" \/>\n<link rel=\"canonical\" href=\"https:\/\/rafazimbaldi.com.br\/novo\/imprensa-destaca-proposta-de-rafa-zimbaldi-para-guarda-municipal-ser-policia-municipal\/\" \/>\n<meta property=\"og:locale\" content=\"pt_BR\" \/>\n<meta property=\"og:type\" content=\"article\" \/>\n<meta property=\"og:title\" content=\"Imprensa destaca proposta de Rafa Zimbaldi para Guarda Municipal ser Pol\u00edcia Municipal - Rafa Zimbaldi\" \/>\n<meta property=\"og:description\" content=\"A imprensa de diferentes regi\u00f5es do Estado deu aten\u00e7\u00e3o \u00e0 audi\u00eancia p\u00fablica sobre a valoriza\u00e7\u00e3o das guardas municipais nas cidades paulistas.\" \/>\n<meta property=\"og:url\" content=\"https:\/\/rafazimbaldi.com.br\/novo\/imprensa-destaca-proposta-de-rafa-zimbaldi-para-guarda-municipal-ser-policia-municipal\/\" \/>\n<meta property=\"og:site_name\" content=\"Rafa Zimbaldi\" \/>\n<meta property=\"article:published_time\" content=\"2024-04-12T13:03:41+00:00\" \/>\n<meta property=\"article:modified_time\" content=\"2024-04-12T13:15:50+00:00\" \/>\n<meta property=\"og:image\" content=\"https:\/\/rafazimbaldi.com.br\/novo\/wp-content\/uploads\/2024\/04\/53645667685_c59bd31add_k.jpg\" \/>\n\t<meta property=\"og:image:width\" content=\"2048\" \/>\n\t<meta property=\"og:image:height\" content=\"1365\" \/>\n<meta name=\"twitter:card\" content=\"summary_large_image\" \/>\n<meta name=\"twitter:label1\" content=\"Est. tempo de leitura\" \/>\n\t<meta name=\"twitter:data1\" content=\"1 minuto\" \/>\n<script type=\"application\/ld+json\" class=\"yoast-schema-graph\">{\"@context\":\"https:\/\/schema.org\",\"@graph\":[{\"@type\":\"WebSite\",\"@id\":\"https:\/\/rafazimbaldi.com.br\/novo\/#website\",\"url\":\"https:\/\/rafazimbaldi.com.br\/novo\/\",\"name\":\"Rafa Zimbaldi\",\"description\":\"Deputado Estadual \",\"potentialAction\":[{\"@type\":\"SearchAction\",\"target\":\"https:\/\/rafazimbaldi.com.br\/novo\/?s={search_term_string}\",\"query-input\":\"required name=search_term_string\"}],\"inLanguage\":\"pt-BR\"},{\"@type\":\"ImageObject\",\"@id\":\"https:\/\/rafazimbaldi.com.br\/novo\/imprensa-destaca-proposta-de-rafa-zimbaldi-para-guarda-municipal-ser-policia-municipal\/#primaryimage\",\"inLanguage\":\"pt-BR\",\"url\":\"https:\/\/rafazimbaldi.com.br\/novo\/wp-content\/uploads\/2024\/04\/53645667685_c59bd31add_k.jpg\",\"contentUrl\":\"https:\/\/rafazimbaldi.com.br\/novo\/wp-content\/uploads\/2024\/04\/53645667685_c59bd31add_k.jpg\",\"width\":2048,\"height\":1365},{\"@type\":\"WebPage\",\"@id\":\"https:\/\/rafazimbaldi.com.br\/novo\/imprensa-destaca-proposta-de-rafa-zimbaldi-para-guarda-municipal-ser-policia-municipal\/#webpage\",\"url\":\"https:\/\/rafazimbaldi.com.br\/novo\/imprensa-destaca-proposta-de-rafa-zimbaldi-para-guarda-municipal-ser-policia-municipal\/\",\"name\":\"Imprensa destaca proposta de Rafa Zimbaldi para Guarda Municipal ser Pol\\u00edcia Municipal - Rafa Zimbaldi\",\"isPartOf\":{\"@id\":\"https:\/\/rafazimbaldi.com.br\/novo\/#website\"},\"primaryImageOfPage\":{\"@id\":\"https:\/\/rafazimbaldi.com.br\/novo\/imprensa-destaca-proposta-de-rafa-zimbaldi-para-guarda-municipal-ser-policia-municipal\/#primaryimage\"},\"datePublished\":\"2024-04-12T13:03:41+00:00\",\"dateModified\":\"2024-04-12T13:15:50+00:00\",\"author\":{\"@id\":\"https:\/\/rafazimbaldi.com.br\/novo\/#\/schema\/person\/4e56a44c106beb5b266f5ad8f6cb4fdc\"},\"description\":\"A imprensa de diferentes regi\\u00f5es do Estado deu aten\\u00e7\\u00e3o \\u00e0 audi\\u00eancia p\\u00fablica sobre a valoriza\\u00e7\\u00e3o das guardas municipais nas cidades paulistas.\",\"breadcrumb\":{\"@id\":\"https:\/\/rafazimbaldi.com.br\/novo\/imprensa-destaca-proposta-de-rafa-zimbaldi-para-guarda-municipal-ser-policia-municipal\/#breadcrumb\"},\"inLanguage\":\"pt-BR\",\"potentialAction\":[{\"@type\":\"ReadAction\",\"target\":[\"https:\/\/rafazimbaldi.com.br\/novo\/imprensa-destaca-proposta-de-rafa-zimbaldi-para-guarda-municipal-ser-policia-municipal\/\"]}]},{\"@type\":\"BreadcrumbList\",\"@id\":\"https:\/\/rafazimbaldi.com.br\/novo\/imprensa-destaca-proposta-de-rafa-zimbaldi-para-guarda-municipal-ser-policia-municipal\/#breadcrumb\",\"itemListElement\":[{\"@type\":\"ListItem\",\"position\":1,\"name\":\"In\\u00edcio\",\"item\":\"https:\/\/rafazimbaldi.com.br\/novo\/\"},{\"@type\":\"ListItem\",\"position\":2,\"name\":\"Imprensa destaca proposta de Rafa Zimbaldi para Guarda Municipal ser Pol\\u00edcia Municipal\"}]},{\"@type\":\"Person\",\"@id\":\"https:\/\/rafazimbaldi.com.br\/novo\/#\/schema\/person\/4e56a44c106beb5b266f5ad8f6cb4fdc\",\"name\":\"Equipe Rafa Zimbaldi\",\"image\":{\"@type\":\"ImageObject\",\"@id\":\"https:\/\/rafazimbaldi.com.br\/novo\/#personlogo\",\"inLanguage\":\"pt-BR\",\"url\":\"https:\/\/secure.gravatar.com\/avatar\/2801ef563aa18df3a7cdfd19794cfeea?s=96&d=blank&r=g\",\"contentUrl\":\"https:\/\/secure.gravatar.com\/avatar\/2801ef563aa18df3a7cdfd19794cfeea?s=96&d=blank&r=g\",\"caption\":\"Equipe Rafa Zimbaldi\"},\"sameAs\":[\"http:\/\/rafazimbaldi.com.br\/novo\"],\"url\":\"https:\/\/rafazimbaldi.com.br\/novo\/author\/equiperz2018\/\"}]}<\/script>\n<!-- \/ Yoast SEO plugin. -->","_links":{"self":[{"href":"https:\/\/rafazimbaldi.com.br\/novo\/wp-json\/wp\/v2\/posts\/5486"}],"collection":[{"href":"https:\/\/rafazimbaldi.com.br\/novo\/wp-json\/wp\/v2\/posts"}],"about":[{"href":"https:\/\/rafazimbaldi.com.br\/novo\/wp-json\/wp\/v2\/types\/post"}],"author":[{"embeddable":true,"href":"https:\/\/rafazimbaldi.com.br\/novo\/wp-json\/wp\/v2\/users\/2"}],"replies":[{"embeddable":true,"href":"https:\/\/rafazimbaldi.com.br\/novo\/wp-json\/wp\/v2\/comments?post=5486"}],"version-history":[{"count":4,"href":"https:\/\/rafazimbaldi.com.br\/novo\/wp-json\/wp\/v2\/posts\/5486\/revisions"}],"predecessor-version":[{"id":5495,"href":"https:\/\/rafazimbaldi.com.br\/novo\/wp-json\/wp\/v2\/posts\/5486\/revisions\/5495"}],"wp:featuredmedia":[{"embeddable":true,"href":"https:\/\/rafazimbaldi.com.br\/novo\/wp-json\/wp\/v2\/media\/5467"}],"wp:attachment":[{"href":"https:\/\/rafazimbaldi.com.br\/novo\/wp-json\/wp\/v2\/media?parent=5486"}],"wp:term":[{"taxonomy":"category","embeddable":true,"href":"https:\/\/rafazimbaldi.com.br\/novo\/wp-json\/wp\/v2\/categories?post=5486"},{"taxonomy":"post_tag","embeddable":true,"href":"https:\/\/rafazimbaldi.com.br\/novo\/wp-json\/wp\/v2\/tags?post=5486"}],"curies":[{"name":"wp","href":"https:\/\/api.w.org\/{rel}","templated":true}]}}