{"id":5510,"date":"2024-10-16T14:50:40","date_gmt":"2024-10-16T17:50:40","guid":{"rendered":"https:\/\/rafazimbaldi.com.br\/novo\/?p=5510"},"modified":"2024-10-16T14:50:42","modified_gmt":"2024-10-16T17:50:42","slug":"alesp-comissao-de-financas-aprova-dois-projetos-de-lei-do-deputado-rafa-zimbaldi","status":"publish","type":"post","link":"https:\/\/rafazimbaldi.com.br\/novo\/alesp-comissao-de-financas-aprova-dois-projetos-de-lei-do-deputado-rafa-zimbaldi\/","title":{"rendered":"Alesp: Comiss\u00e3o de Finan\u00e7as aprova dois projetos de lei do deputado Rafa Zimbaldi"},"content":{"rendered":"\n<!--more-->\n\n\n\n<p>Dois projetos de lei apresentados pelo deputado estadual Rafa Zimbaldi (Cidadania) foram aprovados pela Comiss\u00e3o de Finan\u00e7as, Or\u00e7amento e Planejamento (CFOP) da Assembleia Legislativa do Estado de S\u00e3o Paulo (Alesp), nesta ter\u00e7a-feira (16).&nbsp;<\/p>\n\n\n\n<p>O primeiro projeto de lei aprovado \u00e9 o <a href=\"https:\/\/www.al.sp.gov.br\/propositura\/?id=1000377280\" target=\"_blank\" rel=\"noreferrer noopener\">429\/2021<\/a>, que garante \u00e0 pessoa com Transtorno do Espectro Autista (TEA) atividade no mercado de trabalho compat\u00edvel com sua aptid\u00e3o, forma\u00e7\u00e3o, experi\u00eancia e opini\u00e3o.<\/p>\n\n\n\n<p>Pela proposta do PL 429\/2021, a empresa que contratar pessoas com TEA ter\u00e1 de observar a aptid\u00e3o do candidato para que ele possa assumir qualquer cargo que esteja \u00e0 disposi\u00e7\u00e3o no processo de sele\u00e7\u00e3o.&nbsp;<\/p>\n\n\n\n<p>Segundo Rafa Zimbaldi, o principal objetivo do PL 429\/2021 \u00e9 priorizar o direito \u00e0 equidade, visando apoiar a pessoa com autismo&nbsp; portador de autismo a ter o seu espa\u00e7o no mercado de trabalho.&nbsp;<\/p>\n\n\n\n<p>\u201cA nossa proposta de lei tamb\u00e9m garante que a contrata\u00e7\u00e3o ocorra conforme os talentos, prefer\u00eancias pessoais e forma\u00e7\u00e3o acad\u00eamica da pessoa com TEA, de modo que n\u00e3o ocorra limita\u00e7\u00e3o quanto \u00e0s alternativas de emprego\u201d, afirma Rafa Zimbaldi.<\/p>\n\n\n\n<h2><strong>Identificando os perigos no mundo digital<\/strong><\/h2>\n\n\n\n<p>Outro projeto aprovado pela Comiss\u00e3o de Finan\u00e7as, Or\u00e7amento e Planejamento da Alesp foi o de n\u00famero <a href=\"https:\/\/www.al.sp.gov.br\/propositura\/?id=1000309312\" target=\"_blank\" rel=\"noreferrer noopener\">1193\/2019<\/a>, que institui em todas as escolas p\u00fablicas e privadas de educa\u00e7\u00e3o b\u00e1sica o Programa Cidadania Digital.\u00a0<\/p>\n\n\n\n<p>O objetivo da proposta \u00e9 incentivar a cidadania por meio do comportamento adequado, respons\u00e1vel e saud\u00e1vel relacionado ao uso da internet e outros recursos tecnol\u00f3gicos.O Programa Cidadania Digital vai capacitar os alunos para que saibam identificar conte\u00fado prejudicial ou inadequado no ambiente digital, incentivando o uso respons\u00e1vel e saud\u00e1vel da tecnologia.<\/p>\n\n\n\n<p>\u201cNo mundo de hoje existem muitos aplicativos que colocam em risco a integridade da sa\u00fade mental de crian\u00e7as que t\u00eam acesso \u00e0 tecnologia dentro ou fora da sala de aula. Por isso precisamos ensin\u00e1-las o que representa perigo em simples app de celular ou jogos e comunidades online\u201d, afirma Rafa Zimbaldi.<\/p>\n\n\n\n<p><em><strong>Rafa Zimbaldi <\/strong>(Cidadania) \u00e9 deputado estadual pelo segundo mandato. \u00c9 coordenador da Frente Parlamentar de Combate e Enfrentamento \u00e0s Drogas. Foi membro efetivo da CPI da Epidemia do Crack e da Comiss\u00e3o de Seguran\u00e7a P\u00fablica e Assuntos Penitenci\u00e1rios da Assembleia Legislativa do Estado de S\u00e3o Paulo (Alesp). Foi presidente da Comiss\u00e3o de Transportes e Assuntos Metropolitanos da Alesp. Foi vereador por quatro mandatos em Campinas e presidente da C\u00e2mara Municipal por duas ocasi\u00f5es. \u00c9 graduado em Rela\u00e7\u00f5es Internacionais.<\/em><\/p>\n","protected":false},"excerpt":{"rendered":"","protected":false},"author":2,"featured_media":5511,"comment_status":"open","ping_status":"open","sticky":false,"template":"","format":"standard","meta":{"_monsterinsights_skip_tracking":false,"_monsterinsights_sitenote_active":false,"_monsterinsights_sitenote_note":"","_monsterinsights_sitenote_category":0},"categories":[1],"tags":[287,28,440,439],"yoast_head":"<!-- This site is optimized with the Yoast SEO plugin v16.5 - https:\/\/yoast.com\/wordpress\/plugins\/seo\/ -->\n<title>Alesp: Comiss\u00e3o de Finan\u00e7as aprova dois projetos de lei do deputado Rafa Zimbaldi - Rafa Zimbaldi<\/title>\n<meta name=\"robots\" content=\"index, follow, max-snippet:-1, max-image-preview:large, max-video-preview:-1\" \/>\n<link rel=\"canonical\" href=\"https:\/\/rafazimbaldi.com.br\/novo\/alesp-comissao-de-financas-aprova-dois-projetos-de-lei-do-deputado-rafa-zimbaldi\/\" \/>\n<meta property=\"og:locale\" content=\"pt_BR\" \/>\n<meta property=\"og:type\" content=\"article\" \/>\n<meta property=\"og:title\" content=\"Alesp: Comiss\u00e3o de Finan\u00e7as aprova dois projetos de lei do deputado Rafa Zimbaldi - Rafa Zimbaldi\" \/>\n<meta property=\"og:url\" content=\"https:\/\/rafazimbaldi.com.br\/novo\/alesp-comissao-de-financas-aprova-dois-projetos-de-lei-do-deputado-rafa-zimbaldi\/\" \/>\n<meta property=\"og:site_name\" content=\"Rafa Zimbaldi\" \/>\n<meta property=\"article:published_time\" content=\"2024-10-16T17:50:40+00:00\" \/>\n<meta property=\"article:modified_time\" content=\"2024-10-16T17:50:42+00:00\" \/>\n<meta property=\"og:image\" content=\"https:\/\/rafazimbaldi.com.br\/novo\/wp-content\/uploads\/2024\/10\/rafa.jpg\" \/>\n\t<meta property=\"og:image:width\" content=\"2480\" \/>\n\t<meta property=\"og:image:height\" content=\"1653\" \/>\n<meta name=\"twitter:card\" content=\"summary_large_image\" \/>\n<meta name=\"twitter:label1\" content=\"Est. tempo de leitura\" \/>\n\t<meta name=\"twitter:data1\" content=\"2 minutos\" \/>\n<script type=\"application\/ld+json\" class=\"yoast-schema-graph\">{\"@context\":\"https:\/\/schema.org\",\"@graph\":[{\"@type\":\"WebSite\",\"@id\":\"https:\/\/rafazimbaldi.com.br\/novo\/#website\",\"url\":\"https:\/\/rafazimbaldi.com.br\/novo\/\",\"name\":\"Rafa Zimbaldi\",\"description\":\"Deputado Estadual \",\"potentialAction\":[{\"@type\":\"SearchAction\",\"target\":\"https:\/\/rafazimbaldi.com.br\/novo\/?s={search_term_string}\",\"query-input\":\"required name=search_term_string\"}],\"inLanguage\":\"pt-BR\"},{\"@type\":\"ImageObject\",\"@id\":\"https:\/\/rafazimbaldi.com.br\/novo\/alesp-comissao-de-financas-aprova-dois-projetos-de-lei-do-deputado-rafa-zimbaldi\/#primaryimage\",\"inLanguage\":\"pt-BR\",\"url\":\"https:\/\/rafazimbaldi.com.br\/novo\/wp-content\/uploads\/2024\/10\/rafa.jpg\",\"contentUrl\":\"https:\/\/rafazimbaldi.com.br\/novo\/wp-content\/uploads\/2024\/10\/rafa.jpg\",\"width\":2480,\"height\":1653},{\"@type\":\"WebPage\",\"@id\":\"https:\/\/rafazimbaldi.com.br\/novo\/alesp-comissao-de-financas-aprova-dois-projetos-de-lei-do-deputado-rafa-zimbaldi\/#webpage\",\"url\":\"https:\/\/rafazimbaldi.com.br\/novo\/alesp-comissao-de-financas-aprova-dois-projetos-de-lei-do-deputado-rafa-zimbaldi\/\",\"name\":\"Alesp: Comiss\\u00e3o de Finan\\u00e7as aprova dois projetos de lei do deputado Rafa Zimbaldi - Rafa Zimbaldi\",\"isPartOf\":{\"@id\":\"https:\/\/rafazimbaldi.com.br\/novo\/#website\"},\"primaryImageOfPage\":{\"@id\":\"https:\/\/rafazimbaldi.com.br\/novo\/alesp-comissao-de-financas-aprova-dois-projetos-de-lei-do-deputado-rafa-zimbaldi\/#primaryimage\"},\"datePublished\":\"2024-10-16T17:50:40+00:00\",\"dateModified\":\"2024-10-16T17:50:42+00:00\",\"author\":{\"@id\":\"https:\/\/rafazimbaldi.com.br\/novo\/#\/schema\/person\/4e56a44c106beb5b266f5ad8f6cb4fdc\"},\"breadcrumb\":{\"@id\":\"https:\/\/rafazimbaldi.com.br\/novo\/alesp-comissao-de-financas-aprova-dois-projetos-de-lei-do-deputado-rafa-zimbaldi\/#breadcrumb\"},\"inLanguage\":\"pt-BR\",\"potentialAction\":[{\"@type\":\"ReadAction\",\"target\":[\"https:\/\/rafazimbaldi.com.br\/novo\/alesp-comissao-de-financas-aprova-dois-projetos-de-lei-do-deputado-rafa-zimbaldi\/\"]}]},{\"@type\":\"BreadcrumbList\",\"@id\":\"https:\/\/rafazimbaldi.com.br\/novo\/alesp-comissao-de-financas-aprova-dois-projetos-de-lei-do-deputado-rafa-zimbaldi\/#breadcrumb\",\"itemListElement\":[{\"@type\":\"ListItem\",\"position\":1,\"name\":\"In\\u00edcio\",\"item\":\"https:\/\/rafazimbaldi.com.br\/novo\/\"},{\"@type\":\"ListItem\",\"position\":2,\"name\":\"Alesp: Comiss\\u00e3o de Finan\\u00e7as aprova dois projetos de lei do deputado Rafa Zimbaldi\"}]},{\"@type\":\"Person\",\"@id\":\"https:\/\/rafazimbaldi.com.br\/novo\/#\/schema\/person\/4e56a44c106beb5b266f5ad8f6cb4fdc\",\"name\":\"Equipe Rafa Zimbaldi\",\"image\":{\"@type\":\"ImageObject\",\"@id\":\"https:\/\/rafazimbaldi.com.br\/novo\/#personlogo\",\"inLanguage\":\"pt-BR\",\"url\":\"https:\/\/secure.gravatar.com\/avatar\/2801ef563aa18df3a7cdfd19794cfeea?s=96&d=blank&r=g\",\"contentUrl\":\"https:\/\/secure.gravatar.com\/avatar\/2801ef563aa18df3a7cdfd19794cfeea?s=96&d=blank&r=g\",\"caption\":\"Equipe Rafa Zimbaldi\"},\"sameAs\":[\"http:\/\/rafazimbaldi.com.br\/novo\"],\"url\":\"https:\/\/rafazimbaldi.com.br\/novo\/author\/equiperz2018\/\"}]}<\/script>\n<!-- \/ Yoast SEO plugin. -->","_links":{"self":[{"href":"https:\/\/rafazimbaldi.com.br\/novo\/wp-json\/wp\/v2\/posts\/5510"}],"collection":[{"href":"https:\/\/rafazimbaldi.com.br\/novo\/wp-json\/wp\/v2\/posts"}],"about":[{"href":"https:\/\/rafazimbaldi.com.br\/novo\/wp-json\/wp\/v2\/types\/post"}],"author":[{"embeddable":true,"href":"https:\/\/rafazimbaldi.com.br\/novo\/wp-json\/wp\/v2\/users\/2"}],"replies":[{"embeddable":true,"href":"https:\/\/rafazimbaldi.com.br\/novo\/wp-json\/wp\/v2\/comments?post=5510"}],"version-history":[{"count":1,"href":"https:\/\/rafazimbaldi.com.br\/novo\/wp-json\/wp\/v2\/posts\/5510\/revisions"}],"predecessor-version":[{"id":5512,"href":"https:\/\/rafazimbaldi.com.br\/novo\/wp-json\/wp\/v2\/posts\/5510\/revisions\/5512"}],"wp:featuredmedia":[{"embeddable":true,"href":"https:\/\/rafazimbaldi.com.br\/novo\/wp-json\/wp\/v2\/media\/5511"}],"wp:attachment":[{"href":"https:\/\/rafazimbaldi.com.br\/novo\/wp-json\/wp\/v2\/media?parent=5510"}],"wp:term":[{"taxonomy":"category","embeddable":true,"href":"https:\/\/rafazimbaldi.com.br\/novo\/wp-json\/wp\/v2\/categories?post=5510"},{"taxonomy":"post_tag","embeddable":true,"href":"https:\/\/rafazimbaldi.com.br\/novo\/wp-json\/wp\/v2\/tags?post=5510"}],"curies":[{"name":"wp","href":"https:\/\/api.w.org\/{rel}","templated":true}]}}