{"id":5539,"date":"2024-12-03T17:01:17","date_gmt":"2024-12-03T20:01:17","guid":{"rendered":"https:\/\/rafazimbaldi.com.br\/novo\/?p=5539"},"modified":"2024-12-03T17:01:18","modified_gmt":"2024-12-03T20:01:18","slug":"espacos-turisticos-de-sp-deverao-ser-adaptados-para-autistas","status":"publish","type":"post","link":"https:\/\/rafazimbaldi.com.br\/novo\/espacos-turisticos-de-sp-deverao-ser-adaptados-para-autistas\/","title":{"rendered":"Espa\u00e7os tur\u00edsticos de SP dever\u00e3o ser adaptados para autistas"},"content":{"rendered":"\n<!--more-->\n\n\n\n<h5>Projeto que tem o deputado estadual Rafa Zimbaldi como coautor foi aprovado na Alesp e segue para san\u00e7\u00e3o do governador Tarc\u00edsio Gomes de Freitas (Republicanos); proposta visa garantir ambiente seguro e acolhedor para portadores do Transtorno do Espectro Autista (TEA)<\/h5>\n\n\n\n<p>Um projeto de coautoria do deputado estadual Rafa Zimbaldi (Cidadania-SP) e aprovado em Plen\u00e1rio da Assembleia Legislativa do Estado de S\u00e3o Paulo (Alesp) deve garantir \u00e0s pessoas com Transtorno do Espectro Autista (TEA) melhores condi\u00e7\u00f5es de conv\u00edvio e de adapta\u00e7\u00e3o em espa\u00e7os tur\u00edsticos. O texto 1.669\/2023 determina o est\u00edmulo do Turismo acess\u00edvel em territ\u00f3rio bandeirante, a fim de promover a inclus\u00e3o, a acessibilidade e a qualidade de vida de autistas, assim como de seus familiares.<\/p>\n\n\n\n<p>De acordo com a propositura, Estado e munic\u00edpios dever\u00e3o promover e adequar atividades tur\u00edsticas que acolham as caracter\u00edsticas e as prefer\u00eancias de quem tem TEA. Al\u00e9m disso, o governo de S\u00e3o Paulo dever\u00e1 capacitar profissionais do setor tur\u00edstico para pr\u00e1ticas inclusivas, bem como realizar campanhas de conscientiza\u00e7\u00e3o sobre os benef\u00edcios de viagens para o desenvolvimento social e emocional de autistas e de seus parentes.<\/p>\n\n\n\n<p>Uma vez aprovada na Alesp, a expectativa \u00e9 que a mat\u00e9ria seja sancionada pelo governador Tarc\u00edsio Gomes de Freitas (Republicanos), dentro dos pr\u00f3ximos dias.<\/p>\n\n\n\n<p>Para Rafa, viagens em fam\u00edlia proporcionam oportunidades \u00fanicas de conv\u00edvio e o fortalecimento de v\u00ednculos &#8211; e isso deve alcan\u00e7ar, tamb\u00e9m, portadores de TEA, que, muitas vezes, n\u00e3o optam por passeios, mesmo que curtos, em raz\u00e3o de n\u00e3o haver ambientes adaptados:<\/p>\n\n\n\n<p>\u201c\u00c9 fundamental que o poder p\u00fablico estabele\u00e7a normas para a adequa\u00e7\u00e3o de locais hist\u00f3ricos, em regi\u00f5es do interior do estado, no litoral e na Grande S\u00e3o Paulo. Esta proposta cria diretrizes para o est\u00edmulo do Turismo acess\u00edvel e inclusivo para pessoas com TEA, ao mesmo tempo em que incentiva os parentes dos autistas a viajarem\u201d.<\/p>\n\n\n\n<p><strong>TEA e PCD<br><\/strong><br>Prestes a ser sancionado por Tarc\u00edsio, o projeto de lei 1.669\/2023 \u00e9 mais uma proposta articulada por Rafa em defesa de pessoas com TEA e de portadores de outras necessidades especiais.<\/p>\n\n\n\n<p>Um bom exemplo \u00e9 o texto 254\/2022, que cria a Carteira de Identifica\u00e7\u00e3o da Pessoa com Doen\u00e7a Rara no estado de S\u00e3o Paulo, e que virou lei.<\/p>\n\n\n\n<p>Ao longo de seu mandato, o parlamentar do Cidadania ingressou, na Alesp, com outras proposituras que garantem direitos a autistas e a Portadores de Defici\u00eancia (PCD). Destaque para a mat\u00e9ria 1.573\/2023, que reconhece quem tem fibromialgia como deficiente; a propositura 429\/2021, que estimula a contrata\u00e7\u00e3o de autistas por empresas, segundo a aptid\u00e3o e a experi\u00eancia do candidato \u00e0 vaga de trabalho; e o projeto 1.346\/2023, que obriga a inser\u00e7\u00e3o do cord\u00e3o de fita com desenhos de girass\u00f3is (s\u00edmbolo que representa doen\u00e7as ocultas) em placas de atendimento priorit\u00e1rio de estabelecimentos p\u00fablicos e privados.<\/p>\n","protected":false},"excerpt":{"rendered":"","protected":false},"author":2,"featured_media":5540,"comment_status":"open","ping_status":"open","sticky":false,"template":"","format":"standard","meta":{"_monsterinsights_skip_tracking":false,"_monsterinsights_sitenote_active":false,"_monsterinsights_sitenote_note":"","_monsterinsights_sitenote_category":0},"categories":[1],"tags":[449],"yoast_head":"<!-- This site is optimized with the Yoast SEO plugin v16.5 - https:\/\/yoast.com\/wordpress\/plugins\/seo\/ -->\n<title>Espa\u00e7os tur\u00edsticos de SP dever\u00e3o ser adaptados para autistas - Rafa Zimbaldi<\/title>\n<meta name=\"robots\" content=\"index, follow, max-snippet:-1, max-image-preview:large, max-video-preview:-1\" \/>\n<link rel=\"canonical\" href=\"https:\/\/rafazimbaldi.com.br\/novo\/espacos-turisticos-de-sp-deverao-ser-adaptados-para-autistas\/\" \/>\n<meta property=\"og:locale\" content=\"pt_BR\" \/>\n<meta property=\"og:type\" content=\"article\" \/>\n<meta property=\"og:title\" content=\"Espa\u00e7os tur\u00edsticos de SP dever\u00e3o ser adaptados para autistas - Rafa Zimbaldi\" \/>\n<meta property=\"og:url\" content=\"https:\/\/rafazimbaldi.com.br\/novo\/espacos-turisticos-de-sp-deverao-ser-adaptados-para-autistas\/\" \/>\n<meta property=\"og:site_name\" content=\"Rafa Zimbaldi\" \/>\n<meta property=\"article:published_time\" content=\"2024-12-03T20:01:17+00:00\" \/>\n<meta property=\"article:modified_time\" content=\"2024-12-03T20:01:18+00:00\" \/>\n<meta property=\"og:image\" content=\"https:\/\/rafazimbaldi.com.br\/novo\/wp-content\/uploads\/2024\/12\/WhatsApp-Image-2024-12-02-at-12.07.45.jpeg\" \/>\n\t<meta property=\"og:image:width\" content=\"1600\" \/>\n\t<meta property=\"og:image:height\" content=\"1066\" \/>\n<meta name=\"twitter:card\" content=\"summary_large_image\" \/>\n<meta name=\"twitter:label1\" content=\"Est. tempo de leitura\" \/>\n\t<meta name=\"twitter:data1\" content=\"2 minutos\" \/>\n<script type=\"application\/ld+json\" class=\"yoast-schema-graph\">{\"@context\":\"https:\/\/schema.org\",\"@graph\":[{\"@type\":\"WebSite\",\"@id\":\"https:\/\/rafazimbaldi.com.br\/novo\/#website\",\"url\":\"https:\/\/rafazimbaldi.com.br\/novo\/\",\"name\":\"Rafa Zimbaldi\",\"description\":\"Deputado Estadual \",\"potentialAction\":[{\"@type\":\"SearchAction\",\"target\":\"https:\/\/rafazimbaldi.com.br\/novo\/?s={search_term_string}\",\"query-input\":\"required name=search_term_string\"}],\"inLanguage\":\"pt-BR\"},{\"@type\":\"ImageObject\",\"@id\":\"https:\/\/rafazimbaldi.com.br\/novo\/espacos-turisticos-de-sp-deverao-ser-adaptados-para-autistas\/#primaryimage\",\"inLanguage\":\"pt-BR\",\"url\":\"https:\/\/rafazimbaldi.com.br\/novo\/wp-content\/uploads\/2024\/12\/WhatsApp-Image-2024-12-02-at-12.07.45.jpeg\",\"contentUrl\":\"https:\/\/rafazimbaldi.com.br\/novo\/wp-content\/uploads\/2024\/12\/WhatsApp-Image-2024-12-02-at-12.07.45.jpeg\",\"width\":1600,\"height\":1066},{\"@type\":\"WebPage\",\"@id\":\"https:\/\/rafazimbaldi.com.br\/novo\/espacos-turisticos-de-sp-deverao-ser-adaptados-para-autistas\/#webpage\",\"url\":\"https:\/\/rafazimbaldi.com.br\/novo\/espacos-turisticos-de-sp-deverao-ser-adaptados-para-autistas\/\",\"name\":\"Espa\\u00e7os tur\\u00edsticos de SP dever\\u00e3o ser adaptados para autistas - Rafa Zimbaldi\",\"isPartOf\":{\"@id\":\"https:\/\/rafazimbaldi.com.br\/novo\/#website\"},\"primaryImageOfPage\":{\"@id\":\"https:\/\/rafazimbaldi.com.br\/novo\/espacos-turisticos-de-sp-deverao-ser-adaptados-para-autistas\/#primaryimage\"},\"datePublished\":\"2024-12-03T20:01:17+00:00\",\"dateModified\":\"2024-12-03T20:01:18+00:00\",\"author\":{\"@id\":\"https:\/\/rafazimbaldi.com.br\/novo\/#\/schema\/person\/4e56a44c106beb5b266f5ad8f6cb4fdc\"},\"breadcrumb\":{\"@id\":\"https:\/\/rafazimbaldi.com.br\/novo\/espacos-turisticos-de-sp-deverao-ser-adaptados-para-autistas\/#breadcrumb\"},\"inLanguage\":\"pt-BR\",\"potentialAction\":[{\"@type\":\"ReadAction\",\"target\":[\"https:\/\/rafazimbaldi.com.br\/novo\/espacos-turisticos-de-sp-deverao-ser-adaptados-para-autistas\/\"]}]},{\"@type\":\"BreadcrumbList\",\"@id\":\"https:\/\/rafazimbaldi.com.br\/novo\/espacos-turisticos-de-sp-deverao-ser-adaptados-para-autistas\/#breadcrumb\",\"itemListElement\":[{\"@type\":\"ListItem\",\"position\":1,\"name\":\"In\\u00edcio\",\"item\":\"https:\/\/rafazimbaldi.com.br\/novo\/\"},{\"@type\":\"ListItem\",\"position\":2,\"name\":\"Espa\\u00e7os tur\\u00edsticos de SP dever\\u00e3o ser adaptados para autistas\"}]},{\"@type\":\"Person\",\"@id\":\"https:\/\/rafazimbaldi.com.br\/novo\/#\/schema\/person\/4e56a44c106beb5b266f5ad8f6cb4fdc\",\"name\":\"Equipe Rafa Zimbaldi\",\"image\":{\"@type\":\"ImageObject\",\"@id\":\"https:\/\/rafazimbaldi.com.br\/novo\/#personlogo\",\"inLanguage\":\"pt-BR\",\"url\":\"https:\/\/secure.gravatar.com\/avatar\/2801ef563aa18df3a7cdfd19794cfeea?s=96&d=blank&r=g\",\"contentUrl\":\"https:\/\/secure.gravatar.com\/avatar\/2801ef563aa18df3a7cdfd19794cfeea?s=96&d=blank&r=g\",\"caption\":\"Equipe Rafa Zimbaldi\"},\"sameAs\":[\"http:\/\/rafazimbaldi.com.br\/novo\"],\"url\":\"https:\/\/rafazimbaldi.com.br\/novo\/author\/equiperz2018\/\"}]}<\/script>\n<!-- \/ Yoast SEO plugin. -->","_links":{"self":[{"href":"https:\/\/rafazimbaldi.com.br\/novo\/wp-json\/wp\/v2\/posts\/5539"}],"collection":[{"href":"https:\/\/rafazimbaldi.com.br\/novo\/wp-json\/wp\/v2\/posts"}],"about":[{"href":"https:\/\/rafazimbaldi.com.br\/novo\/wp-json\/wp\/v2\/types\/post"}],"author":[{"embeddable":true,"href":"https:\/\/rafazimbaldi.com.br\/novo\/wp-json\/wp\/v2\/users\/2"}],"replies":[{"embeddable":true,"href":"https:\/\/rafazimbaldi.com.br\/novo\/wp-json\/wp\/v2\/comments?post=5539"}],"version-history":[{"count":1,"href":"https:\/\/rafazimbaldi.com.br\/novo\/wp-json\/wp\/v2\/posts\/5539\/revisions"}],"predecessor-version":[{"id":5541,"href":"https:\/\/rafazimbaldi.com.br\/novo\/wp-json\/wp\/v2\/posts\/5539\/revisions\/5541"}],"wp:featuredmedia":[{"embeddable":true,"href":"https:\/\/rafazimbaldi.com.br\/novo\/wp-json\/wp\/v2\/media\/5540"}],"wp:attachment":[{"href":"https:\/\/rafazimbaldi.com.br\/novo\/wp-json\/wp\/v2\/media?parent=5539"}],"wp:term":[{"taxonomy":"category","embeddable":true,"href":"https:\/\/rafazimbaldi.com.br\/novo\/wp-json\/wp\/v2\/categories?post=5539"},{"taxonomy":"post_tag","embeddable":true,"href":"https:\/\/rafazimbaldi.com.br\/novo\/wp-json\/wp\/v2\/tags?post=5539"}],"curies":[{"name":"wp","href":"https:\/\/api.w.org\/{rel}","templated":true}]}}