{"id":5793,"date":"2025-12-08T12:14:06","date_gmt":"2025-12-08T15:14:06","guid":{"rendered":"https:\/\/rafazimbaldi.com.br\/novo\/?p=5793"},"modified":"2025-12-08T12:21:35","modified_gmt":"2025-12-08T15:21:35","slug":"rafa-zimbaldi-usinas-termeletricas-so-poderao-ser-instaladas-em-sp-apos-audiencia-publica","status":"publish","type":"post","link":"https:\/\/rafazimbaldi.com.br\/novo\/rafa-zimbaldi-usinas-termeletricas-so-poderao-ser-instaladas-em-sp-apos-audiencia-publica\/","title":{"rendered":"Rafa Zimbaldi: Usinas Termel\u00e9tricas s\u00f3 poder\u00e3o ser instaladas em SP ap\u00f3s audi\u00eancia p\u00fablica"},"content":{"rendered":"\n<!--more-->\n\n\n\n<p>O deputado estadual Rafa Zimbaldi (Cidadania-SP) quer tornar obrigat\u00f3ria a realiza\u00e7\u00e3o de audi\u00eancias p\u00fablicas na Assembleia Legislativa do Estado de S\u00e3o Paulo (Alesp) para a implanta\u00e7\u00e3o de usinas termel\u00e9tricas em territ\u00f3rio bandeirante. <br><br>De autoria do parlamentar, o <strong><a href=\"https:\/\/www.al.sp.gov.br\/propositura\/?id=1000639601\" target=\"_blank\" rel=\"noreferrer noopener\">Projeto de Lei (PL) 1.136\/2025<\/a><\/strong> determina que as sess\u00f5es abertas devem ocorrer antes da emiss\u00e3o de licen\u00e7as ambientais ou de quaisquer autoriza\u00e7\u00f5es administrativas, devendo ser, ainda, amplamente divulgadas com anteced\u00eancia m\u00ednima de 30 dias. <br><br>A proposta de Rafa visa debater a instala\u00e7\u00e3o de usinas termel\u00e9tricas, como a que est\u00e1 na imin\u00eancia de come\u00e7ar a operar em Ca\u00e7apava-SP. Segundo o deputado, estruturas geradoras de energia deste tipo amea\u00e7am moradores, agricultores familiares e o Meio Ambiente, em raz\u00e3o da emiss\u00e3o de poluentes resultantes da queima de combust\u00edvel. <br><br>A termel\u00e9trica prestes a ser implantada na regi\u00e3o do Vale do Para\u00edba ser\u00e1 abrigada numa \u00e1rea de 25 hectares, no bairro Campo Grande, \u00e0s margens da Rodovia Vito Ardito (SP-062), no limite com o munic\u00edpio de Taubat\u00e9-SP. <\/p>\n\n\n\n<h5>Proposta de Rafa Zimbaldi \u00e9 destaque na TV Globo \u2014 Vanguarda<\/h5>\n\n\n\n<figure class=\"wp-block-embed is-type-video is-provider-youtube wp-block-embed-youtube wp-embed-aspect-16-9 wp-has-aspect-ratio\"><div class=\"wp-block-embed__wrapper\">\n<iframe loading=\"lazy\" title=\"Rafa Zimbaldi: Usinas Termel\u00e9tricas s\u00f3 poder\u00e3o ser instaladas em SP ap\u00f3s audi\u00eancia p\u00fablica\" width=\"500\" height=\"281\" src=\"https:\/\/www.youtube.com\/embed\/P9ceRJ9dKzk?feature=oembed&amp;wmode=opaque\" frameborder=\"0\" allow=\"accelerometer; autoplay; clipboard-write; encrypted-media; gyroscope; picture-in-picture; web-share\" referrerpolicy=\"strict-origin-when-cross-origin\" allowfullscreen><\/iframe>\n<\/div><\/figure>\n\n\n\n<p><br>Segundo a Funda\u00e7\u00e3o \u201cOswaldo Cruz\u201d (Fiocruz), um dos principais pontos a serem questionados acerca do tema recai justamente na posi\u00e7\u00e3o geogr\u00e1fica de Ca\u00e7apava, que fica dentro de um vale, entre a Serra do Mar e a Serra da Mantiqueira \u2013 o que dificulta a dispers\u00e3o de gases poluentes. <br><br>\u201cQueremos dar transpar\u00eancia para este tipo de processo, garantindo a devida legalidade e discuss\u00e3o com a popula\u00e7\u00e3o dos impactos ambiental, econ\u00f4mico e social da usina de Ca\u00e7apava e de outras que ser\u00e3o instaladas em S\u00e3o Paulo\u201d, lista o pol\u00edtico. A estrutura de Ca\u00e7apava ter\u00e1 capacidade para queimar 6 milh\u00f5es de metros c\u00fabicos de g\u00e1s natural por dia, retirados do pr\u00e9-sal, pela Petrobras. <br><br>A a\u00e7\u00e3o gera mon\u00f3xido de carbono, \u00f3xido de nitrog\u00eanio e hidrocarbonetos, indiscutivelmente nocivos. O pr\u00f3prio estudo de impacto ambiental do empreendimento aponta que ser\u00e3o emitidas 3.303, 2.541 e 579 toneladas por ano desses poluentes, respectivamente. <br><br>A Fiocruz tamb\u00e9m aponta que o consumo de \u00e1gua em Ca\u00e7apava dever\u00e1 ser excessivo, por conta da estrutura termoel\u00e9trica \u2013 na ordem de at\u00e9 1,56 milh\u00f5es de litros por dia, entre capta\u00e7\u00f5es subterr\u00e2neas e do c\u00f3rrego Caetano. Segundo Rafa, com a implanta\u00e7\u00e3o da usina, pequenos produtores rurais da regi\u00e3o que engloba a bacia hidrogr\u00e1fica do rio Para\u00edba do Sul podem enfrentar, al\u00e9m de problemas respirat\u00f3rios, falta de recurso h\u00eddrico. <br><br>Conforme prev\u00ea o <strong><a href=\"https:\/\/www.al.sp.gov.br\/propositura\/?id=1000639601\" target=\"_blank\" rel=\"noreferrer noopener\">Projeto de Lei 1.136\/2025<\/a><\/strong>, a convoca\u00e7\u00e3o de audi\u00eancias p\u00fablicas dever\u00e1 garantir a participa\u00e7\u00e3o de representantes do Poder Executivo, de \u00f3rg\u00e3os ambientais, do Minist\u00e9rio P\u00fablico (MP), da sociedade civil organizada, de especialistas e da popula\u00e7\u00e3o residente na \u00e1rea afetada. As sess\u00f5es abertas devem ocorrer antes da emiss\u00e3o de licen\u00e7as ambientais ou de quaisquer autoriza\u00e7\u00f5es administrativas, devendo ser, ainda, amplamente divulgadas com anteced\u00eancia m\u00ednima de 30 dias. <br><br>O texto prev\u00ea, ainda, que o resultado de cada audi\u00eancia p\u00fablica dever\u00e1 ser consolidado em relat\u00f3rio oficial e remetido aos \u00f3rg\u00e3os competentes, a fim de subsidiar o processo decis\u00f3rio quanto \u00e0 implanta\u00e7\u00e3o da usina. Uma vez protocolada, a mat\u00e9ria de autoria de Rafa ser\u00e1 analisada pelas Comiss\u00f5es Permanentes da Alesp, antes de ser levada \u00e0 vota\u00e7\u00e3o em Plen\u00e1rio.<\/p>\n","protected":false},"excerpt":{"rendered":"","protected":false},"author":2,"featured_media":5796,"comment_status":"open","ping_status":"open","sticky":false,"template":"","format":"standard","meta":{"_monsterinsights_skip_tracking":false,"_monsterinsights_sitenote_active":false,"_monsterinsights_sitenote_note":"","_monsterinsights_sitenote_category":0},"categories":[1],"tags":[],"yoast_head":"<!-- This site is optimized with the Yoast SEO plugin v16.5 - https:\/\/yoast.com\/wordpress\/plugins\/seo\/ -->\n<title>Rafa Zimbaldi: Usinas Termel\u00e9tricas s\u00f3 poder\u00e3o ser instaladas em SP ap\u00f3s audi\u00eancia p\u00fablica - Rafa Zimbaldi<\/title>\n<meta name=\"robots\" content=\"index, follow, max-snippet:-1, max-image-preview:large, max-video-preview:-1\" \/>\n<link rel=\"canonical\" href=\"https:\/\/rafazimbaldi.com.br\/novo\/rafa-zimbaldi-usinas-termeletricas-so-poderao-ser-instaladas-em-sp-apos-audiencia-publica\/\" \/>\n<meta property=\"og:locale\" content=\"pt_BR\" \/>\n<meta property=\"og:type\" content=\"article\" \/>\n<meta property=\"og:title\" content=\"Rafa Zimbaldi: Usinas Termel\u00e9tricas s\u00f3 poder\u00e3o ser instaladas em SP ap\u00f3s audi\u00eancia p\u00fablica - Rafa Zimbaldi\" \/>\n<meta property=\"og:url\" content=\"https:\/\/rafazimbaldi.com.br\/novo\/rafa-zimbaldi-usinas-termeletricas-so-poderao-ser-instaladas-em-sp-apos-audiencia-publica\/\" \/>\n<meta property=\"og:site_name\" content=\"Rafa Zimbaldi\" \/>\n<meta property=\"article:published_time\" content=\"2025-12-08T15:14:06+00:00\" \/>\n<meta property=\"article:modified_time\" content=\"2025-12-08T15:21:35+00:00\" \/>\n<meta property=\"og:image\" content=\"https:\/\/rafazimbaldi.com.br\/novo\/wp-content\/uploads\/2025\/12\/CAPA-SITE-RAFA-2.png\" \/>\n\t<meta property=\"og:image:width\" content=\"1500\" \/>\n\t<meta property=\"og:image:height\" content=\"1000\" \/>\n<meta name=\"twitter:card\" content=\"summary_large_image\" \/>\n<meta name=\"twitter:label1\" content=\"Est. tempo de leitura\" \/>\n\t<meta name=\"twitter:data1\" content=\"3 minutos\" \/>\n<script type=\"application\/ld+json\" class=\"yoast-schema-graph\">{\"@context\":\"https:\/\/schema.org\",\"@graph\":[{\"@type\":\"WebSite\",\"@id\":\"https:\/\/rafazimbaldi.com.br\/novo\/#website\",\"url\":\"https:\/\/rafazimbaldi.com.br\/novo\/\",\"name\":\"Rafa Zimbaldi\",\"description\":\"Deputado Estadual \",\"potentialAction\":[{\"@type\":\"SearchAction\",\"target\":\"https:\/\/rafazimbaldi.com.br\/novo\/?s={search_term_string}\",\"query-input\":\"required name=search_term_string\"}],\"inLanguage\":\"pt-BR\"},{\"@type\":\"ImageObject\",\"@id\":\"https:\/\/rafazimbaldi.com.br\/novo\/rafa-zimbaldi-usinas-termeletricas-so-poderao-ser-instaladas-em-sp-apos-audiencia-publica\/#primaryimage\",\"inLanguage\":\"pt-BR\",\"url\":\"https:\/\/rafazimbaldi.com.br\/novo\/wp-content\/uploads\/2025\/12\/CAPA-SITE-RAFA-2.png\",\"contentUrl\":\"https:\/\/rafazimbaldi.com.br\/novo\/wp-content\/uploads\/2025\/12\/CAPA-SITE-RAFA-2.png\",\"width\":1500,\"height\":1000},{\"@type\":\"WebPage\",\"@id\":\"https:\/\/rafazimbaldi.com.br\/novo\/rafa-zimbaldi-usinas-termeletricas-so-poderao-ser-instaladas-em-sp-apos-audiencia-publica\/#webpage\",\"url\":\"https:\/\/rafazimbaldi.com.br\/novo\/rafa-zimbaldi-usinas-termeletricas-so-poderao-ser-instaladas-em-sp-apos-audiencia-publica\/\",\"name\":\"Rafa Zimbaldi: Usinas Termel\\u00e9tricas s\\u00f3 poder\\u00e3o ser instaladas em SP ap\\u00f3s audi\\u00eancia p\\u00fablica - Rafa Zimbaldi\",\"isPartOf\":{\"@id\":\"https:\/\/rafazimbaldi.com.br\/novo\/#website\"},\"primaryImageOfPage\":{\"@id\":\"https:\/\/rafazimbaldi.com.br\/novo\/rafa-zimbaldi-usinas-termeletricas-so-poderao-ser-instaladas-em-sp-apos-audiencia-publica\/#primaryimage\"},\"datePublished\":\"2025-12-08T15:14:06+00:00\",\"dateModified\":\"2025-12-08T15:21:35+00:00\",\"author\":{\"@id\":\"https:\/\/rafazimbaldi.com.br\/novo\/#\/schema\/person\/4e56a44c106beb5b266f5ad8f6cb4fdc\"},\"breadcrumb\":{\"@id\":\"https:\/\/rafazimbaldi.com.br\/novo\/rafa-zimbaldi-usinas-termeletricas-so-poderao-ser-instaladas-em-sp-apos-audiencia-publica\/#breadcrumb\"},\"inLanguage\":\"pt-BR\",\"potentialAction\":[{\"@type\":\"ReadAction\",\"target\":[\"https:\/\/rafazimbaldi.com.br\/novo\/rafa-zimbaldi-usinas-termeletricas-so-poderao-ser-instaladas-em-sp-apos-audiencia-publica\/\"]}]},{\"@type\":\"BreadcrumbList\",\"@id\":\"https:\/\/rafazimbaldi.com.br\/novo\/rafa-zimbaldi-usinas-termeletricas-so-poderao-ser-instaladas-em-sp-apos-audiencia-publica\/#breadcrumb\",\"itemListElement\":[{\"@type\":\"ListItem\",\"position\":1,\"name\":\"In\\u00edcio\",\"item\":\"https:\/\/rafazimbaldi.com.br\/novo\/\"},{\"@type\":\"ListItem\",\"position\":2,\"name\":\"Rafa Zimbaldi: Usinas Termel\\u00e9tricas s\\u00f3 poder\\u00e3o ser instaladas em SP ap\\u00f3s audi\\u00eancia p\\u00fablica\"}]},{\"@type\":\"Person\",\"@id\":\"https:\/\/rafazimbaldi.com.br\/novo\/#\/schema\/person\/4e56a44c106beb5b266f5ad8f6cb4fdc\",\"name\":\"Equipe Rafa Zimbaldi\",\"image\":{\"@type\":\"ImageObject\",\"@id\":\"https:\/\/rafazimbaldi.com.br\/novo\/#personlogo\",\"inLanguage\":\"pt-BR\",\"url\":\"https:\/\/secure.gravatar.com\/avatar\/2801ef563aa18df3a7cdfd19794cfeea?s=96&d=blank&r=g\",\"contentUrl\":\"https:\/\/secure.gravatar.com\/avatar\/2801ef563aa18df3a7cdfd19794cfeea?s=96&d=blank&r=g\",\"caption\":\"Equipe Rafa Zimbaldi\"},\"sameAs\":[\"http:\/\/rafazimbaldi.com.br\/novo\"],\"url\":\"https:\/\/rafazimbaldi.com.br\/novo\/author\/equiperz2018\/\"}]}<\/script>\n<!-- \/ Yoast SEO plugin. -->","_links":{"self":[{"href":"https:\/\/rafazimbaldi.com.br\/novo\/wp-json\/wp\/v2\/posts\/5793"}],"collection":[{"href":"https:\/\/rafazimbaldi.com.br\/novo\/wp-json\/wp\/v2\/posts"}],"about":[{"href":"https:\/\/rafazimbaldi.com.br\/novo\/wp-json\/wp\/v2\/types\/post"}],"author":[{"embeddable":true,"href":"https:\/\/rafazimbaldi.com.br\/novo\/wp-json\/wp\/v2\/users\/2"}],"replies":[{"embeddable":true,"href":"https:\/\/rafazimbaldi.com.br\/novo\/wp-json\/wp\/v2\/comments?post=5793"}],"version-history":[{"count":1,"href":"https:\/\/rafazimbaldi.com.br\/novo\/wp-json\/wp\/v2\/posts\/5793\/revisions"}],"predecessor-version":[{"id":5794,"href":"https:\/\/rafazimbaldi.com.br\/novo\/wp-json\/wp\/v2\/posts\/5793\/revisions\/5794"}],"wp:featuredmedia":[{"embeddable":true,"href":"https:\/\/rafazimbaldi.com.br\/novo\/wp-json\/wp\/v2\/media\/5796"}],"wp:attachment":[{"href":"https:\/\/rafazimbaldi.com.br\/novo\/wp-json\/wp\/v2\/media?parent=5793"}],"wp:term":[{"taxonomy":"category","embeddable":true,"href":"https:\/\/rafazimbaldi.com.br\/novo\/wp-json\/wp\/v2\/categories?post=5793"},{"taxonomy":"post_tag","embeddable":true,"href":"https:\/\/rafazimbaldi.com.br\/novo\/wp-json\/wp\/v2\/tags?post=5793"}],"curies":[{"name":"wp","href":"https:\/\/api.w.org\/{rel}","templated":true}]}}