{"id":5866,"date":"2026-02-27T19:00:00","date_gmt":"2026-02-27T22:00:00","guid":{"rendered":"https:\/\/rafazimbaldi.com.br\/novo\/?p=5866"},"modified":"2026-03-13T11:57:05","modified_gmt":"2026-03-13T14:57:05","slug":"deputado-rafa-zimbaldi-protecao-a-perito-que-relatou-pressao-na-investigacao-do-caso-vitoria","status":"publish","type":"post","link":"https:\/\/rafazimbaldi.com.br\/novo\/deputado-rafa-zimbaldi-protecao-a-perito-que-relatou-pressao-na-investigacao-do-caso-vitoria\/","title":{"rendered":"Deputado Rafa Zimbaldi pede prote\u00e7\u00e3o a perito que relatou press\u00e3o na investiga\u00e7\u00e3o do caso Vit\u00f3ria"},"content":{"rendered":"\n<!--more-->\n\n\n\n<p>O deputado estadual Rafa Zimbaldi (Uni\u00e3o Brasil) solicitou ao Governo de Tarc\u00edsio Gomes de Freitas (Republicanos) que adote medidas para a prote\u00e7\u00e3o imediata a Renato Domingos Patolli, que atuou nas investiga\u00e7\u00f5es do assassinato de Vit\u00f3ria Regina de Sousa, de 17 anos. O perito da Pol\u00edcia Cient\u00edfica denunciou, h\u00e1 poucos dias, \u201cter sofrido press\u00e3o interna\u201d para manipular os laudos que levaram \u00e0 pris\u00e3o de Maicol Sales dos Santos, \u00fanico suspeito pelo crime cometido em fevereiro do ano passado, em Cajamar-SP. O servidor afirma ter sido amea\u00e7ado e afastado do trabalho, ap\u00f3s ser obrigado a forjar documentos sobre o caso.<\/p>\n\n\n\n<p>Em of\u00edcio protocolado na Secretaria de Estado de Seguran\u00e7a P\u00fablica, Rafa tamb\u00e9m pede a interven\u00e7\u00e3o da pasta na preserva\u00e7\u00e3o de todas as evid\u00eancias legais sobre a execu\u00e7\u00e3o de Vit\u00f3ria, al\u00e9m da garantia de seguran\u00e7a pessoal de Patolli que, segundo o parlamentar, corre risco de morte:<\/p>\n\n\n\n<p>\u201cTudo o que sab\u00edamos at\u00e9 agora pode ter sido baseado numa mentira fabricada. A den\u00fancia de fraude feita pelo perito criminal do caso Vit\u00f3ria coloca em xeque toda a investiga\u00e7\u00e3o realizada em Cajamar. Quem ganha com essa manipula\u00e7\u00e3o de provas e o motivo de se esconder a verdade \u00e9 o que precisamos saber. Neste cen\u00e1rio, proteger a integridade f\u00edsica de Patolli \u00e9 fundamental, at\u00e9 porque ele precisa entregar quem o pressionou a fraudar laudos. Isso \u00e9 muito grave\u201d, dispara o deputado estadual.<\/p>\n\n\n\n<p>O perito criminal, que tem mais de tr\u00eas d\u00e9cadas de servi\u00e7os prestados ao Estado, alegou manobra em parte do processo do caso Vit\u00f3ria. De acordo com Patolli, ele foi pressionado a incluir, de forma indevida, um laudo complementar ao inqu\u00e9rito, a fim de facilitar o desfecho.<\/p>\n\n\n\n<p>Rafa tamb\u00e9m reiterou em of\u00edcio endere\u00e7ado ao secret\u00e1rio de Estado de Seguran\u00e7a P\u00fablica, delegado Osvaldo Nico Gon\u00e7alves, que o inqu\u00e9rito policial 2073748-40\/2025, arquivado em meados do ano passado na Delegacia de Cajamar, seja reaberto de forma imediata e transferido ao Departamento de Homic\u00eddios e de Prote\u00e7\u00e3o \u00e0 Pessoa (DHPP), em S\u00e3o Paulo-SP, com direito \u00e0 colabora\u00e7\u00e3o da Pol\u00edcia Federal (PF). O pedido formal para tal provid\u00eancia foi feito pelo parlamentar do Uni\u00e3o Brasil em 30 de setembro de 2025: \u201cA Delegacia de Pol\u00edcia de Cajamar concluiu o inqu\u00e9rito sem dar transpar\u00eancia e aten\u00e7\u00e3o \u00e0s imputa\u00e7\u00f5es de que o \u00fanico suspeito de matar a jovem teria sido coagido a confessar o crime. Ele j\u00e1 falou sobre isso em carta escrita de pr\u00f3prio punho. Sua defesa tamb\u00e9m alega o mesmo. Esta hist\u00f3ria est\u00e1 muito mal contada. N\u00e3o est\u00e1 claro porque Vit\u00f3ria foi morta, como foi executada e nem quantas pessoas participaram deste assassinato. A sociedade exige respostas\u201d, complementa Rafa.<\/p>\n\n\n\n<p><strong>O crime<br><\/strong><br>Desaparecida desde 26 de fevereiro ap\u00f3s deixar o trabalho, num shopping de Cajamar, Vit\u00f3ria foi encontrada morta, em 5 de mar\u00e7o, numa \u00e1rea de mata da cidade.<\/p>\n\n\n\n<p>Sem roupas, o corpo estava em estado avan\u00e7ado de decomposi\u00e7\u00e3o e apresentava sinais de extrema viol\u00eancia. A jovem tamb\u00e9m estava com a cabe\u00e7a raspada. \u00c0 \u00e9poca, a per\u00edcia confirmou que a causa do \u00f3bito foi hemorragia causada por golpes de faca no t\u00f3rax, no pesco\u00e7o e no rosto.<\/p>\n\n\n\n<p>Preso no Centro de Deten\u00e7\u00e3o Provis\u00f3ria (CDP) de Guarulhos-SP, Maicol Sales dos Santos, acusado de ter matado Vit\u00f3ria, vai a j\u00fari popular. Segundo a investiga\u00e7\u00e3o, ele teria tido um relacionamento com a jovem e a matou por medo de ela revelar o caso para a esposa.<\/p>\n\n\n\n<p>Rafa refor\u00e7a que seu posicionamento n\u00e3o tem o objetivo de antecipar ju\u00edzo de culpa ou inoc\u00eancia, mas, sim, assegurar que o processo transcorra com absoluta legalidade e transpar\u00eancia. \u201cJusti\u00e7a verdadeira se constr\u00f3i com prova \u00edntegra e procedimento correto. Fiscalizar \u00e9 fortalecer as institui\u00e7\u00f5es\u201d, conclui.<\/p>\n","protected":false},"excerpt":{"rendered":"","protected":false},"author":2,"featured_media":5867,"comment_status":"open","ping_status":"open","sticky":false,"template":"","format":"standard","meta":{"_monsterinsights_skip_tracking":false,"_monsterinsights_sitenote_active":false,"_monsterinsights_sitenote_note":"","_monsterinsights_sitenote_category":0},"categories":[1],"tags":[],"yoast_head":"<!-- This site is optimized with the Yoast SEO plugin v16.5 - https:\/\/yoast.com\/wordpress\/plugins\/seo\/ -->\n<title>Deputado Rafa Zimbaldi pede prote\u00e7\u00e3o a perito que relatou press\u00e3o na investiga\u00e7\u00e3o do caso Vit\u00f3ria - Rafa Zimbaldi<\/title>\n<meta name=\"description\" content=\"O deputado estadual Rafa Zimbaldi solicitou ao Governo de Tarc\u00edsio Gomes de Freitas prote\u00e7\u00e3o ao perito do caso Vit\u00f3ria, Renato Domingos Patolli.\" \/>\n<meta name=\"robots\" content=\"index, follow, max-snippet:-1, max-image-preview:large, max-video-preview:-1\" \/>\n<link rel=\"canonical\" href=\"https:\/\/rafazimbaldi.com.br\/novo\/deputado-rafa-zimbaldi-protecao-a-perito-que-relatou-pressao-na-investigacao-do-caso-vitoria\/\" \/>\n<meta property=\"og:locale\" content=\"pt_BR\" \/>\n<meta property=\"og:type\" content=\"article\" \/>\n<meta property=\"og:title\" content=\"Deputado Rafa Zimbaldi pede prote\u00e7\u00e3o a perito que relatou press\u00e3o na investiga\u00e7\u00e3o do caso Vit\u00f3ria - Rafa Zimbaldi\" \/>\n<meta property=\"og:description\" content=\"O deputado estadual Rafa Zimbaldi solicitou ao Governo de Tarc\u00edsio Gomes de Freitas prote\u00e7\u00e3o ao perito do caso Vit\u00f3ria, Renato Domingos Patolli.\" \/>\n<meta property=\"og:url\" content=\"https:\/\/rafazimbaldi.com.br\/novo\/deputado-rafa-zimbaldi-protecao-a-perito-que-relatou-pressao-na-investigacao-do-caso-vitoria\/\" \/>\n<meta property=\"og:site_name\" content=\"Rafa Zimbaldi\" \/>\n<meta property=\"article:published_time\" content=\"2026-02-27T22:00:00+00:00\" \/>\n<meta property=\"article:modified_time\" content=\"2026-03-13T14:57:05+00:00\" \/>\n<meta property=\"og:image\" content=\"https:\/\/rafazimbaldi.com.br\/novo\/wp-content\/uploads\/2026\/03\/WhatsApp-Image-2026-02-27-at-13.20.55.jpeg\" \/>\n\t<meta property=\"og:image:width\" content=\"1280\" \/>\n\t<meta property=\"og:image:height\" content=\"853\" \/>\n<meta name=\"twitter:card\" content=\"summary_large_image\" \/>\n<meta name=\"twitter:label1\" content=\"Est. tempo de leitura\" \/>\n\t<meta name=\"twitter:data1\" content=\"3 minutos\" \/>\n<script type=\"application\/ld+json\" class=\"yoast-schema-graph\">{\"@context\":\"https:\/\/schema.org\",\"@graph\":[{\"@type\":\"WebSite\",\"@id\":\"https:\/\/rafazimbaldi.com.br\/novo\/#website\",\"url\":\"https:\/\/rafazimbaldi.com.br\/novo\/\",\"name\":\"Rafa Zimbaldi\",\"description\":\"Deputado Estadual \",\"potentialAction\":[{\"@type\":\"SearchAction\",\"target\":\"https:\/\/rafazimbaldi.com.br\/novo\/?s={search_term_string}\",\"query-input\":\"required name=search_term_string\"}],\"inLanguage\":\"pt-BR\"},{\"@type\":\"ImageObject\",\"@id\":\"https:\/\/rafazimbaldi.com.br\/novo\/deputado-rafa-zimbaldi-protecao-a-perito-que-relatou-pressao-na-investigacao-do-caso-vitoria\/#primaryimage\",\"inLanguage\":\"pt-BR\",\"url\":\"https:\/\/rafazimbaldi.com.br\/novo\/wp-content\/uploads\/2026\/03\/WhatsApp-Image-2026-02-27-at-13.20.55.jpeg\",\"contentUrl\":\"https:\/\/rafazimbaldi.com.br\/novo\/wp-content\/uploads\/2026\/03\/WhatsApp-Image-2026-02-27-at-13.20.55.jpeg\",\"width\":1280,\"height\":853},{\"@type\":\"WebPage\",\"@id\":\"https:\/\/rafazimbaldi.com.br\/novo\/deputado-rafa-zimbaldi-protecao-a-perito-que-relatou-pressao-na-investigacao-do-caso-vitoria\/#webpage\",\"url\":\"https:\/\/rafazimbaldi.com.br\/novo\/deputado-rafa-zimbaldi-protecao-a-perito-que-relatou-pressao-na-investigacao-do-caso-vitoria\/\",\"name\":\"Deputado Rafa Zimbaldi pede prote\\u00e7\\u00e3o a perito que relatou press\\u00e3o na investiga\\u00e7\\u00e3o do caso Vit\\u00f3ria - Rafa Zimbaldi\",\"isPartOf\":{\"@id\":\"https:\/\/rafazimbaldi.com.br\/novo\/#website\"},\"primaryImageOfPage\":{\"@id\":\"https:\/\/rafazimbaldi.com.br\/novo\/deputado-rafa-zimbaldi-protecao-a-perito-que-relatou-pressao-na-investigacao-do-caso-vitoria\/#primaryimage\"},\"datePublished\":\"2026-02-27T22:00:00+00:00\",\"dateModified\":\"2026-03-13T14:57:05+00:00\",\"author\":{\"@id\":\"https:\/\/rafazimbaldi.com.br\/novo\/#\/schema\/person\/4e56a44c106beb5b266f5ad8f6cb4fdc\"},\"description\":\"O deputado estadual Rafa Zimbaldi solicitou ao Governo de Tarc\\u00edsio Gomes de Freitas prote\\u00e7\\u00e3o ao perito do caso Vit\\u00f3ria, Renato Domingos Patolli.\",\"breadcrumb\":{\"@id\":\"https:\/\/rafazimbaldi.com.br\/novo\/deputado-rafa-zimbaldi-protecao-a-perito-que-relatou-pressao-na-investigacao-do-caso-vitoria\/#breadcrumb\"},\"inLanguage\":\"pt-BR\",\"potentialAction\":[{\"@type\":\"ReadAction\",\"target\":[\"https:\/\/rafazimbaldi.com.br\/novo\/deputado-rafa-zimbaldi-protecao-a-perito-que-relatou-pressao-na-investigacao-do-caso-vitoria\/\"]}]},{\"@type\":\"BreadcrumbList\",\"@id\":\"https:\/\/rafazimbaldi.com.br\/novo\/deputado-rafa-zimbaldi-protecao-a-perito-que-relatou-pressao-na-investigacao-do-caso-vitoria\/#breadcrumb\",\"itemListElement\":[{\"@type\":\"ListItem\",\"position\":1,\"name\":\"In\\u00edcio\",\"item\":\"https:\/\/rafazimbaldi.com.br\/novo\/\"},{\"@type\":\"ListItem\",\"position\":2,\"name\":\"Deputado Rafa Zimbaldi pede prote\\u00e7\\u00e3o a perito que relatou press\\u00e3o na investiga\\u00e7\\u00e3o do caso Vit\\u00f3ria\"}]},{\"@type\":\"Person\",\"@id\":\"https:\/\/rafazimbaldi.com.br\/novo\/#\/schema\/person\/4e56a44c106beb5b266f5ad8f6cb4fdc\",\"name\":\"Equipe Rafa Zimbaldi\",\"image\":{\"@type\":\"ImageObject\",\"@id\":\"https:\/\/rafazimbaldi.com.br\/novo\/#personlogo\",\"inLanguage\":\"pt-BR\",\"url\":\"https:\/\/secure.gravatar.com\/avatar\/2801ef563aa18df3a7cdfd19794cfeea?s=96&d=blank&r=g\",\"contentUrl\":\"https:\/\/secure.gravatar.com\/avatar\/2801ef563aa18df3a7cdfd19794cfeea?s=96&d=blank&r=g\",\"caption\":\"Equipe Rafa Zimbaldi\"},\"sameAs\":[\"http:\/\/rafazimbaldi.com.br\/novo\"],\"url\":\"https:\/\/rafazimbaldi.com.br\/novo\/author\/equiperz2018\/\"}]}<\/script>\n<!-- \/ Yoast SEO plugin. -->","_links":{"self":[{"href":"https:\/\/rafazimbaldi.com.br\/novo\/wp-json\/wp\/v2\/posts\/5866"}],"collection":[{"href":"https:\/\/rafazimbaldi.com.br\/novo\/wp-json\/wp\/v2\/posts"}],"about":[{"href":"https:\/\/rafazimbaldi.com.br\/novo\/wp-json\/wp\/v2\/types\/post"}],"author":[{"embeddable":true,"href":"https:\/\/rafazimbaldi.com.br\/novo\/wp-json\/wp\/v2\/users\/2"}],"replies":[{"embeddable":true,"href":"https:\/\/rafazimbaldi.com.br\/novo\/wp-json\/wp\/v2\/comments?post=5866"}],"version-history":[{"count":2,"href":"https:\/\/rafazimbaldi.com.br\/novo\/wp-json\/wp\/v2\/posts\/5866\/revisions"}],"predecessor-version":[{"id":5869,"href":"https:\/\/rafazimbaldi.com.br\/novo\/wp-json\/wp\/v2\/posts\/5866\/revisions\/5869"}],"wp:featuredmedia":[{"embeddable":true,"href":"https:\/\/rafazimbaldi.com.br\/novo\/wp-json\/wp\/v2\/media\/5867"}],"wp:attachment":[{"href":"https:\/\/rafazimbaldi.com.br\/novo\/wp-json\/wp\/v2\/media?parent=5866"}],"wp:term":[{"taxonomy":"category","embeddable":true,"href":"https:\/\/rafazimbaldi.com.br\/novo\/wp-json\/wp\/v2\/categories?post=5866"},{"taxonomy":"post_tag","embeddable":true,"href":"https:\/\/rafazimbaldi.com.br\/novo\/wp-json\/wp\/v2\/tags?post=5866"}],"curies":[{"name":"wp","href":"https:\/\/api.w.org\/{rel}","templated":true}]}}