{"id":73,"date":"2015-10-31T17:15:38","date_gmt":"2015-10-31T17:15:38","guid":{"rendered":"http:\/\/www.rafazimbaldi.com\/?p=1"},"modified":"2015-10-31T17:15:38","modified_gmt":"2015-10-31T17:15:38","slug":"presidente-2","status":"publish","type":"post","link":"https:\/\/rafazimbaldi.com.br\/novo\/presidente-2\/","title":{"rendered":"Rafa Zimbaldi \u00e9 eleito presidente da C\u00e2mara de Campinas para 2\u00ba bi\u00eanio"},"content":{"rendered":"<p>O vereador Rafa Zimbaldi (PP) foi eleito presidente da C\u00e2mara de Campinas para o bi\u00eanio 2015\/2016. A elei\u00e7\u00e3o da nova Mesa Diretora ocorreu durante sess\u00e3o extraordin\u00e1ria na manh\u00e3 desta ter\u00e7a-feira (16), a \u00faltima do ano. L\u00edder do prefeito Jonas Donizette (PSB) na Casa, Zimbaldi recebeu 28 votos, contra tr\u00eas de Pedro Tourinho (PT) e um de Paulo Bufalo (PSOL).<\/p>\n<p> Zimbaldi substitui Campos Filho (DEM), que passa a exercer agora a fun\u00e7\u00e3o de segundo secret\u00e1rio na nova Mesa Diretora. Luiz Cirilo (PSDB) e Aur\u00e9lio Claudio (PDT) ser\u00e3o 1\u00ba e 2\u00ba  vice-presidente, respectivamente. Pastor Elias Azevedo e Vin\u00edcius Gratti, ambos do PSB, al\u00e9m de Tico Costa (SDD), completam o secretariado com Campos.  O vereador Jorge Schneider (PTB) foi eleito corregedor e Cid\u00e3o Santos (PROS), o corregedor-substituto<br \/>\nO mandato da nova Mesa Diretora come\u00e7a a vigorar em 2 de janeiro. N\u00e3o h\u00e1 nova sess\u00e3o extraordin\u00e1ria prevista durante o recesso parlamentar.<\/p>\n","protected":false},"excerpt":{"rendered":"<p>O vereador Rafa Zimbaldi (PP) foi eleito presidente da C\u00e2mara de Campinas para o bi\u00eanio 2015\/2016. A elei\u00e7\u00e3o da nova Mesa Diretora ocorreu durante sess\u00e3o extraordin\u00e1ria na manh\u00e3 desta ter\u00e7a-feira (16), a \u00faltima do ano. L\u00edder do prefeito Jonas Donizette (PSB) na Casa, Zimbaldi recebeu 28 votos, contra tr\u00eas de Pedro Tourinho (PT) e um [&hellip;]<\/p>\n","protected":false},"author":2,"featured_media":66,"comment_status":"open","ping_status":"open","sticky":false,"template":"","format":"standard","meta":{"_monsterinsights_skip_tracking":false,"_monsterinsights_sitenote_active":false,"_monsterinsights_sitenote_note":"","_monsterinsights_sitenote_category":0},"categories":[1,3],"tags":[],"yoast_head":"<!-- This site is optimized with the Yoast SEO plugin v16.5 - https:\/\/yoast.com\/wordpress\/plugins\/seo\/ -->\n<title>Rafa Zimbaldi \u00e9 eleito presidente da C\u00e2mara de Campinas para 2\u00ba bi\u00eanio - Rafa Zimbaldi<\/title>\n<meta name=\"robots\" content=\"index, follow, max-snippet:-1, max-image-preview:large, max-video-preview:-1\" \/>\n<link rel=\"canonical\" href=\"https:\/\/rafazimbaldi.com.br\/novo\/presidente-2\/\" \/>\n<meta property=\"og:locale\" content=\"pt_BR\" \/>\n<meta property=\"og:type\" content=\"article\" \/>\n<meta property=\"og:title\" content=\"Rafa Zimbaldi \u00e9 eleito presidente da C\u00e2mara de Campinas para 2\u00ba bi\u00eanio - Rafa Zimbaldi\" \/>\n<meta property=\"og:description\" content=\"O vereador Rafa Zimbaldi (PP) foi eleito presidente da C\u00e2mara de Campinas para o bi\u00eanio 2015\/2016. A elei\u00e7\u00e3o da nova Mesa Diretora ocorreu durante sess\u00e3o extraordin\u00e1ria na manh\u00e3 desta ter\u00e7a-feira (16), a \u00faltima do ano. L\u00edder do prefeito Jonas Donizette (PSB) na Casa, Zimbaldi recebeu 28 votos, contra tr\u00eas de Pedro Tourinho (PT) e um [&hellip;]\" \/>\n<meta property=\"og:url\" content=\"https:\/\/rafazimbaldi.com.br\/novo\/presidente-2\/\" \/>\n<meta property=\"og:site_name\" content=\"Rafa Zimbaldi\" \/>\n<meta property=\"article:published_time\" content=\"2015-10-31T17:15:38+00:00\" \/>\n<meta name=\"twitter:card\" content=\"summary_large_image\" \/>\n<meta name=\"twitter:label1\" content=\"Est. tempo de leitura\" \/>\n\t<meta name=\"twitter:data1\" content=\"1 minuto\" \/>\n<script type=\"application\/ld+json\" class=\"yoast-schema-graph\">{\"@context\":\"https:\/\/schema.org\",\"@graph\":[{\"@type\":\"WebSite\",\"@id\":\"https:\/\/rafazimbaldi.com.br\/novo\/#website\",\"url\":\"https:\/\/rafazimbaldi.com.br\/novo\/\",\"name\":\"Rafa Zimbaldi\",\"description\":\"Deputado Estadual \",\"potentialAction\":[{\"@type\":\"SearchAction\",\"target\":\"https:\/\/rafazimbaldi.com.br\/novo\/?s={search_term_string}\",\"query-input\":\"required name=search_term_string\"}],\"inLanguage\":\"pt-BR\"},{\"@type\":\"ImageObject\",\"@id\":\"https:\/\/rafazimbaldi.com.br\/novo\/presidente-2\/#primaryimage\",\"inLanguage\":\"pt-BR\",\"url\":\"\",\"contentUrl\":\"\"},{\"@type\":\"WebPage\",\"@id\":\"https:\/\/rafazimbaldi.com.br\/novo\/presidente-2\/#webpage\",\"url\":\"https:\/\/rafazimbaldi.com.br\/novo\/presidente-2\/\",\"name\":\"Rafa Zimbaldi \\u00e9 eleito presidente da C\\u00e2mara de Campinas para 2\\u00ba bi\\u00eanio - Rafa Zimbaldi\",\"isPartOf\":{\"@id\":\"https:\/\/rafazimbaldi.com.br\/novo\/#website\"},\"primaryImageOfPage\":{\"@id\":\"https:\/\/rafazimbaldi.com.br\/novo\/presidente-2\/#primaryimage\"},\"datePublished\":\"2015-10-31T17:15:38+00:00\",\"dateModified\":\"2015-10-31T17:15:38+00:00\",\"author\":{\"@id\":\"https:\/\/rafazimbaldi.com.br\/novo\/#\/schema\/person\/4e56a44c106beb5b266f5ad8f6cb4fdc\"},\"breadcrumb\":{\"@id\":\"https:\/\/rafazimbaldi.com.br\/novo\/presidente-2\/#breadcrumb\"},\"inLanguage\":\"pt-BR\",\"potentialAction\":[{\"@type\":\"ReadAction\",\"target\":[\"https:\/\/rafazimbaldi.com.br\/novo\/presidente-2\/\"]}]},{\"@type\":\"BreadcrumbList\",\"@id\":\"https:\/\/rafazimbaldi.com.br\/novo\/presidente-2\/#breadcrumb\",\"itemListElement\":[{\"@type\":\"ListItem\",\"position\":1,\"name\":\"In\\u00edcio\",\"item\":\"https:\/\/rafazimbaldi.com.br\/novo\/\"},{\"@type\":\"ListItem\",\"position\":2,\"name\":\"Rafa Zimbaldi \\u00e9 eleito presidente da C\\u00e2mara de Campinas para 2\\u00ba bi\\u00eanio\"}]},{\"@type\":\"Person\",\"@id\":\"https:\/\/rafazimbaldi.com.br\/novo\/#\/schema\/person\/4e56a44c106beb5b266f5ad8f6cb4fdc\",\"name\":\"Equipe Rafa Zimbaldi\",\"image\":{\"@type\":\"ImageObject\",\"@id\":\"https:\/\/rafazimbaldi.com.br\/novo\/#personlogo\",\"inLanguage\":\"pt-BR\",\"url\":\"https:\/\/secure.gravatar.com\/avatar\/2801ef563aa18df3a7cdfd19794cfeea?s=96&d=blank&r=g\",\"contentUrl\":\"https:\/\/secure.gravatar.com\/avatar\/2801ef563aa18df3a7cdfd19794cfeea?s=96&d=blank&r=g\",\"caption\":\"Equipe Rafa Zimbaldi\"},\"sameAs\":[\"http:\/\/rafazimbaldi.com.br\/novo\"],\"url\":\"https:\/\/rafazimbaldi.com.br\/novo\/author\/equiperz2018\/\"}]}<\/script>\n<!-- \/ Yoast SEO plugin. -->","_links":{"self":[{"href":"https:\/\/rafazimbaldi.com.br\/novo\/wp-json\/wp\/v2\/posts\/73"}],"collection":[{"href":"https:\/\/rafazimbaldi.com.br\/novo\/wp-json\/wp\/v2\/posts"}],"about":[{"href":"https:\/\/rafazimbaldi.com.br\/novo\/wp-json\/wp\/v2\/types\/post"}],"author":[{"embeddable":true,"href":"https:\/\/rafazimbaldi.com.br\/novo\/wp-json\/wp\/v2\/users\/2"}],"replies":[{"embeddable":true,"href":"https:\/\/rafazimbaldi.com.br\/novo\/wp-json\/wp\/v2\/comments?post=73"}],"version-history":[{"count":0,"href":"https:\/\/rafazimbaldi.com.br\/novo\/wp-json\/wp\/v2\/posts\/73\/revisions"}],"wp:featuredmedia":[{"embeddable":true,"href":"https:\/\/rafazimbaldi.com.br\/novo\/wp-json\/wp\/v2\/media\/66"}],"wp:attachment":[{"href":"https:\/\/rafazimbaldi.com.br\/novo\/wp-json\/wp\/v2\/media?parent=73"}],"wp:term":[{"taxonomy":"category","embeddable":true,"href":"https:\/\/rafazimbaldi.com.br\/novo\/wp-json\/wp\/v2\/categories?post=73"},{"taxonomy":"post_tag","embeddable":true,"href":"https:\/\/rafazimbaldi.com.br\/novo\/wp-json\/wp\/v2\/tags?post=73"}],"curies":[{"name":"wp","href":"https:\/\/api.w.org\/{rel}","templated":true}]}}