{"id":74,"date":"2015-10-31T16:44:22","date_gmt":"2015-10-31T18:44:22","guid":{"rendered":"http:\/\/www.rafazimbaldi.com\/?p=67"},"modified":"2015-10-31T16:44:22","modified_gmt":"2015-10-31T18:44:22","slug":"rafa-reduz-o-numero-de-cargos-comissionados-do-legislativo","status":"publish","type":"post","link":"https:\/\/rafazimbaldi.com.br\/novo\/rafa-reduz-o-numero-de-cargos-comissionados-do-legislativo\/","title":{"rendered":"Rafa reduz o n\u00famero de cargos comissionados do Legislativo"},"content":{"rendered":"<p>Neste primeiro ano como presidente da Casa, Rafa prop\u00f4s mudan\u00e7a no regimento interno aprovada pelos vereadores que reduziu j\u00e1 no ano de 2015 em 1181 o n\u00famero de cargos comissionados do Legislativo previstos por lei de 2004 (de 1749  para 568) e, a partir de 2017, uma nova redu\u00e7\u00e3o: cada gabinete, que tem at\u00e9 15 assessores, passar\u00e1 a ter no m\u00e1ximo dez.<\/p>\n","protected":false},"excerpt":{"rendered":"<p>Neste primeiro ano como presidente da Casa, Rafa prop\u00f4s mudan\u00e7a no regimento interno aprovada pelos vereadores que reduziu j\u00e1 no ano de 2015 em 1181 o n\u00famero de cargos comissionados do Legislativo previstos por lei de 2004 (de 1749 para 568) e, a partir de 2017, uma nova redu\u00e7\u00e3o: cada gabinete, que tem at\u00e9 15 [&hellip;]<\/p>\n","protected":false},"author":2,"featured_media":68,"comment_status":"open","ping_status":"open","sticky":false,"template":"","format":"standard","meta":{"_monsterinsights_skip_tracking":false,"_monsterinsights_sitenote_active":false,"_monsterinsights_sitenote_note":"","_monsterinsights_sitenote_category":0},"categories":[1,3],"tags":[],"yoast_head":"<!-- This site is optimized with the Yoast SEO plugin v16.5 - https:\/\/yoast.com\/wordpress\/plugins\/seo\/ -->\n<title>Rafa reduz o n\u00famero de cargos comissionados do Legislativo - Rafa Zimbaldi<\/title>\n<meta name=\"robots\" content=\"index, follow, max-snippet:-1, max-image-preview:large, max-video-preview:-1\" \/>\n<link rel=\"canonical\" href=\"https:\/\/rafazimbaldi.com.br\/novo\/rafa-reduz-o-numero-de-cargos-comissionados-do-legislativo\/\" \/>\n<meta property=\"og:locale\" content=\"pt_BR\" \/>\n<meta property=\"og:type\" content=\"article\" \/>\n<meta property=\"og:title\" content=\"Rafa reduz o n\u00famero de cargos comissionados do Legislativo - Rafa Zimbaldi\" \/>\n<meta property=\"og:description\" content=\"Neste primeiro ano como presidente da Casa, Rafa prop\u00f4s mudan\u00e7a no regimento interno aprovada pelos vereadores que reduziu j\u00e1 no ano de 2015 em 1181 o n\u00famero de cargos comissionados do Legislativo previstos por lei de 2004 (de 1749 para 568) e, a partir de 2017, uma nova redu\u00e7\u00e3o: cada gabinete, que tem at\u00e9 15 [&hellip;]\" \/>\n<meta property=\"og:url\" content=\"https:\/\/rafazimbaldi.com.br\/novo\/rafa-reduz-o-numero-de-cargos-comissionados-do-legislativo\/\" \/>\n<meta property=\"og:site_name\" content=\"Rafa Zimbaldi\" \/>\n<meta property=\"article:published_time\" content=\"2015-10-31T18:44:22+00:00\" \/>\n<meta name=\"twitter:card\" content=\"summary_large_image\" \/>\n<script type=\"application\/ld+json\" class=\"yoast-schema-graph\">{\"@context\":\"https:\/\/schema.org\",\"@graph\":[{\"@type\":\"WebSite\",\"@id\":\"https:\/\/rafazimbaldi.com.br\/novo\/#website\",\"url\":\"https:\/\/rafazimbaldi.com.br\/novo\/\",\"name\":\"Rafa Zimbaldi\",\"description\":\"Deputado Estadual \",\"potentialAction\":[{\"@type\":\"SearchAction\",\"target\":\"https:\/\/rafazimbaldi.com.br\/novo\/?s={search_term_string}\",\"query-input\":\"required name=search_term_string\"}],\"inLanguage\":\"pt-BR\"},{\"@type\":\"ImageObject\",\"@id\":\"https:\/\/rafazimbaldi.com.br\/novo\/rafa-reduz-o-numero-de-cargos-comissionados-do-legislativo\/#primaryimage\",\"inLanguage\":\"pt-BR\",\"url\":\"\",\"contentUrl\":\"\"},{\"@type\":\"WebPage\",\"@id\":\"https:\/\/rafazimbaldi.com.br\/novo\/rafa-reduz-o-numero-de-cargos-comissionados-do-legislativo\/#webpage\",\"url\":\"https:\/\/rafazimbaldi.com.br\/novo\/rafa-reduz-o-numero-de-cargos-comissionados-do-legislativo\/\",\"name\":\"Rafa reduz o n\\u00famero de cargos comissionados do Legislativo - Rafa Zimbaldi\",\"isPartOf\":{\"@id\":\"https:\/\/rafazimbaldi.com.br\/novo\/#website\"},\"primaryImageOfPage\":{\"@id\":\"https:\/\/rafazimbaldi.com.br\/novo\/rafa-reduz-o-numero-de-cargos-comissionados-do-legislativo\/#primaryimage\"},\"datePublished\":\"2015-10-31T18:44:22+00:00\",\"dateModified\":\"2015-10-31T18:44:22+00:00\",\"author\":{\"@id\":\"https:\/\/rafazimbaldi.com.br\/novo\/#\/schema\/person\/4e56a44c106beb5b266f5ad8f6cb4fdc\"},\"breadcrumb\":{\"@id\":\"https:\/\/rafazimbaldi.com.br\/novo\/rafa-reduz-o-numero-de-cargos-comissionados-do-legislativo\/#breadcrumb\"},\"inLanguage\":\"pt-BR\",\"potentialAction\":[{\"@type\":\"ReadAction\",\"target\":[\"https:\/\/rafazimbaldi.com.br\/novo\/rafa-reduz-o-numero-de-cargos-comissionados-do-legislativo\/\"]}]},{\"@type\":\"BreadcrumbList\",\"@id\":\"https:\/\/rafazimbaldi.com.br\/novo\/rafa-reduz-o-numero-de-cargos-comissionados-do-legislativo\/#breadcrumb\",\"itemListElement\":[{\"@type\":\"ListItem\",\"position\":1,\"name\":\"In\\u00edcio\",\"item\":\"https:\/\/rafazimbaldi.com.br\/novo\/\"},{\"@type\":\"ListItem\",\"position\":2,\"name\":\"Rafa reduz o n\\u00famero de cargos comissionados do Legislativo\"}]},{\"@type\":\"Person\",\"@id\":\"https:\/\/rafazimbaldi.com.br\/novo\/#\/schema\/person\/4e56a44c106beb5b266f5ad8f6cb4fdc\",\"name\":\"Equipe Rafa Zimbaldi\",\"image\":{\"@type\":\"ImageObject\",\"@id\":\"https:\/\/rafazimbaldi.com.br\/novo\/#personlogo\",\"inLanguage\":\"pt-BR\",\"url\":\"https:\/\/secure.gravatar.com\/avatar\/2801ef563aa18df3a7cdfd19794cfeea?s=96&d=blank&r=g\",\"contentUrl\":\"https:\/\/secure.gravatar.com\/avatar\/2801ef563aa18df3a7cdfd19794cfeea?s=96&d=blank&r=g\",\"caption\":\"Equipe Rafa Zimbaldi\"},\"sameAs\":[\"http:\/\/rafazimbaldi.com.br\/novo\"],\"url\":\"https:\/\/rafazimbaldi.com.br\/novo\/author\/equiperz2018\/\"}]}<\/script>\n<!-- \/ Yoast SEO plugin. -->","_links":{"self":[{"href":"https:\/\/rafazimbaldi.com.br\/novo\/wp-json\/wp\/v2\/posts\/74"}],"collection":[{"href":"https:\/\/rafazimbaldi.com.br\/novo\/wp-json\/wp\/v2\/posts"}],"about":[{"href":"https:\/\/rafazimbaldi.com.br\/novo\/wp-json\/wp\/v2\/types\/post"}],"author":[{"embeddable":true,"href":"https:\/\/rafazimbaldi.com.br\/novo\/wp-json\/wp\/v2\/users\/2"}],"replies":[{"embeddable":true,"href":"https:\/\/rafazimbaldi.com.br\/novo\/wp-json\/wp\/v2\/comments?post=74"}],"version-history":[{"count":0,"href":"https:\/\/rafazimbaldi.com.br\/novo\/wp-json\/wp\/v2\/posts\/74\/revisions"}],"wp:featuredmedia":[{"embeddable":true,"href":"https:\/\/rafazimbaldi.com.br\/novo\/wp-json\/wp\/v2\/media\/68"}],"wp:attachment":[{"href":"https:\/\/rafazimbaldi.com.br\/novo\/wp-json\/wp\/v2\/media?parent=74"}],"wp:term":[{"taxonomy":"category","embeddable":true,"href":"https:\/\/rafazimbaldi.com.br\/novo\/wp-json\/wp\/v2\/categories?post=74"},{"taxonomy":"post_tag","embeddable":true,"href":"https:\/\/rafazimbaldi.com.br\/novo\/wp-json\/wp\/v2\/tags?post=74"}],"curies":[{"name":"wp","href":"https:\/\/api.w.org\/{rel}","templated":true}]}}