{"id":84,"date":"2015-11-02T13:36:46","date_gmt":"2015-11-02T15:36:46","guid":{"rendered":"http:\/\/www.rafazimbaldi.com\/?p=84"},"modified":"2015-11-02T13:36:46","modified_gmt":"2015-11-02T15:36:46","slug":"em-virtude-do-dia-do-funcionario-publico-e-do-feriado-de-finados-camara-ficara-fechada-e-reabrira-apenas-na-terca-3","status":"publish","type":"post","link":"https:\/\/rafazimbaldi.com.br\/novo\/em-virtude-do-dia-do-funcionario-publico-e-do-feriado-de-finados-camara-ficara-fechada-e-reabrira-apenas-na-terca-3\/","title":{"rendered":"Em virtude do Dia do Funcion\u00e1rio P\u00fablico e do feriado de Finados, C\u00e2mara ficar\u00e1 fechada e reabrir\u00e1 apenas na ter\u00e7a (3)"},"content":{"rendered":"<p>A C\u00e2mara Municipal de Campinas permanecer\u00e1 fechada de sexta-feira (30) a segunda (2). O expediente foi suspenso nesta sexta em virtude do Dia do Funcion\u00e1rio P\u00fablico, comemorado em 28 de outubro nas esferas municipal, estadual e federal (e que teve a suspens\u00e3o de expediente transferida para sexta de modo a n\u00e3o interromper os trabalhos no meio de semana e a sess\u00e3o de quarta). J\u00e1 na segunda-feira n\u00e3o haver\u00e1 atendimento em virtude do feriado nacional de Finados.<\/p>\n<p>Apesar de o pr\u00e9dio do Legislativo n\u00e3o abrir as portas ao p\u00fablico nestas datas, os vereadores podem atender normalmente aos compromissos externos estabelecidos por eles e seus gabinetes.  Confira abaixo, conforme publica\u00e7\u00e3o no Di\u00e1rio Oficial de 19 de janeiro de 2015, as datas e feriados ainda por vir neste ano em que &#8211; de acordo com a legisla\u00e7\u00e3o federal, estadual e municipal vigentes &#8211; n\u00e3o h\u00e1 expediente na C\u00e2mara. <\/p>\n<p>Feriados Nacionais em 2015:<\/p>\n<p>15 de novembro, domingo, Proclama\u00e7\u00e3o da Rep\u00fablica;<br \/>\n25 de dezembro, sexta-feira, Natal. <\/p>\n<p>Feriados Municipais em 2015:<\/p>\n<p>20 de novembro, sexta-feira, dia da Consci\u00eancia Negra, conforme Lei Municipal n\u00ba 11.128 de 14 de janeiro de 2002;<br \/>\n8 de dezembro, ter\u00e7a-feira, Nossa Senhora da Concei\u00e7\u00e3o &#8211; Padroeira de Campinas, conforme Lei Municipal n\u00ba 173 de 28 de junho de 1949. <\/p>\n<p>Suspens\u00e3o de expediente do legislativo, no exerc\u00edcio de 2015, nos dias abaixo relacionados:<\/p>\n<p>7 de dezembro, segunda-feira, dia anterior ao feriado de Nossa Senhora da Concei\u00e7\u00e3o &#8211; Padroeira de Campinas;<br \/>\n24 de dezembro, quinta-feira, v\u00e9spera de Natal;<br \/>\n31 de dezembro, quinta-feira, v\u00e9spera de Ano Novo.<\/p>\n<p>Texto e foto: Assessoria de Comunica\u00e7\u00e3o da C\u00e2mara Municipal de Campinas<\/p>\n<p>Publicada em 29\/10\/2015 18h17<\/p>\n","protected":false},"excerpt":{"rendered":"<p>A C\u00e2mara Municipal de Campinas permanecer\u00e1 fechada de sexta-feira (30) a segunda (2). O expediente foi suspenso nesta sexta em virtude do Dia do Funcion\u00e1rio P\u00fablico, comemorado em 28 de outubro nas esferas municipal, estadual e federal (e que teve a suspens\u00e3o de expediente transferida para sexta de modo a n\u00e3o interromper os trabalhos no [&hellip;]<\/p>\n","protected":false},"author":2,"featured_media":85,"comment_status":"open","ping_status":"open","sticky":false,"template":"","format":"image","meta":{"_monsterinsights_skip_tracking":false,"_monsterinsights_sitenote_active":false,"_monsterinsights_sitenote_note":"","_monsterinsights_sitenote_category":0},"categories":[1],"tags":[],"yoast_head":"<!-- This site is optimized with the Yoast SEO plugin v16.5 - https:\/\/yoast.com\/wordpress\/plugins\/seo\/ -->\n<title>Em virtude do Dia do Funcion\u00e1rio P\u00fablico e do feriado de Finados, C\u00e2mara ficar\u00e1 fechada e reabrir\u00e1 apenas na ter\u00e7a (3) - Rafa Zimbaldi<\/title>\n<meta name=\"robots\" content=\"index, follow, max-snippet:-1, max-image-preview:large, max-video-preview:-1\" \/>\n<link rel=\"canonical\" href=\"https:\/\/rafazimbaldi.com.br\/novo\/em-virtude-do-dia-do-funcionario-publico-e-do-feriado-de-finados-camara-ficara-fechada-e-reabrira-apenas-na-terca-3\/\" \/>\n<meta property=\"og:locale\" content=\"pt_BR\" \/>\n<meta property=\"og:type\" content=\"article\" \/>\n<meta property=\"og:title\" content=\"Em virtude do Dia do Funcion\u00e1rio P\u00fablico e do feriado de Finados, C\u00e2mara ficar\u00e1 fechada e reabrir\u00e1 apenas na ter\u00e7a (3) - Rafa Zimbaldi\" \/>\n<meta property=\"og:description\" content=\"A C\u00e2mara Municipal de Campinas permanecer\u00e1 fechada de sexta-feira (30) a segunda (2). O expediente foi suspenso nesta sexta em virtude do Dia do Funcion\u00e1rio P\u00fablico, comemorado em 28 de outubro nas esferas municipal, estadual e federal (e que teve a suspens\u00e3o de expediente transferida para sexta de modo a n\u00e3o interromper os trabalhos no [&hellip;]\" \/>\n<meta property=\"og:url\" content=\"https:\/\/rafazimbaldi.com.br\/novo\/em-virtude-do-dia-do-funcionario-publico-e-do-feriado-de-finados-camara-ficara-fechada-e-reabrira-apenas-na-terca-3\/\" \/>\n<meta property=\"og:site_name\" content=\"Rafa Zimbaldi\" \/>\n<meta property=\"article:published_time\" content=\"2015-11-02T15:36:46+00:00\" \/>\n<meta property=\"og:image\" content=\"https:\/\/rafazimbaldi.com.br\/novo\/wp-content\/uploads\/2015\/11\/cmc.jpg\" \/>\n\t<meta property=\"og:image:width\" content=\"800\" \/>\n\t<meta property=\"og:image:height\" content=\"533\" \/>\n<meta name=\"twitter:card\" content=\"summary_large_image\" \/>\n<meta name=\"twitter:label1\" content=\"Est. tempo de leitura\" \/>\n\t<meta name=\"twitter:data1\" content=\"1 minuto\" \/>\n<script type=\"application\/ld+json\" class=\"yoast-schema-graph\">{\"@context\":\"https:\/\/schema.org\",\"@graph\":[{\"@type\":\"WebSite\",\"@id\":\"https:\/\/rafazimbaldi.com.br\/novo\/#website\",\"url\":\"https:\/\/rafazimbaldi.com.br\/novo\/\",\"name\":\"Rafa Zimbaldi\",\"description\":\"Deputado Estadual \",\"potentialAction\":[{\"@type\":\"SearchAction\",\"target\":\"https:\/\/rafazimbaldi.com.br\/novo\/?s={search_term_string}\",\"query-input\":\"required name=search_term_string\"}],\"inLanguage\":\"pt-BR\"},{\"@type\":\"ImageObject\",\"@id\":\"https:\/\/rafazimbaldi.com.br\/novo\/em-virtude-do-dia-do-funcionario-publico-e-do-feriado-de-finados-camara-ficara-fechada-e-reabrira-apenas-na-terca-3\/#primaryimage\",\"inLanguage\":\"pt-BR\",\"url\":\"https:\/\/rafazimbaldi.com.br\/novo\/wp-content\/uploads\/2015\/11\/cmc.jpg\",\"contentUrl\":\"https:\/\/rafazimbaldi.com.br\/novo\/wp-content\/uploads\/2015\/11\/cmc.jpg\",\"width\":800,\"height\":533},{\"@type\":\"WebPage\",\"@id\":\"https:\/\/rafazimbaldi.com.br\/novo\/em-virtude-do-dia-do-funcionario-publico-e-do-feriado-de-finados-camara-ficara-fechada-e-reabrira-apenas-na-terca-3\/#webpage\",\"url\":\"https:\/\/rafazimbaldi.com.br\/novo\/em-virtude-do-dia-do-funcionario-publico-e-do-feriado-de-finados-camara-ficara-fechada-e-reabrira-apenas-na-terca-3\/\",\"name\":\"Em virtude do Dia do Funcion\\u00e1rio P\\u00fablico e do feriado de Finados, C\\u00e2mara ficar\\u00e1 fechada e reabrir\\u00e1 apenas na ter\\u00e7a (3) - Rafa Zimbaldi\",\"isPartOf\":{\"@id\":\"https:\/\/rafazimbaldi.com.br\/novo\/#website\"},\"primaryImageOfPage\":{\"@id\":\"https:\/\/rafazimbaldi.com.br\/novo\/em-virtude-do-dia-do-funcionario-publico-e-do-feriado-de-finados-camara-ficara-fechada-e-reabrira-apenas-na-terca-3\/#primaryimage\"},\"datePublished\":\"2015-11-02T15:36:46+00:00\",\"dateModified\":\"2015-11-02T15:36:46+00:00\",\"author\":{\"@id\":\"https:\/\/rafazimbaldi.com.br\/novo\/#\/schema\/person\/4e56a44c106beb5b266f5ad8f6cb4fdc\"},\"breadcrumb\":{\"@id\":\"https:\/\/rafazimbaldi.com.br\/novo\/em-virtude-do-dia-do-funcionario-publico-e-do-feriado-de-finados-camara-ficara-fechada-e-reabrira-apenas-na-terca-3\/#breadcrumb\"},\"inLanguage\":\"pt-BR\",\"potentialAction\":[{\"@type\":\"ReadAction\",\"target\":[\"https:\/\/rafazimbaldi.com.br\/novo\/em-virtude-do-dia-do-funcionario-publico-e-do-feriado-de-finados-camara-ficara-fechada-e-reabrira-apenas-na-terca-3\/\"]}]},{\"@type\":\"BreadcrumbList\",\"@id\":\"https:\/\/rafazimbaldi.com.br\/novo\/em-virtude-do-dia-do-funcionario-publico-e-do-feriado-de-finados-camara-ficara-fechada-e-reabrira-apenas-na-terca-3\/#breadcrumb\",\"itemListElement\":[{\"@type\":\"ListItem\",\"position\":1,\"name\":\"In\\u00edcio\",\"item\":\"https:\/\/rafazimbaldi.com.br\/novo\/\"},{\"@type\":\"ListItem\",\"position\":2,\"name\":\"Em virtude do Dia do Funcion\\u00e1rio P\\u00fablico e do feriado de Finados, C\\u00e2mara ficar\\u00e1 fechada e reabrir\\u00e1 apenas na ter\\u00e7a (3)\"}]},{\"@type\":\"Person\",\"@id\":\"https:\/\/rafazimbaldi.com.br\/novo\/#\/schema\/person\/4e56a44c106beb5b266f5ad8f6cb4fdc\",\"name\":\"Equipe Rafa Zimbaldi\",\"image\":{\"@type\":\"ImageObject\",\"@id\":\"https:\/\/rafazimbaldi.com.br\/novo\/#personlogo\",\"inLanguage\":\"pt-BR\",\"url\":\"https:\/\/secure.gravatar.com\/avatar\/2801ef563aa18df3a7cdfd19794cfeea?s=96&d=blank&r=g\",\"contentUrl\":\"https:\/\/secure.gravatar.com\/avatar\/2801ef563aa18df3a7cdfd19794cfeea?s=96&d=blank&r=g\",\"caption\":\"Equipe Rafa Zimbaldi\"},\"sameAs\":[\"http:\/\/rafazimbaldi.com.br\/novo\"],\"url\":\"https:\/\/rafazimbaldi.com.br\/novo\/author\/equiperz2018\/\"}]}<\/script>\n<!-- \/ Yoast SEO plugin. -->","_links":{"self":[{"href":"https:\/\/rafazimbaldi.com.br\/novo\/wp-json\/wp\/v2\/posts\/84"}],"collection":[{"href":"https:\/\/rafazimbaldi.com.br\/novo\/wp-json\/wp\/v2\/posts"}],"about":[{"href":"https:\/\/rafazimbaldi.com.br\/novo\/wp-json\/wp\/v2\/types\/post"}],"author":[{"embeddable":true,"href":"https:\/\/rafazimbaldi.com.br\/novo\/wp-json\/wp\/v2\/users\/2"}],"replies":[{"embeddable":true,"href":"https:\/\/rafazimbaldi.com.br\/novo\/wp-json\/wp\/v2\/comments?post=84"}],"version-history":[{"count":0,"href":"https:\/\/rafazimbaldi.com.br\/novo\/wp-json\/wp\/v2\/posts\/84\/revisions"}],"wp:featuredmedia":[{"embeddable":true,"href":"https:\/\/rafazimbaldi.com.br\/novo\/wp-json\/wp\/v2\/media\/85"}],"wp:attachment":[{"href":"https:\/\/rafazimbaldi.com.br\/novo\/wp-json\/wp\/v2\/media?parent=84"}],"wp:term":[{"taxonomy":"category","embeddable":true,"href":"https:\/\/rafazimbaldi.com.br\/novo\/wp-json\/wp\/v2\/categories?post=84"},{"taxonomy":"post_tag","embeddable":true,"href":"https:\/\/rafazimbaldi.com.br\/novo\/wp-json\/wp\/v2\/tags?post=84"}],"curies":[{"name":"wp","href":"https:\/\/api.w.org\/{rel}","templated":true}]}}